{"id":429503,"date":"2025-09-30T21:02:24","date_gmt":"2025-09-30T21:02:24","guid":{"rendered":"https:\/\/www.europesays.com\/fr\/429503\/"},"modified":"2025-09-30T21:02:24","modified_gmt":"2025-09-30T21:02:24","slug":"en-2026-cette-commune-accueillera-les-champions-mondiaux-de-sculptures-a-la-tronconneuse","status":"publish","type":"post","link":"https:\/\/www.europesays.com\/fr\/429503\/","title":{"rendered":"en 2026, cette commune accueillera les champions mondiaux de sculptures \u00e0 la tron\u00e7onneuse"},"content":{"rendered":"<p>            Par<br \/>\n        <strong><br \/>\n            <a href=\"https:\/\/actu.fr\/auteur\/journaliste-ln\" title=\"Consulter tous les articles de R\u00e9daction Sabl\u00e9\" rel=\"nofollow noopener\" target=\"_blank\">R\u00e9daction Sabl\u00e9<\/a><br \/>\n        <\/strong><\/p>\n<p>        Publi\u00e9 le<\/p>\n<p>            30 sept. 2025 \u00e0 9h31        <\/p>\n<p>A <b>Br\u00fblon<\/b> (<a href=\"https:\/\/actu.fr\/pays-de-la-loire\/sarthe_72\" rel=\"nofollow noopener\" target=\"_blank\">Sarthe)<\/a>, le comice s\u2019est termin\u00e9 comme il avait commenc\u00e9, sous le soleil\u2009! Un comice qui a tenu toutes ses promesses et a connu une tr\u00e8s belle affluence au vu des plus de <b>2\u2009200 repas servis <\/b>et des<b> parkings bien remplis<\/b>.<\/p>\n<p class=\" wall-content\">Le comice, c\u2019est d\u2019abord l\u2019exposition des animaux en moins grand nombre que les autres ann\u00e9es, pour des raisons sanitaires, seulement une centaine, mais<b> Benjamin Genot<\/b>, le pr\u00e9sident du comice assure\u2009: \u00ab\u2009On pense aux \u00e9leveurs qui ne sont pas l\u00e0 et on les invite pour l\u2019ann\u00e9e prochaine\u2009!\u2009\u00bb<\/p>\n<p>\u00ab\u2009Un tr\u00e8s beau comice\u2009\u00bb<\/p>\n<p class=\" wall-content\">De tr\u00e8s nombreux commer\u00e7ants et artisans \u00e9taient pr\u00e9sents pendant les deux jours. Dimanche toute la journ\u00e9e, le <b>bric-\u00e0-brac<\/b>, install\u00e9<b> avenue Andr\u00e9-Mary<\/b>, a accueilli de nombreux exposants et de nombreux visiteurs. Quelques voitures anciennes et une trentaine de voitures d\u2019exception du <b>Club Auto Passion 72<\/b> ont attir\u00e9 tous les regards, <b>Porsche<\/b>, <b>Alpine<\/b>, <b>Maserati<\/b> et autres <b>Corvette<\/b>\u2009!<\/p>\n<p>    <img   decoding=\"async\" loading=\"lazy\" class=\"size-large\" src=\"https:\/\/www.europesays.com\/fr\/wp-content\/uploads\/2025\/09\/f2094de48bd86e6094de48bd8ca094v-960x622.jpg\" alt=\"Des voitures d'exception \u00e9taient pr\u00e9sentes ce week-end \u00e0 Br\u00fblon.\" width=\"960\" height=\"622\"\/><br \/>\n    Des voitures d\u2019exception \u00e9taient pr\u00e9sentes ce week-end \u00e0 Br\u00fblon. \u00a9Les Nouvelles de Sabl\u00e9<\/p>\n<p class=\" wall-content\">Les spectacles \u00e9questres, voltiges, cascades, de Caval Production ont \u00e9t\u00e9 tr\u00e8s applaudis lors des six repr\u00e9sentations sur les deux jours. Et bien s\u00fbr, la restauration, le march\u00e9 des producteurs le dimanche matin, la <b>f\u00eate foraine<\/b>, <b>guinguette<\/b>, <b>barbecue<\/b> et le<b> feu d\u2019artifice<\/b> du samedi soir, ont compl\u00e9t\u00e9 cette manifestation r\u00e9ussie\u2009!<\/p>\n<p class=\" wall-content\">R\u00e9ussie et possible gr\u00e2ce \u00e0 la centaine de b\u00e9n\u00e9voles et une excellente organisation\u2009!<\/p>\n<p>Vid\u00e9os : en ce moment sur Actu<\/p>\n<p class=\" wall-content\">\u00ab\u2009C\u2019\u00e9tait un tr\u00e8s beau comice\u2009\u00bb, se r\u00e9jouit le pr\u00e9sident.<\/p>\n<p>    <img   decoding=\"async\" loading=\"lazy\" class=\"size-large\" src=\"https:\/\/www.europesays.com\/fr\/wp-content\/uploads\/2025\/09\/fafeea948bd866ffeea948bd8530fev-960x640.jpg\" alt=\"Des spectacles \u00e9questres \u00e9taient propos\u00e9s durant le comice.\" width=\"960\" height=\"640\"\/><br \/>\n    Des spectacles \u00e9questres \u00e9taient propos\u00e9s durant le comice. \u00a9Les Nouvelles de Sabl\u00e9<\/p>\n<p>Votre r\u00e9gion, votre actu !<\/p>\n<p>Recevez chaque jour les infos qui comptent pour vous.<\/p>\n<p>\t<a href=\"https:\/\/actu.fr\/newsletter\" class=\"ac-btn ac-btn--corner ac-btn--medium ac-btn--blue800\" rel=\"nofollow noopener\" target=\"_blank\">S&rsquo;incrire<\/a><br \/>\nL\u2019open international de sculptures \u00e0 la tron\u00e7onneuse \u00e0 Br\u00fblon en 2026<\/p>\n<p class=\" wall-content\">Tous les officiels ont parcouru les all\u00e9es du comice avant de poser pour la photo sous le panneau reprenant l\u2019annonce du pr\u00e9sident\u2009: \u00ab\u2009l\u2019an prochain, nous accueillerons l\u2019open international de sculptures \u00e0 la tron\u00e7onneuse\u2009\u00bb.<\/p>\n<p class=\" wall-content\"><a href=\"https:\/\/actu.fr\/pays-de-la-loire\/brulon_72050\/video-sarthe-retour-en-images-sur-le-championnat-de-france-de-sculptures-a-la-tronconneuse_61641772.html\" rel=\"nofollow noopener\" target=\"_blank\">Apr\u00e8s le succ\u00e8s du championnat de France organis\u00e9 pendant le comice 2024<\/a>, l\u2019a<b>ssociation des Sculpteurs sur Tron\u00e7onneuse de France <\/b>a d\u00e9pos\u00e9 un dossier pour organiser une comp\u00e9tition d\u2019envergure internationale, cette fois. Toujours avec l\u2019appui de l\u2019association du comice du pays de Br\u00fblon.<\/p>\n<p class=\" wall-content\">\u00ab\u2009Aujourd\u2019hui, la pr\u00e9sence de <b>11 nationalit\u00e9s<\/b> et <b>30 sculpteurs<\/b> est d\u00e9j\u00e0 valid\u00e9e. On n\u2019a jamais eu une manifestation de cette \u00e9chelle-l\u00e0 en France et m\u00eame en Europe\u2009\u00bb, d\u00e9taille Benjamin Genot. Accueillir un tel \u00e9v\u00e9nement \u00ab\u2009C\u2019est une r\u00e9compense pour toutes les personnes qui travaillent de pr\u00e8s ou de loin \u00e0 l\u2019organisation du comice depuis 190 ans\u2009\u00bb.<\/p>\n<p>Un comice d\u2019une autre dimension<\/p>\n<p class=\" wall-content\">Outre l\u2019accueil de cette manifestation d\u2019ampleur internationale, le comice va prendre une autre dimension l\u2019ann\u00e9e prochaine. \u00ab\u2009Outre la comp\u00e9tition, il y aura la f\u00eate foraine et le comice. On va doubler le nombre d\u2019exposants.\u2009\u00bb<\/p>\n<p class=\" wall-content\">Si le comice continuera \u00e0 s\u2019appuyer sur les artisans locaux, pour l\u2019\u00e9dition 2026 : \u00ab\u2009on va ouvrir les portes \u00e0 tout le territoire de LBN\u2009\u00bb, annonce le pr\u00e9sident. Alors que cette ann\u00e9e <b>10\u2009000 visiteurs<\/b> ont \u00e9t\u00e9 accueillis sur le site, Benjamin Genot attend le double l\u2019ann\u00e9e prochaine.<\/p>\n<p class=\" wall-content\">Avec un tel programme pour 2026, le budget du comice devrait \u00eatre autour de <b>200\u2009000\u00a0euros<\/b>. Alors pour rassembler les fonds n\u00e9cessaires, Benjamin Genot s\u2019est d\u00e9j\u00e0 mis en qu\u00eate de partenaires suppl\u00e9mentaires.<\/p>\n<p>Prochains rendez-vous\u2009: remise des prix samedi 11\u00a0octobre 20h30 repas dansant avec marmite sarthoise (20\u00a0\u20ac) enfant 12\u00a0\u20ac, r\u00e9servations au 06\u200975\u200981\u200974\u200923.\u00a0Loto les 2\u00a0novembre et 15\u00a0mars.<\/p>\n<p class=\" wall-content\">Personnalisez votre actualit\u00e9 en ajoutant vos villes et m\u00e9dias en favori avec <a href=\"https:\/\/moncompte.actu.fr\" title=\"D\u00e9couvez Mon Actu\" rel=\"nofollow noopener\" data-trk=\"{&quot;cta&quot;:{&quot;action&quot;:&quot;https:\\\/\\\/moncompte.actu.fr&quot;,&quot;category&quot;:&quot;mon compte&quot;,&quot;from&quot;:&quot;article footer&quot;,&quot;name&quot;:&quot;Mon actu&quot;,&quot;type&quot;:&quot;cta&quot;}}\" target=\"_blank\">Mon Actu<\/a>.<\/p>\n","protected":false},"excerpt":{"rendered":"Par R\u00e9daction Sabl\u00e9 Publi\u00e9 le 30 sept. 2025 \u00e0 9h31 A Br\u00fblon (Sarthe), le comice s\u2019est termin\u00e9 comme&hellip;\n","protected":false},"author":2,"featured_media":429504,"comment_status":"","ping_status":"","sticky":false,"template":"","format":"standard","meta":{"footnotes":""},"categories":[1358],"tags":[1348,1384,1385,1386,58,59,1011,27,104],"class_list":{"0":"post-429503","1":"post","2":"type-post","3":"status-publish","4":"format-standard","5":"has-post-thumbnail","7":"category-arts-et-design","8":"tag-arts","9":"tag-arts-and-design","10":"tag-arts-et-design","11":"tag-design","12":"tag-divertissement","13":"tag-entertainment","14":"tag-fr","15":"tag-france","16":"tag-societe"},"share_on_mastodon":{"url":"https:\/\/pubeurope.com\/@fr\/115295273235055184","error":""},"_links":{"self":[{"href":"https:\/\/www.europesays.com\/fr\/wp-json\/wp\/v2\/posts\/429503","targetHints":{"allow":["GET"]}}],"collection":[{"href":"https:\/\/www.europesays.com\/fr\/wp-json\/wp\/v2\/posts"}],"about":[{"href":"https:\/\/www.europesays.com\/fr\/wp-json\/wp\/v2\/types\/post"}],"author":[{"embeddable":true,"href":"https:\/\/www.europesays.com\/fr\/wp-json\/wp\/v2\/users\/2"}],"replies":[{"embeddable":true,"href":"https:\/\/www.europesays.com\/fr\/wp-json\/wp\/v2\/comments?post=429503"}],"version-history":[{"count":0,"href":"https:\/\/www.europesays.com\/fr\/wp-json\/wp\/v2\/posts\/429503\/revisions"}],"wp:featuredmedia":[{"embeddable":true,"href":"https:\/\/www.europesays.com\/fr\/wp-json\/wp\/v2\/media\/429504"}],"wp:attachment":[{"href":"https:\/\/www.europesays.com\/fr\/wp-json\/wp\/v2\/media?parent=429503"}],"wp:term":[{"taxonomy":"category","embeddable":true,"href":"https:\/\/www.europesays.com\/fr\/wp-json\/wp\/v2\/categories?post=429503"},{"taxonomy":"post_tag","embeddable":true,"href":"https:\/\/www.europesays.com\/fr\/wp-json\/wp\/v2\/tags?post=429503"}],"curies":[{"name":"wp","href":"https:\/\/api.w.org\/{rel}","templated":true}]}}