{"id":429505,"date":"2025-09-30T21:03:12","date_gmt":"2025-09-30T21:03:12","guid":{"rendered":"https:\/\/www.europesays.com\/fr\/429505\/"},"modified":"2025-09-30T21:03:12","modified_gmt":"2025-09-30T21:03:12","slug":"rencontre-avec-valentin-pringuay-auteur-de-refaire-le-monde-avec-jane-goodall","status":"publish","type":"post","link":"https:\/\/www.europesays.com\/fr\/429505\/","title":{"rendered":"Rencontre avec Valentin Pringuay, auteur de \u00ab\u00a0Refaire le monde avec Jane Goodall\u00a0\u00bb"},"content":{"rendered":"<p>&#13;<\/p>\n<p><img loading=\"lazy\" decoding=\"async\" class=\"zoom\" style=\"float: right; margin-bottom: 20px; margin-left: 20px;\" title=\"LIVRE Refaire le monde avec Jane Goodall\" src=\"https:\/\/www.europesays.com\/fr\/wp-content\/uploads\/2025\/09\/Refaire-le-monde-avec-Jane-Goodall.jpg\" alt=\"LIVRE Refaire le monde avec Jane Goodall\" width=\"320\" height=\"448\"\/>Samedi 4 octobre 2025<br \/>Saint-Leu-la-For\u00eat<\/p>\n<p>&#13;<\/p>\n<p>Dans le cadre de la semaine du d\u00e9veloppement durable, l&rsquo;auteur saint-loupien <strong>Valentin Pringuay<\/strong> vient pr\u00e9senter son livre <strong>\u00ab\u00a0Refaire le monde avec Jane Goodall\u00a0\u00bb<\/strong>\u00a0: \u00ab\u00a0Il vient nous raconter sa rencontre avec Jane Goodall, ic\u00f4ne de la pr\u00e9servation animale et messag\u00e8re de la paix \u00e0 l\u2019ONU, qui a donn\u00e9 naissance au livre \u00ab\u00a0Refaire le monde avec Jane Goodall\u00a0\u00bb (Editions Actes Sud) ainsi qu\u2019\u00e0 une \u0153uvre picturale \u00e0 la crois\u00e9e entre m\u00e9dia et art.\u00a0\u00bb nous pr\u00e9cise l&rsquo;\u00e9quipe de la m\u00e9diath\u00e8que.<\/p>\n<p>&#13;<\/p>\n<p><strong>Samedi 4 octobre 2025<\/strong> \u00e0 15h &#8211; M\u00e9diath\u00e8que Georges Pompidou 6 avenue des Diablots Saint-Leu-la-For\u00eat \u2013 Gratuit \u2013 Inscription au 01 34 18 36 80<\/p>\n<p>\t\t&#13;<\/p>\n<p><img loading=\"lazy\" decoding=\"async\" class=\"zoom\" style=\"float: right; margin-bottom: 20px; margin-left: 20px;\" title=\"LIVRE Refaire le monde avec Jane Goodall\" src=\"https:\/\/www.europesays.com\/fr\/wp-content\/uploads\/2025\/09\/Refaire-le-monde-avec-Jane-Goodall.jpg\" alt=\"LIVRE Refaire le monde avec Jane Goodall\" width=\"320\" height=\"448\"\/>Samedi 4 octobre 2025<br \/>Saint-Leu-la-For\u00eat<\/p>\n<p>&#13;<\/p>\n<p>Dans le cadre de la semaine du d\u00e9veloppement durable, l&rsquo;auteur saint-loupien <strong>Valentin Pringuay<\/strong> vient pr\u00e9senter son livre <strong>\u00ab\u00a0Refaire le monde avec Jane Goodall\u00a0\u00bb<\/strong>\u00a0: \u00ab\u00a0Il vient nous raconter sa rencontre avec Jane Goodall, ic\u00f4ne de la pr\u00e9servation animale et messag\u00e8re de la paix \u00e0 l\u2019ONU, qui a donn\u00e9 naissance au livre \u00ab\u00a0Refaire le monde avec Jane Goodall\u00a0\u00bb (Editions Actes Sud) ainsi qu\u2019\u00e0 une \u0153uvre picturale \u00e0 la crois\u00e9e entre m\u00e9dia et art.\u00a0\u00bb nous pr\u00e9cise l&rsquo;\u00e9quipe de la m\u00e9diath\u00e8que.<\/p>\n<p>&#13;<\/p>\n<p><strong>Samedi 4 octobre 2025<\/strong> \u00e0 15h &#8211; M\u00e9diath\u00e8que Georges Pompidou 6 avenue des Diablots Saint-Leu-la-For\u00eat \u2013 Gratuit \u2013 Inscription au 01 34 18 36 80<\/p>\n<p>\t\t&#13;<\/p>\n","protected":false},"excerpt":{"rendered":"&#13; Samedi 4 octobre 2025Saint-Leu-la-For\u00eat &#13; Dans le cadre de la semaine du d\u00e9veloppement durable, l&rsquo;auteur saint-loupien Valentin&hellip;\n","protected":false},"author":2,"featured_media":429506,"comment_status":"","ping_status":"","sticky":false,"template":"","format":"standard","meta":{"footnotes":""},"categories":[1357],"tags":[55786,1379,58,59,1011,27,1380,55785],"class_list":{"0":"post-429505","1":"post","2":"type-post","3":"status-publish","4":"format-standard","5":"has-post-thumbnail","7":"category-livres","8":"tag-auteur-de-refaire-le-monde-avec-jane-goodall-saint-leu-le-4-octobre-2025","9":"tag-books","10":"tag-divertissement","11":"tag-entertainment","12":"tag-fr","13":"tag-france","14":"tag-livres","15":"tag-rencontre-avec-valentin-pringuay"},"share_on_mastodon":{"url":"https:\/\/pubeurope.com\/@fr\/115295276791205395","error":""},"_links":{"self":[{"href":"https:\/\/www.europesays.com\/fr\/wp-json\/wp\/v2\/posts\/429505","targetHints":{"allow":["GET"]}}],"collection":[{"href":"https:\/\/www.europesays.com\/fr\/wp-json\/wp\/v2\/posts"}],"about":[{"href":"https:\/\/www.europesays.com\/fr\/wp-json\/wp\/v2\/types\/post"}],"author":[{"embeddable":true,"href":"https:\/\/www.europesays.com\/fr\/wp-json\/wp\/v2\/users\/2"}],"replies":[{"embeddable":true,"href":"https:\/\/www.europesays.com\/fr\/wp-json\/wp\/v2\/comments?post=429505"}],"version-history":[{"count":0,"href":"https:\/\/www.europesays.com\/fr\/wp-json\/wp\/v2\/posts\/429505\/revisions"}],"wp:featuredmedia":[{"embeddable":true,"href":"https:\/\/www.europesays.com\/fr\/wp-json\/wp\/v2\/media\/429506"}],"wp:attachment":[{"href":"https:\/\/www.europesays.com\/fr\/wp-json\/wp\/v2\/media?parent=429505"}],"wp:term":[{"taxonomy":"category","embeddable":true,"href":"https:\/\/www.europesays.com\/fr\/wp-json\/wp\/v2\/categories?post=429505"},{"taxonomy":"post_tag","embeddable":true,"href":"https:\/\/www.europesays.com\/fr\/wp-json\/wp\/v2\/tags?post=429505"}],"curies":[{"name":"wp","href":"https:\/\/api.w.org\/{rel}","templated":true}]}}