{"id":429507,"date":"2025-09-30T21:04:15","date_gmt":"2025-09-30T21:04:15","guid":{"rendered":"https:\/\/www.europesays.com\/fr\/429507\/"},"modified":"2025-09-30T21:04:15","modified_gmt":"2025-09-30T21:04:15","slug":"on-a-eu-180-reclamations-contre-800-quand-on-deprogramme-un-si-grand-soleil-delphine-ernotte-dresse-le-bilan-de-la-disparition-des-logos-des-chaines-de-france-televisions","status":"publish","type":"post","link":"https:\/\/www.europesays.com\/fr\/429507\/","title":{"rendered":"\u00ab\u00a0On a eu 180 r\u00e9clamations contre 800 quand on d\u00e9programme &lsquo;Un si grand soleil'\u00a0\u00bb : Delphine Ernotte dresse le bilan de la disparition des logos des cha\u00eenes de France T\u00e9l\u00e9visions"},"content":{"rendered":"<p>La suite apr\u00e8s la publicit\u00e9<\/p>\n<p>France 2, France 3, France 4 et France 5 ont disparu de l&rsquo;\u00e9cran. Ou plut\u00f4t leurs logos,<a href=\"https:\/\/www.ozap.com\/actu\/une-petite-revolution-les-logos-des-chaines-france-2-france-3-et-france-5-vont-disparaitre-au-profit-dune-marque-media-unique-francetv\/649246\" rel=\"nofollow noopener\" target=\"_blank\"> remplac\u00e9s par une seule et m\u00eame banni\u00e8re : \u00ab\u00a0france<\/a>.tv\u00a0\u00bb. La mesure, annonc\u00e9e le 25 mars 2025 par <a href=\"https:\/\/www.ozap.com\/personnalite\/delphine-ernotte-cunci_e544302\" rel=\"nofollow noopener\" target=\"_blank\">Delphine Ernotte<\/a> lors d&rsquo;une conf\u00e9rence de presse \u00e0 laquelle <strong>Purem\u00e9dias<\/strong> avait assist\u00e9, est entr\u00e9e en vigueur le 6 juin dernier. Concr\u00e8tement, \u00ab\u00a0cela signifie que demain, quand vous regarderez le &rsquo;20 Heures&rsquo; de France 2, vous ne verrez plus en haut \u00e0 droite un .2 mais vous retrouverez la d\u00e9nomination france.tv\u00a0\u00bb, avait-elle expliqu\u00e9.\u00a0<\/p>\n<p>\u00ab\u00a0C&rsquo;est pass\u00e9 comme une lettre \u00e0 la poste\u00a0\u00bb<\/p>\n<p>Cette \u00ab\u00a0petite r\u00e9volution\u00a0\u00bb, selon les mots de la pr\u00e9sidente de France T\u00e9l\u00e9visions, a \u00e9t\u00e9 acc\u00e9l\u00e9r\u00e9e par le regroupement des cha\u00eenes publiques d\u00e9cid\u00e9 par l&rsquo;Arcom en janvier 2025. Depuis, les antennes se succ\u00e8dent d\u00e9sormais du canal 2 au canal 5, Franceinfo prenant place sur le canal 16. \u00ab\u00a0Ce regroupement des antennes publiques nous a permis de faire, peut-\u00eatre plus vite qu&rsquo;anticip\u00e9, cette r\u00e9volution de la marque m\u00e9dia unique\u00a0\u00bb, avait-elle justifi\u00e9. Pour autant, les appellations historiques ne disparaissent pas totalement : on les retrouve dans les programmes t\u00e9l\u00e9 ou encore lors de la diffusion des sommaires du soir.<\/p>\n<p>Restait une question : comment les t\u00e9l\u00e9spectateurs ont-ils accueilli ce changement ? Interrog\u00e9e par <strong>Purem\u00e9dias<\/strong> au Festival de la fiction de La Rochelle la semaine derni\u00e8re, Delphine Ernotte s&rsquo;est voulue rassurante : \u00ab\u00a0Les t\u00e9l\u00e9spectateurs savent tr\u00e8s bien o\u00f9 ils sont. Ils n&rsquo;ont pas du tout \u00e9t\u00e9 perturb\u00e9s. \u00c7a s&rsquo;est pass\u00e9 de mani\u00e8re totalement, sans aucun incident. C&rsquo;est fait. J&rsquo;avais d\u00e9j\u00e0 oubli\u00e9 que c&rsquo;\u00e9tait un sujet\u00a0\u00bb.<\/p>\n<p>\u00ab\u00a0On a d\u00fb avoir 180 sollicitations de t\u00e9l\u00e9spectateurs les premi\u00e8res semaines, sachant qu&rsquo;on en a 800 quand on d\u00e9programme &lsquo;Un si grand soleil&rsquo;. Ce n&rsquo;est donc rien. Ce n&rsquo;\u00e9tait pas du tout sur le fait qu&rsquo;on ait un logo unique mais sur la taille du logo qu&rsquo;ils trouvaient un peu trop. Ce n&rsquo;\u00e9taient que 180 personnes donc on ne s&rsquo;est pas affol\u00e9s. C&rsquo;est pass\u00e9 comme une lettre \u00e0 la poste\u00a0\u00bb, insiste-t-elle.\u00a0<\/p>\n<p><a href=\"https:\/\/www.ozap.com\/actu\/c-est-la-premiere-fois-que-je-le-fais-en-10-ans-A-la-rochelle-delphine-ernotte-alerte-sur-la-probabilite-de-nouvelles-coupes-budgetaires-de-france-televisions\/651721\" rel=\"nofollow noopener\" target=\"_blank\"><strong>\u00c0 LIRE AUSSI : \u00ab\u00a0C&rsquo;est la premi\u00e8re fois que je le fais en 10 ans\u00a0\u00bb : \u00c0 La Rochelle, Delphine Ernotte \u00ab\u00a0alerte\u00a0\u00bb sur la probabilit\u00e9 de nouvelles coupes budg\u00e9taires de France T\u00e9l\u00e9visions<\/strong><\/a><\/p>\n<p>L&rsquo;exemple est d&rsquo;ailleurs parlant : <a href=\"https:\/\/www.ozap.com\/actu\/deprogrammation-pourquoi-france-3-ne-diffusera-t-elle-pas-un-si-grand-soleil-ce-vendredi-soir\/651284\" rel=\"nofollow noopener\" target=\"_blank\">\u00ab\u00a0Un si grand soleil\u00a0\u00bb<\/a> avait justement \u00e9t\u00e9 d\u00e9programm\u00e9 ce vendredi 19 septembre sur France 3, <a href=\"https:\/\/www.ozap.com\/actu\/coupe-du-monde-feminine-de-rugby-2025-a-quelle-heure-et-sur-quelle-chaine-suivre-la-petite-finale-avec-la-france-et-la-finale-angleterrecanada\/651740\" rel=\"nofollow noopener\" target=\"_blank\">remplac\u00e9 par la demi-finale de la Coupe du monde f\u00e9minine de rugby<\/a> entre la Nouvelle-Z\u00e9lande et le Canada. Les fans du feuilleton quotidien ont d\u00fb patienter jusqu&rsquo;au lundi 22 septembre pour retrouver deux \u00e9pisodes successifs, ou d\u00e9couvrir l&rsquo;in\u00e9dit d\u00e8s ce week-end sur\u2026 france.tv.<\/p>\n<p>Une mani\u00e8re pour la dirigeante d&rsquo;insister sur la force de la marque france.tv, devenue en quelques ann\u00e9es l&rsquo;axe central de la strat\u00e9gie du groupe. Ce vendredi, lors d&rsquo;une nouvelle conf\u00e9rence de presse \u00e0 La Rochelle pour pr\u00e9senter la saison 2025\/2026 de la fiction, elle a soulign\u00e9 : \u00ab\u00a0La fiction sur nos antennes, c&rsquo;est essentiel. Vous le savez sur les antennes traditionnelles, mais aussi sur France.tv qui est d\u00e9sormais notre principale antenne. Le num\u00e9rique a autant cru \u00e0 France T\u00e9l\u00e9visions aujourd&rsquo;hui gr\u00e2ce \u00e0 l&rsquo;excellence de la fiction.\u00a0\u00bb<\/p>\n<p>Les chiffres lui donnent raison : \u00ab\u00a0France.tv peut se r\u00e9clamer de la premi\u00e8re plate-forme de streaming gratuite avec, le mois dernier encore, 46 millions de visiteurs par mois. C&rsquo;est encore plus haut que le record battu lors des Jeux olympiques de Paris\u00a0\u00bb se f\u00e9licite Delphine Ernotte.\u00a0<\/p>\n<p>Des productions comme <a href=\"https:\/\/www.ozap.com\/actu\/audiences-quel-bilan-pour-rivages-la-mini-serie-de-france-2-avec-fleur-geffrier-thierry-godard-et-guillaume-labbe\/648404\" rel=\"nofollow noopener\" target=\"_blank\">\u00ab\u00a0Rivages\u00a0\u00bb<\/a> ou <a href=\"https:\/\/www.ozap.com\/actu\/audiences-grace-au-preview-et-au-replay-surface-avec-laura-smet-et-tomer-sisley-signe-le-meilleur-demarrage-dune-serie-de-france-2-depuis-10-ans\/651530\" rel=\"nofollow noopener\" target=\"_blank\">\u00ab\u00a0Surface\u00a0\u00bb<\/a> illustrent cette bascule vers le d\u00e9lin\u00e9aire. La premi\u00e8re a r\u00e9uni 4,2 millions de t\u00e9l\u00e9spectateurs en moyenne \u00e0 J+8 gr\u00e2ce \u00e0 une forte consommation en preview et replay, tandis que la seconde, avec Tomer Sisley et Laura Smet, a sign\u00e9 un lancement record avec 5,56 millions de t\u00e9l\u00e9spectateurs en moyenne, dont pr\u00e8s de la moiti\u00e9 via france.tv.<\/p>\n<p>Un contraste saisissant avec dix ans plus t\u00f4t, quand la mini-s\u00e9rie \u00ab\u00a0Disparue\u00a0\u00bb r\u00e9unissait l&rsquo;essentiel de son public devant France 2 en direct. D\u00e9sormais, le succ\u00e8s d&rsquo;une s\u00e9rie se mesure autant \u2013 sinon plus \u2013 sur la plateforme que sur la diffusion lin\u00e9aire. Et c&rsquo;est bien pour incarner ce virage que la pr\u00e9sidente du groupe assume la disparition des logos historiques : moins d&rsquo;identit\u00e9s dispers\u00e9es, plus de lisibilit\u00e9 autour d&rsquo;un seul nom, france.tv.<\/p>\n","protected":false},"excerpt":{"rendered":"La suite apr\u00e8s la publicit\u00e9 France 2, France 3, France 4 et France 5 ont disparu de l&rsquo;\u00e9cran.&hellip;\n","protected":false},"author":2,"featured_media":429508,"comment_status":"","ping_status":"","sticky":false,"template":"","format":"standard","meta":{"footnotes":""},"categories":[1356],"tags":[58,59,1011,27,252,1364],"class_list":{"0":"post-429507","1":"post","2":"type-post","3":"status-publish","4":"format-standard","5":"has-post-thumbnail","7":"category-television","8":"tag-divertissement","9":"tag-entertainment","10":"tag-fr","11":"tag-france","12":"tag-television","13":"tag-tv"},"share_on_mastodon":{"url":"https:\/\/pubeurope.com\/@fr\/115295280543235362","error":""},"_links":{"self":[{"href":"https:\/\/www.europesays.com\/fr\/wp-json\/wp\/v2\/posts\/429507","targetHints":{"allow":["GET"]}}],"collection":[{"href":"https:\/\/www.europesays.com\/fr\/wp-json\/wp\/v2\/posts"}],"about":[{"href":"https:\/\/www.europesays.com\/fr\/wp-json\/wp\/v2\/types\/post"}],"author":[{"embeddable":true,"href":"https:\/\/www.europesays.com\/fr\/wp-json\/wp\/v2\/users\/2"}],"replies":[{"embeddable":true,"href":"https:\/\/www.europesays.com\/fr\/wp-json\/wp\/v2\/comments?post=429507"}],"version-history":[{"count":0,"href":"https:\/\/www.europesays.com\/fr\/wp-json\/wp\/v2\/posts\/429507\/revisions"}],"wp:featuredmedia":[{"embeddable":true,"href":"https:\/\/www.europesays.com\/fr\/wp-json\/wp\/v2\/media\/429508"}],"wp:attachment":[{"href":"https:\/\/www.europesays.com\/fr\/wp-json\/wp\/v2\/media?parent=429507"}],"wp:term":[{"taxonomy":"category","embeddable":true,"href":"https:\/\/www.europesays.com\/fr\/wp-json\/wp\/v2\/categories?post=429507"},{"taxonomy":"post_tag","embeddable":true,"href":"https:\/\/www.europesays.com\/fr\/wp-json\/wp\/v2\/tags?post=429507"}],"curies":[{"name":"wp","href":"https:\/\/api.w.org\/{rel}","templated":true}]}}