{"id":429513,"date":"2025-09-30T21:07:12","date_gmt":"2025-09-30T21:07:12","guid":{"rendered":"https:\/\/www.europesays.com\/fr\/429513\/"},"modified":"2025-09-30T21:07:12","modified_gmt":"2025-09-30T21:07:12","slug":"alsace-le-virus-du-covid-19-circule-dans-la-region-mais-lepidemie-reste-sous-le-seuil-dalerte","status":"publish","type":"post","link":"https:\/\/www.europesays.com\/fr\/429513\/","title":{"rendered":"Alsace. Le virus du Covid-19 circule dans la r\u00e9gion mais l\u2019\u00e9pid\u00e9mie reste sous le seuil d\u2019alerte"},"content":{"rendered":"<p><a href=\"https:\/\/www.sentiweb.fr\/\" target=\"_blank\" rel=\"nofollow noopener\">Selon le bulletin publi\u00e9 le 24\u00a0septembre par le r\u00e9seau Sentinelles<\/a> , qui surveille notamment les infections respiratoires aigu\u00ebs, les cas de Covid vus en consultation ont continu\u00e9 d\u2019augmenter du 15 au 21\u00a0septembre en France pour la deuxi\u00e8me semaine cons\u00e9cutive. Pour autant, <a href=\"https:\/\/www.dna.fr\/sante\/2025\/09\/28\/variant-frankenstein-hausse-des-cas-avec-l-automne-le-covid-est-de-retour\" target=\"_blank\" rel=\"nofollow noopener\">avec un taux d\u2019incidence estim\u00e9 \u00e0 49 cas pour 100\u00a0000 habitants, le niveau d\u2019activit\u00e9 du virus Sars-Cov 2 reste mod\u00e9r\u00e9 selon les experts de Sant\u00e9 publique France<\/a>.<\/p>\n<p>En Alsace, les m\u00e9decins que nous avons contact\u00e9s ce mardi 30\u00a0septembre faisaient un constat similaire. \u00ab\u00a0C\u2019est le virus respiratoire le plus actif du moment\u00a0\u00bb, a relev\u00e9 le Dr\u00a0Sim\u00e9on Baetz, pr\u00e9sident de l\u2019association SOS M\u00e9decins de Strasbourg dont le secteur d\u2019intervention couvre pr\u00e8s de la moiti\u00e9 du territoire du Bas-Rhin. \u00ab\u00a0La reprise des cas de Covid a d\u00e9marr\u00e9 depuis la fin ao\u00fbt. En septembre l\u2019\u00e9pid\u00e9mie a continu\u00e9 de progresser doucement. Avec la rentr\u00e9e, et les enfants qui se retrouvent confin\u00e9s \u00e0 l\u2019int\u00e9rieur des classes, la circulation du virus s\u2019est acc\u00e9l\u00e9r\u00e9e. Mais rien de catastrophique puisque la souche actuelle n\u2019est pas plus virulente que les pr\u00e9c\u00e9dentes. Nous n\u2019avons hospitalis\u00e9 aucun patient \u00e0 ce stade\u00a0\u00bb, r\u00e9sume-t-il.<\/p>\n<p>  Nouveau variant peu virulent<\/p>\n<p>Le Dr\u00a0Yannick Freymann, m\u00e9decin g\u00e9n\u00e9raliste \u00e0 Bischoffsheim (Bas-Rhin) et membre du r\u00e9seau Sentinelles, note pareillement une \u00ab\u00a0reprise\u00a0\u00bb des cas de Covid. \u00ab\u00a0Je vois en ce moment en moyenne deux patients par jour qui ont un Covid. Lors des pics, cela peut atteindre 6 \u00e0 10 par jour\u00a0\u00bb, confie-t-il. Et de rappeler que l\u2019automne et l\u2019hiver \u00e9taient des saisons propices aux infections respiratoires aigu\u00ebs, parmi lesquelles celles dues aux virus grippaux et aux Sars-Cov 2. \u00ab\u00a0Dans le Grand Est, \u00e0 la fin septembre, le taux d\u2019incidence de ces derni\u00e8res \u00e9tait estim\u00e9 \u00e0 de 340 cas pour 100\u00a0000 habitants, soit l\u2019un des taux r\u00e9gionaux les plus \u00e9lev\u00e9s de l\u2019Hexagone et dans les labos pr\u00e8s d\u2019un test Covid sur quatre est d\u00e9sormais positif\u00a0\u00bb, note par ailleurs le m\u00e9decin.<\/p>\n<p>\u00ab\u00a0Nous sommes encore sous le seuil d\u2019alerte et le nouveau variant du virus s\u2019av\u00e8re peu virulent\u00a0\u00bb a rassur\u00e9 pour sa part le Dr\u00a0Emmanuel Vilbois, m\u00e9decin g\u00e9n\u00e9raliste membre du r\u00e9seau Sentinelles, qui exerce \u00e0 Morschwiller-le-Bas (Haut-Rhin) et au <a href=\"https:\/\/www.dna.fr\/sante\/2021\/05\/01\/video-un-centre-de-soins-non-programmes-ouvre-a-mulhouse\" target=\"_blank\" rel=\"nofollow noopener\">centre de soins non programm\u00e9s de l\u2019h\u00f4pital Emile-Muller \u00e0 Mulhouse<\/a>. \u00ab\u00a0Il y a plein de viroses ORL qui tournent depuis la rentr\u00e9e. M\u00eame si les Covid sont en l\u00e9g\u00e8re recrudescence, celles-ci sont largement devanc\u00e9es par les gastro-ent\u00e9rites\u00a0\u00bb, indique-t-il.<\/p>\n","protected":false},"excerpt":{"rendered":"Selon le bulletin publi\u00e9 le 24\u00a0septembre par le r\u00e9seau Sentinelles , qui surveille notamment les infections respiratoires aigu\u00ebs,&hellip;\n","protected":false},"author":2,"featured_media":429514,"comment_status":"","ping_status":"","sticky":false,"template":"","format":"standard","meta":{"footnotes":""},"categories":[10],"tags":[2389,2649,25367,2880,107,1011,27,72,71,640,2879],"class_list":{"0":"post-429513","1":"post","2":"type-post","3":"status-publish","4":"format-standard","5":"has-post-thumbnail","7":"category-sante","8":"tag-alsace","9":"tag-bas-rhin","10":"tag-covid-coronavirus","11":"tag-edition-strasbourg","12":"tag-fil-info","13":"tag-fr","14":"tag-france","15":"tag-health","16":"tag-sante","17":"tag-strasbourg","18":"tag-strasbourg-ville"},"share_on_mastodon":{"url":"https:\/\/pubeurope.com\/@fr\/115295292197601947","error":""},"_links":{"self":[{"href":"https:\/\/www.europesays.com\/fr\/wp-json\/wp\/v2\/posts\/429513","targetHints":{"allow":["GET"]}}],"collection":[{"href":"https:\/\/www.europesays.com\/fr\/wp-json\/wp\/v2\/posts"}],"about":[{"href":"https:\/\/www.europesays.com\/fr\/wp-json\/wp\/v2\/types\/post"}],"author":[{"embeddable":true,"href":"https:\/\/www.europesays.com\/fr\/wp-json\/wp\/v2\/users\/2"}],"replies":[{"embeddable":true,"href":"https:\/\/www.europesays.com\/fr\/wp-json\/wp\/v2\/comments?post=429513"}],"version-history":[{"count":0,"href":"https:\/\/www.europesays.com\/fr\/wp-json\/wp\/v2\/posts\/429513\/revisions"}],"wp:featuredmedia":[{"embeddable":true,"href":"https:\/\/www.europesays.com\/fr\/wp-json\/wp\/v2\/media\/429514"}],"wp:attachment":[{"href":"https:\/\/www.europesays.com\/fr\/wp-json\/wp\/v2\/media?parent=429513"}],"wp:term":[{"taxonomy":"category","embeddable":true,"href":"https:\/\/www.europesays.com\/fr\/wp-json\/wp\/v2\/categories?post=429513"},{"taxonomy":"post_tag","embeddable":true,"href":"https:\/\/www.europesays.com\/fr\/wp-json\/wp\/v2\/tags?post=429513"}],"curies":[{"name":"wp","href":"https:\/\/api.w.org\/{rel}","templated":true}]}}