{"id":429517,"date":"2025-09-30T21:09:11","date_gmt":"2025-09-30T21:09:11","guid":{"rendered":"https:\/\/www.europesays.com\/fr\/429517\/"},"modified":"2025-09-30T21:09:11","modified_gmt":"2025-09-30T21:09:11","slug":"des-centaines-de-personnes-rendent-un-dernier-hommage-a-claudia-cardinale-a-paris-actualites","status":"publish","type":"post","link":"https:\/\/www.europesays.com\/fr\/429517\/","title":{"rendered":"Des centaines de personnes rendent un dernier hommage \u00e0 Claudia Cardinale \u00e0 Paris : Actualit\u00e9s"},"content":{"rendered":"<p class=\"lead \">Plusieurs centaines de personnes, dont plusieurs personnalit\u00e9s du cin\u00e9ma, ont assist\u00e9 mardi \u00e0 Paris aux obs\u00e8ques de l&rsquo;actrice franco-italienne Claudia Cardinale, grande figure du cin\u00e9ma italien des ann\u00e9es 1960, d\u00e9c\u00e9d\u00e9e mardi dernier \u00e0 87 ans en r\u00e9gion parisienne.<\/p>\n<p class=\"lead \">Parmi elles \u00e9taient pr\u00e9sentes notamment Yvan Attal, Nicolas Bedos ou Georges Beller, qui a jou\u00e9 \u00e0 ses c\u00f4t\u00e9s dans \u00ab\u00a0Les p\u00e9troleuses\u00a0\u00bb, film sorti en 1971 et r\u00e9unissant les deux ic\u00f4nes f\u00e9minines de l&rsquo;\u00e9poque, Claudia Cardinale et Brigitte Bardot.<\/p>\n<p class=\"lead \">D&rsquo;autres personnalit\u00e9s y assistaient comme la ministre de la Culture sortante Rachida Dati, Jack Lang, Nikos Aliagas ou la pr\u00e9sidente de la r\u00e9gion Ile-de-France Val\u00e9rie P\u00e9cresse, a constat\u00e9 un journaliste de l&rsquo;AFP.<\/p>\n<p class=\"lead \"> Le cercueil de Claudia Cardinale, en bois clair, est entr\u00e9 dans l&rsquo;\u00e9glise Saint-Roch dans le centre de Paris sous les applaudissements de la foule, au son de la musique d'\u00a0\u00bbIl \u00e9tait d&rsquo;une fois dans l&rsquo;ouest\u00a0\u00bb, compos\u00e9e par Ennio Morricone.<\/p>\n<p class=\"lead \">Claudia Cardinale avait partag\u00e9 l&rsquo;affiche avec Charles Bronson et Henry Fonda dans ce film de 1968 r\u00e9alis\u00e9 par Sergio Leone, pour l&rsquo;un de ses plus grands r\u00f4les.<\/p>\n<p class=\"lead \">\u00ab\u00a0Comme \u00e0 son habitude, ma m\u00e8re a attrap\u00e9 son d\u00e9part comme un train en marche\u00a0\u00bb, a salu\u00e9 sa fille Claudia, qui a remerci\u00e9 la Tunisie pour avoir organis\u00e9 une messe mardi \u00e0 La Goulette, \u00e0 Tunis, o\u00f9 est n\u00e9e sa m\u00e8re le 15 avril 1938.<\/p>\n<p>                                                                                                 \u00ab\u00a0C&rsquo;\u00e9tait une grande actrice, ma pr\u00e9f\u00e9r\u00e9e. Elle est n\u00e9e en Tunisie, je voulais lui rendre hommage\u00a0\u00bb, a confi\u00e9 Mourad, un admirateur anonyme arborant le drapeau tunisien sur les marches de l&rsquo;\u00e9glise.<\/p>\n<p class=\"lead \">\u00ab\u00a0Elle n&rsquo;acceptait sa renomm\u00e9e que pour soutenir la cause des femmes, des homosexuels et des malades du sida\u00a0\u00bb, a rappel\u00e9 de son c\u00f4t\u00e9 son ami Ren\u00e9 de Ceccaty, \u00e9crivain et traducteur, insistant sur son amiti\u00e9 avec le c\u00e9l\u00e8bre acteur am\u00e9ricain Rock Hudson, mort du sida en 1985.<\/p>\n<p class=\"lead \">Au pied de l&rsquo;autel de l&rsquo;\u00e9glise Saint-Roch, une photographie de l&rsquo;actrice en noir et blanc en train de danser a \u00e9t\u00e9 plac\u00e9e sur un pupitre. <\/p>\n<p class=\"lead \">Prise en 1959 \u00e0 Rome, elle avait \u00e9t\u00e9 utilis\u00e9e pour illustrer l&rsquo;affiche de la 70e \u00e9dition du festival de Cannes.<\/p>\n<p class=\"lead \">La famille de Claudia Cardinale a invit\u00e9 ceux qui le souhaitent \u00e0 faire un don \u00e0 la fondation qui porte son nom et qu&rsquo;elle a cr\u00e9\u00e9e avec sa fille \u00e0 Nemours une structure pour accueillir et faire la promotion de jeunes artistes. <\/p>\n<p class=\"lead \">Une messe sera c\u00e9l\u00e9br\u00e9e mercredi dans cette commune de Seine-et-Marne o\u00f9 elle habitait avec sa fille. La cr\u00e9mation aura lieu jeudi dans l&rsquo;intimit\u00e9 familiale.<\/p>\n<p class=\"small font-weight-bold text-gray3 \"> publi\u00e9 le 30 septembre \u00e0 21h00, AFP<\/p>\n<p>                             Partager<\/p>\n","protected":false},"excerpt":{"rendered":"Plusieurs centaines de personnes, dont plusieurs personnalit\u00e9s du cin\u00e9ma, ont assist\u00e9 mardi \u00e0 Paris aux obs\u00e8ques de l&rsquo;actrice&hellip;\n","protected":false},"author":2,"featured_media":429518,"comment_status":"","ping_status":"","sticky":false,"template":"","format":"standard","meta":{"footnotes":""},"categories":[8],"tags":[1971,1972,58,59,1011,27,18],"class_list":{"0":"post-429517","1":"post","2":"type-post","3":"status-publish","4":"format-standard","5":"has-post-thumbnail","7":"category-divertissement","8":"tag-clbrits","9":"tag-cinma","10":"tag-divertissement","11":"tag-entertainment","12":"tag-fr","13":"tag-france","14":"tag-mort"},"share_on_mastodon":{"url":"https:\/\/pubeurope.com\/@fr\/115295300278079969","error":""},"_links":{"self":[{"href":"https:\/\/www.europesays.com\/fr\/wp-json\/wp\/v2\/posts\/429517","targetHints":{"allow":["GET"]}}],"collection":[{"href":"https:\/\/www.europesays.com\/fr\/wp-json\/wp\/v2\/posts"}],"about":[{"href":"https:\/\/www.europesays.com\/fr\/wp-json\/wp\/v2\/types\/post"}],"author":[{"embeddable":true,"href":"https:\/\/www.europesays.com\/fr\/wp-json\/wp\/v2\/users\/2"}],"replies":[{"embeddable":true,"href":"https:\/\/www.europesays.com\/fr\/wp-json\/wp\/v2\/comments?post=429517"}],"version-history":[{"count":0,"href":"https:\/\/www.europesays.com\/fr\/wp-json\/wp\/v2\/posts\/429517\/revisions"}],"wp:featuredmedia":[{"embeddable":true,"href":"https:\/\/www.europesays.com\/fr\/wp-json\/wp\/v2\/media\/429518"}],"wp:attachment":[{"href":"https:\/\/www.europesays.com\/fr\/wp-json\/wp\/v2\/media?parent=429517"}],"wp:term":[{"taxonomy":"category","embeddable":true,"href":"https:\/\/www.europesays.com\/fr\/wp-json\/wp\/v2\/categories?post=429517"},{"taxonomy":"post_tag","embeddable":true,"href":"https:\/\/www.europesays.com\/fr\/wp-json\/wp\/v2\/tags?post=429517"}],"curies":[{"name":"wp","href":"https:\/\/api.w.org\/{rel}","templated":true}]}}