{"id":429521,"date":"2025-09-30T21:11:14","date_gmt":"2025-09-30T21:11:14","guid":{"rendered":"https:\/\/www.europesays.com\/fr\/429521\/"},"modified":"2025-09-30T21:11:14","modified_gmt":"2025-09-30T21:11:14","slug":"voici-la-somme-que-vous-devez-avoir-epargne-a-50-ans-pour-vivre-correctement-selon-les-experts","status":"publish","type":"post","link":"https:\/\/www.europesays.com\/fr\/429521\/","title":{"rendered":"voici la somme que vous devez avoir \u00e9pargn\u00e9 \u00e0 50 ans pour vivre correctement, selon les experts"},"content":{"rendered":"<p>\u00c0 mesure que les ann\u00e9es passent, une question finit toujours par<br \/>\ns\u2019imposer : comment s\u2019assurer un avenir serein une fois la vie<br \/>\nprofessionnelle derri\u00e8re soi ? <a href=\"https:\/\/www.mariefrance.fr\/actualite\/societe\/retraite-sans-justificatif-de-carriere-rectifier-mes-droits-methode-simple-et-efficace-1208673.html\" target=\"_blank\" rel=\"noopener nofollow\">La retraite<\/a>, sujet parfois<br \/>\nlointain \u00e0 30 ou 40 ans, devient bien plus concret \u00e0 l\u2019approche de<br \/>\nla cinquantaine. C\u2019est souvent \u00e0 cet \u00e2ge que <strong>les experts<br \/>\nfinanciers recommandent de faire un premier vrai bilan<\/strong>, de<br \/>\ncalculer ses ressources et d\u2019anticiper ce qui manquera demain.<\/p>\n<p>Mais combien faut-il avoir mis de c\u00f4t\u00e9 pour esp\u00e9rer vivre<br \/>\ncorrectement ? Comme le rapporte <a href=\"https:\/\/www.larepubliquedespyrenees.fr\/societe\/retraites\/retraite-quel-est-le-montant-d-epargne-ideal-a-50-ans-d-apres-les-experts-financiers-25858057.php\" target=\"_blank\" rel=\"nofollow noopener\">La R\u00e9publique des<br \/>\nPyr\u00e9n\u00e9es<\/a>, plusieurs sp\u00e9cialistes se sont pench\u00e9s sur la<br \/>\nquestion et <strong>leurs recommandations chiffr\u00e9es<\/strong><br \/>\napportent un \u00e9clairage tr\u00e8s int\u00e9ressant.<\/p>\n<p>Retraite et \u00e2ge charni\u00e8re : pourquoi le cap des 50 ans est<br \/>\nd\u00e9cisif<\/p>\n<p>Les experts s\u2019accordent sur un point : f\u00eater ses 50 ans<br \/>\nrepr\u00e9sente un cap crucial. C\u2019est l\u2019\u00e2ge o\u00f9 l\u2019on a d\u00e9j\u00e0 construit une<br \/>\ncarri\u00e8re, souvent r\u00e9gl\u00e9 une partie de ses cr\u00e9dits, parfois \u00e9lev\u00e9<br \/>\nses enfants\u2026 Mais c\u2019est aussi le moment o\u00f9 il reste encore<br \/>\nsuffisamment de temps pour renforcer son \u00e9pargne. <strong>Pr\u00e9parer<br \/>\nsa retraite n\u2019est pas seulement une affaire de pr\u00e9caution<\/strong><br \/>\n: c\u2019est une n\u00e9cessit\u00e9 pour maintenir son niveau de vie. Car,<br \/>\ndisposer de ressources suffisantes lorsque le moment sera venu<br \/>\ngarantit de profiter de cette nouvelle \u00e9tape sans inqui\u00e9tude<br \/>\nfinanci\u00e8re.<\/p>\n<p>\u00c0 travers le monde, les recommandations varient. Aux \u00c9tats-Unis,<br \/>\nle gestionnaire d\u2019actifs Fidelity conseille d\u2019avoir<br \/>\n\u00e9pargn\u00e9 l\u2019\u00e9quivalent de six ann\u00e9es de salaire \u00e0 50 ans si l\u2019on<br \/>\npr\u00e9voit un d\u00e9part \u00e0 67 ans. Au Canada, la Banque nationale fixe la<br \/>\nbarre \u00e0 4,6 ann\u00e9es de revenus. <strong>Deux approches<br \/>\ndiff\u00e9rentes<\/strong>, mais qui partagent une id\u00e9e commune :<br \/>\n<a href=\"https:\/\/www.mariefrance.fr\/mode\/apres-50-couleur-donne-coup-vieux-instantane-accentue-rides-styliste-1199886.html\" target=\"_blank\" rel=\"noopener nofollow\">la cinquantaine est le moment<br \/>\nid\u00e9al<\/a> pour v\u00e9rifier que l\u2019on est sur la bonne trajectoire.<\/p>\n<p><img loading=\"lazy\" decoding=\"async\" aria-describedby=\"caption-attachment-1205525\" itemprop=\"thumbnailUrl\" class=\"size-full wp-image-1205525 img-responsive\" src=\"https:\/\/www.europesays.com\/fr\/wp-content\/uploads\/2025\/09\/illu-2025-09-19t150208.902.jpg\" alt=\"Facture retraite argent\" width=\"1280\" height=\"720\"\/><br \/>\n\u00a9<br \/>\nshutterstock<\/p>\n<p id=\"caption-attachment-1205525\" class=\"wp-caption-text\">Les<br \/>\nexperts donnent des conseils pour bien pr\u00e9parer sa retraite.<\/p>\n<p>Les montants recommand\u00e9s pour vivre sa retraite en France<\/p>\n<p>Dans l\u2019Hexagone, les calculs diff\u00e8rent en raison des<br \/>\nparticularit\u00e9s du syst\u00e8me social, notamment en mati\u00e8re de sant\u00e9.<br \/>\nSelon l\u2019Insee, le niveau de vie m\u00e9dian des 50-64 ans atteint 27 190<br \/>\neuros par an. Donc, les experts estiment qu\u2019\u00e0 50 ans, il faut<br \/>\nid\u00e9alement avoir \u00e9pargn\u00e9 entre 108 760 et 163 140 euros. En<br \/>\nd\u2019autres termes, <strong>disposer de l\u2019\u00e9quivalent de quatre \u00e0 six<br \/>\nann\u00e9es de revenus<\/strong> pour se projeter vers une retraite<br \/>\nsereine.<\/p>\n<p>\u00c0 premi\u00e8re vue, ces montants peuvent sembler vertigineux. Mais<br \/>\ntout d\u00e9pend de la situation personnelle de chacun. \u00catre<br \/>\npropri\u00e9taire, avoir encore des enfants \u00e0 charge, pr\u00e9voir des<br \/>\nprojets co\u00fbteux, par exemple, cela change consid\u00e9rablement la<br \/>\ndonne. Donc, <strong>ces rep\u00e8res ne constituent pas une r\u00e8gle<br \/>\nstricte,<\/strong> mais un objectif indicatif pour mesurer<br \/>\nl\u2019avancement de son \u00e9pargne.<\/p>\n<p><img loading=\"lazy\" decoding=\"async\" aria-describedby=\"caption-attachment-1202573\" class=\"size-full wp-image-1202573 img-responsive\" src=\"https:\/\/www.europesays.com\/fr\/wp-content\/uploads\/2025\/09\/ed-app-smartpone-2025-09-09t042734.663.jpg\" alt=\"Apr\u00e8s 30 ans, ce simple r\u00e9flexe assure une retraite confortable selon cet ancien trader\" width=\"1280\" height=\"720\"\/> \u00a9 Shutterstock<\/p>\n<p id=\"caption-attachment-1202573\" class=\"wp-caption-text\">Pour<br \/>\nenvisager une retraite paisible, il faut s&rsquo;y pr\u00e9parer d\u00e8s 50 ans,<br \/>\nselon les experts.<\/p>\n<p>Retraite et solutions d\u2019\u00e9pargne : quels<br \/>\nleviers actionner ?<\/p>\n<p>Si le bilan semble insuffisant \u00e0 50 ans, rien n\u2019est perdu.<br \/>\nPlusieurs outils permettent de renforcer son capital et de pr\u00e9parer<br \/>\nl\u2019avenir. Le plan \u00e9pargne-retraite (PER) figure parmi les solutions<br \/>\nles plus recommand\u00e9es. Notamment gr\u00e2ce <a href=\"https:\/\/www.mariefrance.fr\/actualite\/societe\/retraite-seniors-boudent-portugal-pays-europeen-fiscalite-avantageuse-fait-rever-1184324.html\" target=\"_blank\" rel=\"noopener nofollow\">aux avantages fiscaux<\/a> qu\u2019il<br \/>\nprocure. Il existe aussi l\u2019assurance-vie. <strong>Elle combine<br \/>\npr\u00e9paration de la retraite et transmission de capital<\/strong>.<br \/>\nC\u2019est un atout souvent recherch\u00e9 par les familles. Un autre levier<br \/>\nconsiste \u00e0 racheter des trimestres manquants pour valider ses<br \/>\ndroits. Cette d\u00e9marche est parfois co\u00fbteuse. N\u00e9anmoins, elle est<br \/>\nplus avantageuse lorsqu\u2019elle est r\u00e9alis\u00e9e \u00e0 l\u2019avance, plut\u00f4t que<br \/>\nquelques ann\u00e9es avant le d\u00e9part en retraite.<\/p>\n<blockquote class=\"twitter-tweet\"><p><a class=\"twitter-link\" rel=\"noindex, nofollow noopener\" href=\"https:\/\/twitter.com\/mariefrancemag\/status\/1973020163902431631\" target=\"_blank\"><\/p><\/blockquote>\n<p>Chaque cas \u00e9tant particulier, les experts rappellent qu\u2019il est<br \/>\nessentiel d\u2019adapter sa strat\u00e9gie \u00e0 sa propre situation financi\u00e8re<br \/>\net familiale. Ainsi, selon La R\u00e9publique des Pyr\u00e9n\u00e9es,<br \/>\nviser entre 108 000 et 163 000 euros d\u2019\u00e9pargne \u00e0 50 ans est<br \/>\n<strong>une recommandation qui donne une id\u00e9e des efforts<br \/>\nn\u00e9cessaires<\/strong>. Mais au-del\u00e0 des chiffres, c\u2019est la capacit\u00e9<br \/>\n\u00e0 se projeter et \u00e0 ajuster sa strat\u00e9gie qui fera toute la<br \/>\ndiff\u00e9rence. Car si la retraite marque la fin d\u2019une carri\u00e8re, elle<br \/>\nouvre aussi la possibilit\u00e9 d\u2019un nouveau chapitre \u00e0 \u00e9crire, de<br \/>\npr\u00e9f\u00e9rence \u00e0 l\u2019abri des soucis financiers.<\/p>\n<p><script async src=\"https:\/\/platform.twitter.com\/widgets.js\" charset=\"utf-8\"><\/script><\/p>\n","protected":false},"excerpt":{"rendered":"\u00c0 mesure que les ann\u00e9es passent, une question finit toujours par s\u2019imposer : comment s\u2019assurer un avenir serein&hellip;\n","protected":false},"author":2,"featured_media":429522,"comment_status":"","ping_status":"","sticky":false,"template":"","format":"standard","meta":{"footnotes":""},"categories":[6],"tags":[35,33,34,1011,27,137],"class_list":{"0":"post-429521","1":"post","2":"type-post","3":"status-publish","4":"format-standard","5":"has-post-thumbnail","7":"category-economie","8":"tag-business","9":"tag-economie","10":"tag-economy","11":"tag-fr","12":"tag-france","13":"tag-retraite"},"share_on_mastodon":{"url":"https:\/\/pubeurope.com\/@fr\/115295308240252450","error":""},"_links":{"self":[{"href":"https:\/\/www.europesays.com\/fr\/wp-json\/wp\/v2\/posts\/429521","targetHints":{"allow":["GET"]}}],"collection":[{"href":"https:\/\/www.europesays.com\/fr\/wp-json\/wp\/v2\/posts"}],"about":[{"href":"https:\/\/www.europesays.com\/fr\/wp-json\/wp\/v2\/types\/post"}],"author":[{"embeddable":true,"href":"https:\/\/www.europesays.com\/fr\/wp-json\/wp\/v2\/users\/2"}],"replies":[{"embeddable":true,"href":"https:\/\/www.europesays.com\/fr\/wp-json\/wp\/v2\/comments?post=429521"}],"version-history":[{"count":0,"href":"https:\/\/www.europesays.com\/fr\/wp-json\/wp\/v2\/posts\/429521\/revisions"}],"wp:featuredmedia":[{"embeddable":true,"href":"https:\/\/www.europesays.com\/fr\/wp-json\/wp\/v2\/media\/429522"}],"wp:attachment":[{"href":"https:\/\/www.europesays.com\/fr\/wp-json\/wp\/v2\/media?parent=429521"}],"wp:term":[{"taxonomy":"category","embeddable":true,"href":"https:\/\/www.europesays.com\/fr\/wp-json\/wp\/v2\/categories?post=429521"},{"taxonomy":"post_tag","embeddable":true,"href":"https:\/\/www.europesays.com\/fr\/wp-json\/wp\/v2\/tags?post=429521"}],"curies":[{"name":"wp","href":"https:\/\/api.w.org\/{rel}","templated":true}]}}