{"id":429523,"date":"2025-09-30T21:12:16","date_gmt":"2025-09-30T21:12:16","guid":{"rendered":"https:\/\/www.europesays.com\/fr\/429523\/"},"modified":"2025-09-30T21:12:16","modified_gmt":"2025-09-30T21:12:16","slug":"linquietant-discours-du-chef-du-pentagone-qui-veut-virer-les-woke-et-les-gros-de-larmee","status":"publish","type":"post","link":"https:\/\/www.europesays.com\/fr\/429523\/","title":{"rendered":"L\u2019inqui\u00e9tant discours du chef du Pentagone qui veut virer les \u00ab\u00a0woke\u00a0\u00bb et les \u00ab\u00a0gros\u00a0\u00bb de l\u2019arm\u00e9e"},"content":{"rendered":"<p>        <img decoding=\"async\" loading=\"lazy\" src=\"https:\/\/www.europesays.com\/fr\/wp-content\/uploads\/2025\/09\/65762fd_upload-1-8pb7wthco4vi-afp-20250930-779z4yq-v1-midres-seniorusmilitaryofficersmeetatabaseinvi.jpeg\"  width=\"728\" height=\"410\" alt=\"Le secr\u00e9taire am\u00e9ricain \u00e0 la D\u00e9fense, Pete Hegseth, s\u2019adresse \u00e0 des officiers sup\u00e9rieurs \u00e0 la base du Corps des Marines de Quantico, en Virginie, le 30\u00a0septembre 2025.\"\/>  <\/p>\n<p>ANDREW HARNIK \/ AFP<\/p>\n<p>Le secr\u00e9taire am\u00e9ricain \u00e0 la D\u00e9fense, Pete Hegseth, s\u2019adresse \u00e0 des officiers sup\u00e9rieurs \u00e0 la base du Corps des Marines de Quantico, en Virginie, le 30\u00a0septembre 2025.<\/p>\n<p class=\"asset asset-text\">\u00c9TATS-UNIS &#8211; \u00ab\u00a0Fini ces conneries\u00a0\u00bb. Le chef du Pentagone<a href=\"https:\/\/www.huffingtonpost.fr\/international\/article\/pete-hegseth-et-le-signalgate-2-jusqu-ou-trump-pourra-t-il-tolerer-les-boulettes-de-securite-du-chef-du-pentagone_249087.html\" rel=\"nofollow noopener\" target=\"_blank\"> Pete Hegseth<\/a> a pr\u00e9sent\u00e9 ce mardi 30\u00a0septembre sa nouvelle vision inqui\u00e9tante de<a href=\"https:\/\/www.huffingtonpost.fr\/culture\/article\/sur-netflix-le-documentaire-chaos-d-anthologie-retrace-la-delirante-histoire-de-l-invasion-de-la-zone-51-clx1_252893.html\" rel=\"nofollow noopener\" target=\"_blank\"> l\u2019arm\u00e9e am\u00e9ricaine <\/a>qui doit laisser au rebut les \u00ab\u00a0d\u00e9tritus\u00a0\u00bb l\u00e9gu\u00e9s par les programmes de promotion de la diversit\u00e9 et \u00eatre constitu\u00e9e de \u00ab\u00a0guerriers\u00a0\u00bb.<\/p>\n<p class=\"asset asset-text\">Dans un discours aux accents virilistes et belliqueux, le ministre de la D\u00e9fense a assur\u00e9 qu\u2019il allait mettre fin \u00e0 des \u00ab\u00a0d\u00e9cennies de d\u00e9clin\u00a0\u00bb devant des centaines de g\u00e9n\u00e9raux et amiraux, dont certains d\u00e9ploy\u00e9s \u00e0 l\u2019\u00e9tranger, convoqu\u00e9s sur la base militaire de Quantico, pr\u00e8s de Washington.<\/p>\n<p class=\"asset asset-text\">Marchant d\u2019un pas d\u00e9cid\u00e9, drapeau am\u00e9ricain g\u00e9ant derri\u00e8re lui, Pete Hegseth a critiqu\u00e9 les \u00ab\u00a0r\u00e8gles d\u2019engagement stupides\u00a0\u00bb sur le champ de bataille et les\u00a0soldats en surpoids, appelant l\u2019arm\u00e9e \u00e0 s\u2019inspirer des normes en vigueur dans les ann\u00e9es 1990.<\/p>\n<p>    Pas de diversit\u00e9 et normes physiques    <\/p>\n<p class=\"asset asset-text\">Il a d\u00e9clar\u00e9 vouloir une arm\u00e9e concentr\u00e9e sur ses capacit\u00e9s l\u00e9tales et non sur la diversit\u00e9 raciale ou de genre. L\u2019ancien pr\u00e9sentateur de Fox News a encourag\u00e9 les soldats \u00e0 arr\u00eater de \u00ab\u00a0marcher sur des \u0153ufs\u00a0\u00bb par crainte de potentiels signalements de leur comportement et annonc\u00e9 mettre fin aux \u00ab\u00a0plaintes frivoles, anonymes, r\u00e9p\u00e9t\u00e9es, qui salissent les r\u00e9putations\u00a0\u00bb.<\/p>\n<p class=\"asset asset-text\">\u00ab\u00a0Cette r\u00e9union vise \u00e0 mettre fin \u00e0 des d\u00e9cennies de d\u00e9cadence, parfois \u00e9videntes, et parfois cach\u00e9es\u00a0\u00bb, a assur\u00e9 Pete Hegseth. \u00ab\u00a0Des politiques imprudents et irresponsables ont pris la mauvaise direction, et nous\u00a0nous sommes perdus en route. Nous sommes devenus le \u201cminist\u00e8re du woke\u201d. Mais cela s\u2019arr\u00eate aujourd\u2019hui\u00a0\u00bb, a-t-il ajout\u00e9.<\/p>\n<p class=\"asset asset-text\">Il a aussi exig\u00e9 qu\u2019\u00e0 l\u2019avenir les militaires soient ras\u00e9s de pr\u00e8s, portent les cheveux courts et a annonc\u00e9 l\u2019entr\u00e9e en vigueur de nouvelles normes physiques plus exigeantes et calqu\u00e9es sur des standards masculins, y compris pour les femmes. \u00ab\u00a0Les normes doivent \u00eatre uniformes, neutres sur le plan du genre et \u00e9lev\u00e9es, sinon ce ne sont pas des normes\u00a0\u00bb et elles provoquent \u00ab\u00a0la mort de nos fils et de nos filles\u00a0\u00bb, a-t-il martel\u00e9.<\/p>\n<p class=\"asset asset-text\">Pete Hegseth a d\u00e9nonc\u00e9 les soldats en mauvaise forme physique, d\u00e9clarant\u00a0: \u00ab\u00a0C\u2019est fatigant de regarder les formations de combat, ou n\u2019importe quelle formation d\u2019ailleurs, et d\u2019y voir des soldats gros. De m\u00eame, il est tout \u00e0 fait inacceptable de voir des g\u00e9n\u00e9raux et des amiraux gros dans les couloirs du Pentagone\u00a0\u00bb.<\/p>\n<p>                     \u00ab\u00a0D\u00e9moraliser, traquer, tuer\u00a0\u00bb    <\/p>\n<p class=\"asset asset-text\">Il s\u2019en est ensuite pris \u00e0 l\u2019inspecteur g\u00e9n\u00e9ral du Pentagone, affirmant que ses services avaient \u00e9t\u00e9 \u00ab\u00a0instrumentalis\u00e9s\u00a0\u00bb. Ce dernier avait ouvert en avril une enqu\u00eate sur l\u2019utilisation par Pete Hegseth de la messagerie Signal apr\u00e8s l\u2019ajout par erreur d\u2019un journaliste \u00e0 une discussion o\u00f9 les plus hauts responsables de l\u2019administration \u00e9voquaient des frappes \u00e0 venir contre les rebelles houthis du Y\u00e9men.<\/p>\n<p class=\"asset asset-text\">Les r\u00e8gles r\u00e9gissant le recours \u00e0 la force sur le terrain ont ensuite \u00e9t\u00e9 balay\u00e9es d\u2019un revers de main. \u00ab\u00a0Nous donnons carte blanche \u00e0 nos combattants pour intimider, d\u00e9moraliser, traquer et tuer les ennemis de notre pays. Fini les r\u00e8gles d\u2019engagement politiquement correctes et autoritaires, place au bon sens, \u00e0 une l\u00e9talit\u00e9 maximale et \u00e0 l\u2019autorit\u00e9 des combattants\u00a0\u00bb, a-t-il continu\u00e9 d\u2019un ton martial.<\/p>\n<p class=\"asset asset-text\">Une approche appliqu\u00e9e r\u00e9cemment dans les Cara\u00efbes, o\u00f9 l\u2019arm\u00e9e am\u00e9ricaine a tu\u00e9 plus d\u2019une douzaine de personnes lors de frappes op\u00e9r\u00e9es contre des trafiquants de drogue pr\u00e9sum\u00e9s. Frappes dont la n\u00e9cessit\u00e9 doit encore \u00eatre prouv\u00e9e par l\u2019administration Trump, qui n\u2019a donn\u00e9 aucun \u00e9l\u00e9ment sur la dangerosit\u00e9 repr\u00e9sent\u00e9e par ces personnes pour les \u00c9tats-Unis.<\/p>\n<p class=\"asset asset-text\">\u00ab\u00a0Si ce que je dis aujourd\u2019hui vous p\u00e8se sur la conscience, alors vous devez agir avec honneur et d\u00e9missionner\u00a0\u00bb, a finalement conclu Pete Hegseth. Plusieurs responsables de l\u2019arm\u00e9e am\u00e9ricaine ont d\u00e9j\u00e0 \u00e9t\u00e9 pouss\u00e9s vers la sortie. Le pr\u00e9sident am\u00e9ricain a notamment limog\u00e9 en f\u00e9vrier, sans donner d\u2019explication, le chef d\u2019\u00e9tat-major Charles \u00ab\u00a0CQ\u00a0\u00bb Brown. Ont \u00e9galement \u00e9t\u00e9 renvoy\u00e9s la cheffe de la marine am\u00e9ricaine, des Gardes-c\u00f4tes am\u00e9ricains, le vice-chef d\u2019\u00e9tat-major de l\u2019arm\u00e9e de l\u2019air ou encore plusieurs avocats militaires de haut rang.<\/p>\n","protected":false},"excerpt":{"rendered":"ANDREW HARNIK \/ AFP Le secr\u00e9taire am\u00e9ricain \u00e0 la D\u00e9fense, Pete Hegseth, s\u2019adresse \u00e0 des officiers sup\u00e9rieurs \u00e0&hellip;\n","protected":false},"author":2,"featured_media":429524,"comment_status":"","ping_status":"","sticky":false,"template":"","format":"standard","meta":{"footnotes":""},"categories":[5],"tags":[11,73,1011,27,14,12,1068,28],"class_list":{"0":"post-429523","1":"post","2":"type-post","3":"status-publish","4":"format-standard","5":"has-post-thumbnail","7":"category-international","8":"tag-actualites","9":"tag-etats-unis","10":"tag-fr","11":"tag-france","12":"tag-international","13":"tag-news","14":"tag-pentagone","15":"tag-world"},"share_on_mastodon":{"url":"https:\/\/pubeurope.com\/@fr\/115295311961579563","error":""},"_links":{"self":[{"href":"https:\/\/www.europesays.com\/fr\/wp-json\/wp\/v2\/posts\/429523","targetHints":{"allow":["GET"]}}],"collection":[{"href":"https:\/\/www.europesays.com\/fr\/wp-json\/wp\/v2\/posts"}],"about":[{"href":"https:\/\/www.europesays.com\/fr\/wp-json\/wp\/v2\/types\/post"}],"author":[{"embeddable":true,"href":"https:\/\/www.europesays.com\/fr\/wp-json\/wp\/v2\/users\/2"}],"replies":[{"embeddable":true,"href":"https:\/\/www.europesays.com\/fr\/wp-json\/wp\/v2\/comments?post=429523"}],"version-history":[{"count":0,"href":"https:\/\/www.europesays.com\/fr\/wp-json\/wp\/v2\/posts\/429523\/revisions"}],"wp:featuredmedia":[{"embeddable":true,"href":"https:\/\/www.europesays.com\/fr\/wp-json\/wp\/v2\/media\/429524"}],"wp:attachment":[{"href":"https:\/\/www.europesays.com\/fr\/wp-json\/wp\/v2\/media?parent=429523"}],"wp:term":[{"taxonomy":"category","embeddable":true,"href":"https:\/\/www.europesays.com\/fr\/wp-json\/wp\/v2\/categories?post=429523"},{"taxonomy":"post_tag","embeddable":true,"href":"https:\/\/www.europesays.com\/fr\/wp-json\/wp\/v2\/tags?post=429523"}],"curies":[{"name":"wp","href":"https:\/\/api.w.org\/{rel}","templated":true}]}}