{"id":429525,"date":"2025-09-30T21:13:12","date_gmt":"2025-09-30T21:13:12","guid":{"rendered":"https:\/\/www.europesays.com\/fr\/429525\/"},"modified":"2025-09-30T21:13:12","modified_gmt":"2025-09-30T21:13:12","slug":"la-baisse-de-la-csg-la-mesure-de-pouvoir-dachat-privilegiee-par-sebastien-lecornu","status":"publish","type":"post","link":"https:\/\/www.europesays.com\/fr\/429525\/","title":{"rendered":"la baisse de la CSG, la mesure de pouvoir d\u2019achat privil\u00e9gi\u00e9e par S\u00e9bastien Lecornu"},"content":{"rendered":"<p><strong>D\u00c9CRYPTAGE &#8211;<\/strong> Hausse de la \u00abflat tax\u00bb, contribution sur les hauts revenus, r\u00e9forme du pacte Dutreil\u2026 De nombreuses autres mesures sont sur la table pour le budget 2026.<\/p>\n<p class=\"fig-paragraph\">Alors que le temps presse pour y mettre le point final &#8211; elle devrait \u00eatre pr\u00e9sent\u00e9e la semaine prochaine en temps normal -,\u00a0<a href=\"http:\/\/www.lefigaro.fr\/politique\/budget-gouvernement-la-methode-sebastien-lecornu-suscite-le-doute-20250929\" data-fig-type=\"Article\" data-gtm-custom-categorie=\"navigation\" data-gtm-custom-action=\"crossclick\" data-gtm-custom-label=\"Contextuel\" data-gtm-event=\"customEventSPE\" data-fig-domain=\"LEFIGARO\" target=\"_blank\" rel=\"noopener\">la copie budg\u00e9taire de S\u00e9bastien Lecornu<\/a>\u00a0commence \u00e0 peine \u00e0 se pr\u00e9ciser. La semaine derni\u00e8re, le premier ministre a commenc\u00e9 \u00e0 en dresser les grandes lignes, en indiquant notamment\u00a0<a href=\"http:\/\/www.lefigaro.fr\/conjoncture\/isf-impots-taxe-zucman-sebastien-lecornu-devoile-ses-priorites-fiscales-20250926\" data-fig-type=\"NewsFlash\" data-gtm-custom-categorie=\"navigation\" data-gtm-custom-action=\"crossclick\" data-gtm-custom-label=\"Contextuel\" data-gtm-event=\"customEventSPE\" data-fig-domain=\"LEFIGARO\" target=\"_blank\" rel=\"noopener\">son intention de proposer des hausses d\u2019imp\u00f4ts, mais aussi des baisses<\/a>.<\/p>\n<p class=\"fig-paragraph\">Les repr\u00e9sentants du \u00ab\u00a0socle commun\u00a0\u00bb &#8211; sa base compos\u00e9e d\u2019une droite historiquement hostile \u00e0 la pression fiscale et d\u2019un parti macroniste qui a fait des baisses d\u2019imp\u00f4ts son ADN &#8211; \u00e9taient lundi soir invit\u00e9s \u00e0 Matignon pour avancer sur les d\u00e9tails de cette copie. Lors de cette rencontre, et alors qu\u2019il tente toujours de nouer un accord de non-censure sur le texte avec les socialistes, S\u00e9bastien Lecornu a fait part de son intention de formuler des \u00ab\u00a0propositions\u00a0\u00bb de baisse d\u2019imp\u00f4ts \u00ab\u00a0notamment en faveur du travail\u00a0\u00bb. Effectivement,\u00a0<a href=\"https:\/\/www.lefigaro.fr\/vox\/economie\/augmenter-la-tva-pour-baisser-cotisations-sociales-et-csg-serait-efficace-et-equitable-20220215\" target=\"_blank\" data-fig-type=\"Article\" rel=\"noopener\" data-gtm-custom-categorie=\"navigation\" data-gtm-custom-action=\"crossclick\" data-gtm-custom-label=\"Contextuel\" data-gtm-event=\"customEventSPE\" data-fig-domain=\"LEFIGARO\">la baisse de la CSG &#8211; contribution sociale g\u00e9n\u00e9ralis\u00e9e<\/a>\u00a0&#8211; sur les bas salaires\u2026<\/p>\n<p class=\"fig-premium-paywall__infos\">\n        Cet article est r\u00e9serv\u00e9 aux abonn\u00e9s.        Il vous reste 83% \u00e0 d\u00e9couvrir.\n    <\/p>\n<p>                <img  data- alt=\"Le Figaro\" class=\"fig-img--complete fig-img\"\/><\/p>\n<p class=\"fig-premium-paywall__title\">Vous avez envie de lire la suite ?<\/p>\n<p class=\"fig-premium-paywall__subtitle\">D\u00e9bloquez tous les articles imm\u00e9diatement.<\/p>\n<p class=\"fig-premium-paywall__connect\">\n                D\u00e9j\u00e0 abonn\u00e9\u00a0?                <a class=\"fig-premium-paywall__connect-link\" href=\"https:\/\/connect.lefigaro.fr\/login?client=horizon_web&amp;type=main&amp;redirect_uri=https%3A%2F%2Fwww.lefigaro.fr%2Fconjoncture%2Ftravail-la-baisse-de-la-csg-la-mesure-de-pouvoir-d-achat-privilegiee-par-sebastien-lecornu-20250930\" data-js-gtm=\"{&quot;customCategorie&quot;: &quot;conversion&quot;, &quot;customAction&quot;: &quot;before_Landing_Connexion_paywall_auto&quot;, &quot;customLabel&quot;: &quot;bGVmaWdhcm8uZnJfXzFmMDlkZDhmLTllMzQtNjgyNi05ZGQxLTA5ZGFlZGI3YWVhYV9fQXJ0aWNsZQ==_Travail\u00a0: la baisse de la CSG, la mesure de pouvoir d\u2019achat privil\u00e9gi\u00e9e par S\u00e9bastien Lecornu_623&quot;, &quot;customIDSPE&quot;: &quot;bGVmaWdhcm8uZnJfXzFmMDlkZDhmLTllMzQtNjgyNi05ZGQxLTA5ZGFlZGI3YWVhYV9fQXJ0aWNsZQ==&quot;, &quot;event&quot;: &quot;customEventSPE&quot;}\" target=\"_blank\" rel=\"noopener\"><br \/>\n                    Connectez-vous<br \/>\n                <\/a>\n            <\/p>\n","protected":false},"excerpt":{"rendered":"D\u00c9CRYPTAGE &#8211; Hausse de la \u00abflat tax\u00bb, contribution sur les hauts revenus, r\u00e9forme du pacte Dutreil\u2026 De nombreuses&hellip;\n","protected":false},"author":2,"featured_media":429526,"comment_status":"","ping_status":"","sticky":false,"template":"","format":"standard","meta":{"footnotes":""},"categories":[4],"tags":[11,526,1011,27,12,25,11067,3847],"class_list":{"0":"post-429525","1":"post","2":"type-post","3":"status-publish","4":"format-standard","5":"has-post-thumbnail","7":"category-france","8":"tag-actualites","9":"tag-fiscalite","10":"tag-fr","11":"tag-france","12":"tag-news","13":"tag-republique-francaise","14":"tag-sebastien-lecornu","15":"tag-travail"},"share_on_mastodon":{"url":"https:\/\/pubeurope.com\/@fr\/115295315882693193","error":""},"_links":{"self":[{"href":"https:\/\/www.europesays.com\/fr\/wp-json\/wp\/v2\/posts\/429525","targetHints":{"allow":["GET"]}}],"collection":[{"href":"https:\/\/www.europesays.com\/fr\/wp-json\/wp\/v2\/posts"}],"about":[{"href":"https:\/\/www.europesays.com\/fr\/wp-json\/wp\/v2\/types\/post"}],"author":[{"embeddable":true,"href":"https:\/\/www.europesays.com\/fr\/wp-json\/wp\/v2\/users\/2"}],"replies":[{"embeddable":true,"href":"https:\/\/www.europesays.com\/fr\/wp-json\/wp\/v2\/comments?post=429525"}],"version-history":[{"count":0,"href":"https:\/\/www.europesays.com\/fr\/wp-json\/wp\/v2\/posts\/429525\/revisions"}],"wp:featuredmedia":[{"embeddable":true,"href":"https:\/\/www.europesays.com\/fr\/wp-json\/wp\/v2\/media\/429526"}],"wp:attachment":[{"href":"https:\/\/www.europesays.com\/fr\/wp-json\/wp\/v2\/media?parent=429525"}],"wp:term":[{"taxonomy":"category","embeddable":true,"href":"https:\/\/www.europesays.com\/fr\/wp-json\/wp\/v2\/categories?post=429525"},{"taxonomy":"post_tag","embeddable":true,"href":"https:\/\/www.europesays.com\/fr\/wp-json\/wp\/v2\/tags?post=429525"}],"curies":[{"name":"wp","href":"https:\/\/api.w.org\/{rel}","templated":true}]}}