{"id":429547,"date":"2025-09-30T21:27:13","date_gmt":"2025-09-30T21:27:13","guid":{"rendered":"https:\/\/www.europesays.com\/fr\/429547\/"},"modified":"2025-09-30T21:27:13","modified_gmt":"2025-09-30T21:27:13","slug":"grenoble-la-belle-au-bois-dormant-pierre-et-le-loup-le-retour-des-ptits-concerts","status":"publish","type":"post","link":"https:\/\/www.europesays.com\/fr\/429547\/","title":{"rendered":"Grenoble. La belle au bois dormant, Pierre et le Loup \u2026 le retour des P\u2019tits concerts"},"content":{"rendered":"<p>Pour cette saison 2025-2026, Mon P\u2019tit Concert propose diff\u00e9rents programmes pour les enfants et les adultes. L\u2019occasion de venir en famille d\u00e9couvrir la musique classique et de tout comprendre sur les \u0153uvres majeures du r\u00e9pertoire. Quatre op\u00e9ras ont \u00e9t\u00e9 s\u00e9lectionn\u00e9s pour cette nouvelle saison dont un nouveau, La belle au bois dormant  (le 7\u00a0novembre). On retrouvera \u00e9galement Pierre et le loup (10\u00a0octobre), Casse-noisette (16\u00a0janvier\u00a02026) et Le carnaval des animaux (13\u00a0mars\u00a02026). Mon P\u2019tit Concert, ce sont des concerts p\u00e9dagogiques de 45 minutes avec une narration en fran\u00e7ais et\/ou des explications des \u0153uvres afin de permettre aux spectateurs de s\u2019immerger dans l\u2019histoire musicale, autour d\u2019\u0153uvres connues du r\u00e9pertoire, de compositeurs ou de th\u00e9matiques sp\u00e9cifiques. En d\u00e9but d\u2019\u0153uvre Patrick Souillot, le chef d\u2019orchestre, pr\u00e9sente les instruments de l\u2019orchestre et le d\u00e9roul\u00e9 du concert.<\/p>\n<p class=\"note\">Les concerts ont lieu \u00e0 la salle Olivier-Messiaen \u00e0 Grenoble \u00e0 19\u00a0h\u00a030. 10\u00a0\u20ac par enfant et 15\u00a0\u20ac par adulte. R\u00e9servations\u00a0: <a href=\"http:\/\/monptitconcert.fr\" title=\"monptitconcert.fr\" target=\"_blank\" rel=\"noopener\">monptitconcert.fr<\/a><\/p>\n","protected":false},"excerpt":{"rendered":"Pour cette saison 2025-2026, Mon P\u2019tit Concert propose diff\u00e9rents programmes pour les enfants et les adultes. L\u2019occasion de&hellip;\n","protected":false},"author":2,"featured_media":429548,"comment_status":"","ping_status":"","sticky":false,"template":"","format":"standard","meta":{"footnotes":""},"categories":[9566],"tags":[1111,11,2430,1687,112,1777,674,1011,27,2731,2732,108,12,25,3140],"class_list":{"0":"post-429547","1":"post","2":"type-post","3":"status-publish","4":"format-standard","5":"has-post-thumbnail","7":"category-grenoble","8":"tag-actu","9":"tag-actualites","10":"tag-auvergne-rhone-alpes","11":"tag-culture-loisirs","12":"tag-edition-grenoble-agglomeration","13":"tag-eu","14":"tag-europe","15":"tag-fr","16":"tag-france","17":"tag-grenoble","18":"tag-grenoble-bassin","19":"tag-isere","20":"tag-news","21":"tag-republique-francaise","22":"tag-spectacle"},"share_on_mastodon":{"url":"https:\/\/pubeurope.com\/@fr\/115295370863172750","error":""},"_links":{"self":[{"href":"https:\/\/www.europesays.com\/fr\/wp-json\/wp\/v2\/posts\/429547","targetHints":{"allow":["GET"]}}],"collection":[{"href":"https:\/\/www.europesays.com\/fr\/wp-json\/wp\/v2\/posts"}],"about":[{"href":"https:\/\/www.europesays.com\/fr\/wp-json\/wp\/v2\/types\/post"}],"author":[{"embeddable":true,"href":"https:\/\/www.europesays.com\/fr\/wp-json\/wp\/v2\/users\/2"}],"replies":[{"embeddable":true,"href":"https:\/\/www.europesays.com\/fr\/wp-json\/wp\/v2\/comments?post=429547"}],"version-history":[{"count":0,"href":"https:\/\/www.europesays.com\/fr\/wp-json\/wp\/v2\/posts\/429547\/revisions"}],"wp:featuredmedia":[{"embeddable":true,"href":"https:\/\/www.europesays.com\/fr\/wp-json\/wp\/v2\/media\/429548"}],"wp:attachment":[{"href":"https:\/\/www.europesays.com\/fr\/wp-json\/wp\/v2\/media?parent=429547"}],"wp:term":[{"taxonomy":"category","embeddable":true,"href":"https:\/\/www.europesays.com\/fr\/wp-json\/wp\/v2\/categories?post=429547"},{"taxonomy":"post_tag","embeddable":true,"href":"https:\/\/www.europesays.com\/fr\/wp-json\/wp\/v2\/tags?post=429547"}],"curies":[{"name":"wp","href":"https:\/\/api.w.org\/{rel}","templated":true}]}}