{"id":429553,"date":"2025-09-30T21:30:24","date_gmt":"2025-09-30T21:30:24","guid":{"rendered":"https:\/\/www.europesays.com\/fr\/429553\/"},"modified":"2025-09-30T21:30:24","modified_gmt":"2025-09-30T21:30:24","slug":"limplantation-dun-centre-dhebergement-durgence-dans-ce-quartier-de-strasbourg-suscite-des-inquietudes","status":"publish","type":"post","link":"https:\/\/www.europesays.com\/fr\/429553\/","title":{"rendered":"L&rsquo;implantation d&rsquo;un centre d&rsquo;h\u00e9bergement d&rsquo;urgence dans ce quartier de Strasbourg suscite des inqui\u00e9tudes"},"content":{"rendered":"<p>            Par<br \/>\n        <strong><br \/>\n            <a href=\"https:\/\/actu.fr\/auteur\/ivan-capecchi\" title=\"Consulter tous les articles de Ivan CAPECCHI\" target=\"_blank\" rel=\"noopener\">Ivan CAPECCHI<\/a><br \/>\n        <\/strong><\/p>\n<p>        Publi\u00e9 le<\/p>\n<p>            30 sept. 2025 \u00e0 17h46        <\/p>\n<p>Lors du dernier conseil municipal de <a href=\"https:\/\/actu.fr\/strasbourg\/\" target=\"_blank\" rel=\"noopener\">Strasbourg<\/a>, les \u00e9lus ont vot\u00e9 pour la <strong>mise \u00e0 disposition gratuite d\u2019un terrain<\/strong> pour y implanter un <strong>centre d\u2019h\u00e9bergement d\u2019urgence temporaire<\/strong>. Des \u00e9lus d\u2019opposition critiquent un <strong>manque de concertation<\/strong>, <strong>l\u2019emplacement choisi<\/strong> et l\u2019<strong>argent investi dans des installations \u00e9ph\u00e9m\u00e8res<\/strong>.<\/p>\n<p>Un centre d\u2019h\u00e9bergement d\u2019urgence \u00e0 la Montagne Verte<\/p>\n<p class=\" wall-content\">Le terrain se situe dans le <strong>quartier de la Montagne Verte<\/strong> et il doit \u00eatre c\u00e9d\u00e9 au profit de <strong>Caritas<\/strong>, une <strong>association qui lutte contre la pauvret\u00e9 et l\u2019exclusion<\/strong>.<\/p>\n<p class=\" wall-content\">Ce projet s\u2019inscrit dans la politique d\u2019\u00ab\u2009habitat intercalaire\u2009\u00bb initi\u00e9e en 2022 par la mairie \u00e9cologiste dans le but de <a href=\"https:\/\/actu.fr\/grand-est\/strasbourg_67482\/strasbourg-veut-permettre-aux-plus-fragiles-d-habiter-des-batiments-et-terrains-vacants_42581928.html\" target=\"_blank\" rel=\"noopener\">mobiliser des terrains vacants \u00e0 des fins sociales<\/a>.<\/p>\n<p>Un lieu capable d\u2019accueillir jusqu\u2019\u00e0 80\u00a0personnes<\/p>\n<p class=\" wall-content\">Sur ce site, Caritas installera des <strong>modules pr\u00e9fabriqu\u00e9s \u00e0 deux niveaux<\/strong>, comprenant environ <strong>20 logements<\/strong> et <strong>une salle commune<\/strong>, capables d\u2019accueillir <strong>jusqu\u2019\u00e0 80\u00a0personnes<\/strong>, essentiellement des<strong> familles b\u00e9n\u00e9ficiaires de la protection internationale<\/strong>*.<\/p>\n<p class=\" wall-content\">Les <strong>s\u00e9jours<\/strong> seront pr\u00e9vus pour <strong>six mois<\/strong>, renouvelables deux fois, afin de favoriser un accompagnement vers l\u2019<a href=\"https:\/\/actu.fr\/tag\/emploi\" target=\"_blank\" rel=\"noopener\">emploi<\/a> et un <a href=\"https:\/\/actu.fr\/tag\/logement\" target=\"_blank\" rel=\"noopener\">logement<\/a> durable.<\/p>\n<p>Un projet sur 10\u00a0ans maximum<\/p>\n<p class=\" wall-content\">Le projet se veut respectueux de son environnement\u2009: \u00ab\u2009L\u2019association propose la <strong>structure la moins haute<\/strong> (un immeuble de deux niveaux) garantissant une <strong>meilleure int\u00e9gration dans l\u2019environnement<\/strong>. L\u2019ensemble des b\u00e2timents seront <strong>d\u00e9mont\u00e9s au terme du projet<\/strong>, ce qui permet de <strong>ne pas imperm\u00e9abiliser ce terrain<\/strong> situ\u00e9 en <strong>ceinture verte<\/strong>. Concernant l\u2019impact au sol, le retrait de l\u2019ensemble des \u00e9l\u00e9ments b\u00e2tis et\/ou imperm\u00e9ables sera exig\u00e9\u2009\u00bb, peut-on lire dans le recueil des d\u00e9lib\u00e9rations.<\/p>\n<p class=\" wall-content\">L\u2019occupation du site sera <strong>limit\u00e9e \u00e0 dix ans maximum<\/strong>.<\/p>\n<p>Votre r\u00e9gion, votre actu !<\/p>\n<p>Recevez chaque jour les infos qui comptent pour vous.<\/p>\n<p>\t<a href=\"https:\/\/actu.fr\/newsletter\" class=\"ac-btn ac-btn--corner ac-btn--medium ac-btn--blue800\" target=\"_blank\" rel=\"noopener\">S&rsquo;incrire<\/a><br \/>\nL\u2019opposition d\u00e9nonce un manque de concertation, la majorit\u00e9 conteste<\/p>\n<p class=\" wall-content\">Lors de sa prise de parole, l\u2019opposant Pierre Jakubowicz, <a href=\"https:\/\/actu.fr\/grand-est\/strasbourg_67482\/municipales-2026-a-strasbourg-pierre-jakubowicz-horizons-officialise-sa-candidature_63115980.html\" target=\"_blank\" rel=\"noopener\">candidat aux prochaines \u00e9lections municipales<\/a>, a d\u00e9nonc\u00e9 un \u00ab<strong>\u2009manque de concertation<\/strong>\u2009\u00bb concernant ce projet.<\/p>\n<p class=\" wall-content\">Une accusation <strong>rejet\u00e9e peu apr\u00e8s par Floriane Varieras<\/strong>, adjointe \u00e0 la maire de Strasbourg en charge de la ville inclusive, qui a <strong>rappel\u00e9 les diff\u00e9rentes rencontres<\/strong> organis\u00e9es en pr\u00e9sence des habitants.<\/p>\n<p>L\u2019emplacement critiqu\u00e9<\/p>\n<p class=\" wall-content\">Pierre Jakubowicz critique aussi<strong> l\u2019emplacement choisi<\/strong>, dans un \u00ab<strong>\u2009quartier faisant face \u00e0 de nombreux probl\u00e8mes de s\u00e9curit\u00e9, sur un terrain tr\u00e8s pollu\u00e9, situ\u00e9 sur la ceinture verte<\/strong>\u2009\u00bb. \u00ab\u2009Implanter ce projet entre <strong>deux quartiers prioritaires<\/strong> \u2013 l\u2019Elsau et la Laiterie \u2013 va \u00e0 <strong>rebours de l\u2019objectif de mixit\u00e9 sociale<\/strong>\u2009\u00bb, a ajout\u00e9 son homologue C\u00e9line Geissmann.<\/p>\n<p class=\" wall-content\">\u00ab\u2009Certains opposants<strong> instrumentalisent la peur pour dresser les habitants les uns contre les autres<\/strong>, en associant, sans preuve, l\u2019arriv\u00e9e de personnes exil\u00e9es \u00e0 une mont\u00e9e de l\u2019ins\u00e9curit\u00e9, c\u2019est un proc\u00e9d\u00e9 politique honteux\u2009\u00bb, a r\u00e9torqu\u00e9 Joris Castiglione, membre de la majorit\u00e9.<\/p>\n<p>Trop d\u2019argent pour un projet \u00e9ph\u00e9m\u00e8re, d\u00e9nonce l\u2019opposition<\/p>\n<p class=\" wall-content\">\u00ab\u2009Plus globalement, nous regrettons votre choix de <strong>poursuivre l\u2019implantation tr\u00e8s co\u00fbteuse d\u2019h\u00e9bergements \u00e9ph\u00e9m\u00e8res, au lieu d\u2019investir dans des structures p\u00e9rennes<\/strong>\u2009\u00bb, a par ailleurs d\u00e9nonc\u00e9 M. Jakubowicz. \u00ab\u2009Apr\u00e8s les 480\u2009000\u00a0\u20ac pour les <a href=\"https:\/\/actu.fr\/grand-est\/strasbourg_67482\/strasbourg-c-est-quoi-ces-mini-maisons-installees-dans-le-quartier-de-la-robertsau_62511855.html\" target=\"_blank\" rel=\"noopener\">tiny houses de la Robertsau<\/a>, voici <strong>10\u00a0millions d\u2019euros<\/strong> pour l\u2019installation d\u2019une structure modulaire qui sera d\u00e9mont\u00e9e dans 10\u00a0ans. Combien de places p\u00e9rennes aurait-on pu ouvrir avec cet <a href=\"https:\/\/actu.fr\/tag\/argent\" target=\"_blank\" rel=\"noopener\">argent<\/a>\u2009?\u2009\u00bb, a-t-il questionn\u00e9.<\/p>\n<p class=\" wall-content\">D\u2019apr\u00e8s Suzanne Brolly, adjointe en charge de la ville r\u00e9siliente, ces 10\u00a0millions d\u2019euros correspondent \u00e0 des co\u00fbts de fonctionnement pris en charge sur plusieurs ann\u00e9es <strong>par l\u2019\u00c9tat<\/strong>. S\u2019agissant de la Ville, les d\u00e9penses se limitent \u00e0 la <strong>d\u00e9pollution du site<\/strong> \u2013 \u00ab\u2009ce qui est utile \u00e0 long terme et b\u00e9n\u00e9fique pour la nappe phr\u00e9atique\u2009\u00bb \u2013 et \u00e0 la <strong>mise \u00e0 disposition gratuite du terrain<\/strong>.<\/p>\n<p class=\" wall-content\">\u00c0 l\u2019issue des d\u00e9bats, <strong>47 \u00e9lus ont vot\u00e9 pour<\/strong> et 7\u00a0contre, dont Pierre Jakubowicz.<\/p>\n<p class=\" wall-content\">*La protection internationale d\u00e9signe le statut accord\u00e9 aux personnes qui fuient leur pays parce qu\u2019elles y risquent des pers\u00e9cutions ou des violences graves.<\/p>\n<p class=\" wall-content\">Personnalisez votre actualit\u00e9 en ajoutant vos villes et m\u00e9dias en favori avec <a href=\"https:\/\/moncompte.actu.fr\" title=\"D\u00e9couvez Mon Actu\" rel=\"nofollow noopener\" data-trk=\"{&quot;cta&quot;:{&quot;action&quot;:&quot;https:\\\/\\\/moncompte.actu.fr&quot;,&quot;category&quot;:&quot;mon compte&quot;,&quot;from&quot;:&quot;article footer&quot;,&quot;name&quot;:&quot;Mon actu&quot;,&quot;type&quot;:&quot;cta&quot;}}\" target=\"_blank\">Mon Actu<\/a>.<\/p>\n","protected":false},"excerpt":{"rendered":"Par Ivan CAPECCHI Publi\u00e9 le 30 sept. 2025 \u00e0 17h46 Lors du dernier conseil municipal de Strasbourg, les&hellip;\n","protected":false},"author":2,"featured_media":429554,"comment_status":"","ping_status":"","sticky":false,"template":"","format":"standard","meta":{"footnotes":""},"categories":[2820],"tags":[1111,11,1777,674,1011,27,775,1908,12,4518,25,104,640],"class_list":{"0":"post-429553","1":"post","2":"type-post","3":"status-publish","4":"format-standard","5":"has-post-thumbnail","7":"category-strasbourg","8":"tag-actu","9":"tag-actualites","10":"tag-eu","11":"tag-europe","12":"tag-fr","13":"tag-france","14":"tag-grand-est","15":"tag-logement","16":"tag-news","17":"tag-pauvrete","18":"tag-republique-francaise","19":"tag-societe","20":"tag-strasbourg"},"share_on_mastodon":{"url":"https:\/\/pubeurope.com\/@fr\/115295382663134220","error":""},"_links":{"self":[{"href":"https:\/\/www.europesays.com\/fr\/wp-json\/wp\/v2\/posts\/429553","targetHints":{"allow":["GET"]}}],"collection":[{"href":"https:\/\/www.europesays.com\/fr\/wp-json\/wp\/v2\/posts"}],"about":[{"href":"https:\/\/www.europesays.com\/fr\/wp-json\/wp\/v2\/types\/post"}],"author":[{"embeddable":true,"href":"https:\/\/www.europesays.com\/fr\/wp-json\/wp\/v2\/users\/2"}],"replies":[{"embeddable":true,"href":"https:\/\/www.europesays.com\/fr\/wp-json\/wp\/v2\/comments?post=429553"}],"version-history":[{"count":0,"href":"https:\/\/www.europesays.com\/fr\/wp-json\/wp\/v2\/posts\/429553\/revisions"}],"wp:featuredmedia":[{"embeddable":true,"href":"https:\/\/www.europesays.com\/fr\/wp-json\/wp\/v2\/media\/429554"}],"wp:attachment":[{"href":"https:\/\/www.europesays.com\/fr\/wp-json\/wp\/v2\/media?parent=429553"}],"wp:term":[{"taxonomy":"category","embeddable":true,"href":"https:\/\/www.europesays.com\/fr\/wp-json\/wp\/v2\/categories?post=429553"},{"taxonomy":"post_tag","embeddable":true,"href":"https:\/\/www.europesays.com\/fr\/wp-json\/wp\/v2\/tags?post=429553"}],"curies":[{"name":"wp","href":"https:\/\/api.w.org\/{rel}","templated":true}]}}