{"id":429567,"date":"2025-09-30T21:38:11","date_gmt":"2025-09-30T21:38:11","guid":{"rendered":"https:\/\/www.europesays.com\/fr\/429567\/"},"modified":"2025-09-30T21:38:11","modified_gmt":"2025-09-30T21:38:11","slug":"le-directeur-sportif-john-williams-sen-va","status":"publish","type":"post","link":"https:\/\/www.europesays.com\/fr\/429567\/","title":{"rendered":"le directeur sportif John Williams s\u2019en va"},"content":{"rendered":"<p>\u00ab\u00a0J\u2019intervenais depuis plus d\u2019un an comme b\u00e9n\u00e9vole et, \u00e0 un moment, il faut que \u00e7a s\u2019arr\u00eate, confirme-t-il \u00e0 \u00ab\u00a0Sud Ouest\u00a0\u00bb. Je travaille avec cinq recruteurs (dans sa structure, NDLR), on s\u2019est tous mis au service des Girondins avec beaucoup passion. Il n\u2019y a de conflit avec personne.\u00a0\u00bb<\/p>\n<p>Lormontais d\u2019origine, celui qui est \u00e9galement directeur sportif d\u2019Amiens avait \u00e9t\u00e9 contact\u00e9 par le pr\u00e9sident et propri\u00e9taire G\u00e9rard Lopez en ao\u00fbt 2024, apr\u00e8s le d\u00e9p\u00f4t de bilan et la r\u00e9trogradation en National 2, pour reconstruire un effectif en urgence.<\/p>\n<p>Constitu\u00e9 en moins d\u2019un mois de quatorze recrues amen\u00e9es par ses soins (dont l\u2019Anglais Andy Carroll) et quelques \u00e9l\u00e9ments recrut\u00e9s par Erwan Lannuzel pour la r\u00e9serve en National 3, l\u2019effectif girondin avait pris la t\u00eate du championnat en f\u00e9vrier avant de s\u2019\u00e9crouler malgr\u00e9 l\u2019apport de deux nouveaux arrivants au mercato de janvier (Yvan Ikia Dimi et Etienne Beugre).<\/p>\n<p>Pas de contrat<\/p>\n<p>Non contractualis\u00e9, John Williams, domicili\u00e9 \u00e0 Bayonne et venant au Haillan une ou deux fois par semaine, avait toutefois accept\u00e9 de poursuivre, reconstruisant \u00e0 nouveau un groupe avec l\u2019entra\u00eeneur Bruno Irles pour un nouveau projet de jeu (16 recrues). Les Girondins sont actuellement septi\u00e8mes apr\u00e8s six journ\u00e9es \u00e0 cinq points du leader.<\/p>\n<p><a href=\"https:\/\/www.sudouest.fr\/sport\/football\/entretien-girondins-de-bordeaux-masse-salariale-partenariat-association-le-budget-sera-tenu-promet-le-directeur-general-arnaud-saint-andre-25857115.php\" target=\"_blank\" rel=\"follow nofollow noopener\">Le directeur g\u00e9n\u00e9ral Arnaud Saint-Andr\u00e9 avait indiqu\u00e9 \u00e0 \u00ab\u00a0Sud Ouest\u00a0\u00bb d\u00e9but septembre<\/a> que des discussions devaient avoir lieu ce mois-ci concernant une contractualisation avec John Williams.<\/p>\n","protected":false},"excerpt":{"rendered":"\u00ab\u00a0J\u2019intervenais depuis plus d\u2019un an comme b\u00e9n\u00e9vole et, \u00e0 un moment, il faut que \u00e7a s\u2019arr\u00eate, confirme-t-il \u00e0&hellip;\n","protected":false},"author":2,"featured_media":429568,"comment_status":"","ping_status":"","sticky":false,"template":"","format":"standard","meta":{"footnotes":""},"categories":[2817],"tags":[1111,11,1997,1777,674,1011,27,12,2219,25],"class_list":{"0":"post-429567","1":"post","2":"type-post","3":"status-publish","4":"format-standard","5":"has-post-thumbnail","7":"category-bordeaux","8":"tag-actu","9":"tag-actualites","10":"tag-bordeaux","11":"tag-eu","12":"tag-europe","13":"tag-fr","14":"tag-france","15":"tag-news","16":"tag-nouvelle-aquitaine","17":"tag-republique-francaise"},"share_on_mastodon":{"url":"https:\/\/pubeurope.com\/@fr\/115295414201399916","error":""},"_links":{"self":[{"href":"https:\/\/www.europesays.com\/fr\/wp-json\/wp\/v2\/posts\/429567","targetHints":{"allow":["GET"]}}],"collection":[{"href":"https:\/\/www.europesays.com\/fr\/wp-json\/wp\/v2\/posts"}],"about":[{"href":"https:\/\/www.europesays.com\/fr\/wp-json\/wp\/v2\/types\/post"}],"author":[{"embeddable":true,"href":"https:\/\/www.europesays.com\/fr\/wp-json\/wp\/v2\/users\/2"}],"replies":[{"embeddable":true,"href":"https:\/\/www.europesays.com\/fr\/wp-json\/wp\/v2\/comments?post=429567"}],"version-history":[{"count":0,"href":"https:\/\/www.europesays.com\/fr\/wp-json\/wp\/v2\/posts\/429567\/revisions"}],"wp:featuredmedia":[{"embeddable":true,"href":"https:\/\/www.europesays.com\/fr\/wp-json\/wp\/v2\/media\/429568"}],"wp:attachment":[{"href":"https:\/\/www.europesays.com\/fr\/wp-json\/wp\/v2\/media?parent=429567"}],"wp:term":[{"taxonomy":"category","embeddable":true,"href":"https:\/\/www.europesays.com\/fr\/wp-json\/wp\/v2\/categories?post=429567"},{"taxonomy":"post_tag","embeddable":true,"href":"https:\/\/www.europesays.com\/fr\/wp-json\/wp\/v2\/tags?post=429567"}],"curies":[{"name":"wp","href":"https:\/\/api.w.org\/{rel}","templated":true}]}}