{"id":429569,"date":"2025-09-30T21:39:14","date_gmt":"2025-09-30T21:39:14","guid":{"rendered":"https:\/\/www.europesays.com\/fr\/429569\/"},"modified":"2025-09-30T21:39:14","modified_gmt":"2025-09-30T21:39:14","slug":"qui-a-tue-moulay-retrouve-noye-a-toulouse-sa-famille-convaincue-quil-a-ete-victime-dun-homicide","status":"publish","type":"post","link":"https:\/\/www.europesays.com\/fr\/429569\/","title":{"rendered":"\u00ab\u00a0Qui a tu\u00e9 Moulay\u00a0\u00bb, retrouv\u00e9 noy\u00e9 \u00e0 Toulouse ? Sa famille convaincue qu&rsquo;il a \u00e9t\u00e9 victime d&rsquo;un homicide"},"content":{"rendered":"<p>            Par<br \/>\n        <strong><br \/>\n            <a href=\"https:\/\/actu.fr\/auteur\/guillaume-laurens\" title=\"Consulter tous les articles de Guillaume Laurens\" target=\"_blank\" rel=\"noopener\">Guillaume Laurens<\/a><br \/>\n        <\/strong><\/p>\n<p>        Publi\u00e9 le<\/p>\n<p>            30 sept. 2025 \u00e0 17h53        <\/p>\n<p>\u00ab\u2009On ne peut pas faire notre deuil\u2009\u00bb. La <strong>famille Bouhadi<\/strong> est d\u00e9sempar\u00e9e. Plus de dix jours apr\u00e8s l\u2019annonce brutale du d\u00e9c\u00e8s de <strong>Moulay<\/strong>, 39\u00a0ans, noy\u00e9 dans le canal du Midi \u00e0 <strong><a href=\"https:\/\/actu.fr\/toulouse\/\" target=\"_blank\" rel=\"noopener\">Toulouse<\/a><\/strong>, sa s\u0153ur <strong>Aziza<\/strong> a des tr\u00e9molos dans la voix. Elle r\u00e9clame \u00ab\u2009une vraie enqu\u00eate\u2009\u00bb pour que la<strong> \u00ab\u2009mort suspecte\u2009\u00bb<\/strong> de son fr\u00e8re qui leur aurait \u00e9t\u00e9 pr\u00e9sent\u00e9e comme un suicide, soit \u00ab\u2009requalifi\u00e9e en homicide\u2009\u00bb. Parmi les \u00e9l\u00e9ments qui troublent ses proches\u2009? Un \u00ab\u2009\u00e0 tout \u00e0 l\u2019heure\u2009\u00bb lanc\u00e9 par la victime apr\u00e8s avoir mis de la viande dans l\u2019Airfryer de la cuisine familiale, mais aussi une \u00e9trange <strong>culotte de femme, de type tanga,<\/strong> que portait la victime ce jour-l\u00e0. Ce que l\u2019on sait.<\/p>\n<p>Le corps de Moulay rep\u00each\u00e9 dans le canal du Midi<\/p>\n<p class=\" wall-content\">Vendredi 19\u00a0septembre, en fin de matin\u00e9e, <a href=\"https:\/\/actu.fr\/occitanie\/toulouse_31555\/toulouse-un-corps-sans-vie-repeche-dans-le-canal-du-midi-par-les-sapeurs-pompiers_63188647.html\" target=\"_blank\" rel=\"noopener\">les plongeurs des sapeurs-pompiers sont intervenus boulevard de la Gare, dans le canal du Midi<\/a> pour <strong>rep\u00eacher un corps<\/strong> qui flottait. Ses proches apprendront quelques jours plus tard que c\u2019\u00e9tait celui de Moulay. De quoi plonger dans l\u2019effroi ses parents, son fiston et ses cinq fr\u00e8res et s\u0153urs, tr\u00e8s inquiets de ne plus avoir de nouvelle de lui depuis jeudi. D\u2019autant \u00ab\u2009qu\u2019il n\u2019y a pas un jour sur les 365 de l\u2019ann\u00e9e o\u00f9 je ne voyais pas mon fr\u00e8re\u2009\u00bb, souffle Aziza.<\/p>\n<p>\u00ab\u2009Un peu le vilain petit canard de la fratrie\u2009\u00bb<\/p>\n<p class=\" wall-content\">\u00ab\u2009La police nous a dit qu\u2019il avait ses habitudes dans le coin, qu\u2019il y est venu consommer, avant de se noyer\u2009\u00bb. Si elle admet que son fr\u00e8re \u00ab\u2009avait l\u2019habitude de prendre <strong>du cannabis<\/strong>, voire <strong>d\u2019autres drogues\u2009\u00bb,<\/strong> Aziza assure qu\u2019il \u00ab\u2009g\u00e9rait ses consommations depuis plus de 20\u00a0ans\u2009\u00bb et conclut\u2009: \u00ab\u2009La police nous dit que c\u2019est un suicide, mais <strong>on n\u2019y croit pas\u2009\u00bb.<\/strong><\/p>\n<p class=\" wall-content\">Divorc\u00e9 et p\u00e8re d\u2019un enfant de 16\u00a0ans, Moulay travaillait comme ma\u00e7on pour des agences d\u2019int\u00e9rim. Il avait des ant\u00e9c\u00e9dents judiciaires pour \u00ab\u2009des <strong>d\u00e9lits mineurs\u2009\u00bb<\/strong>, reconna\u00eet sa s\u0153ur. \u00ab\u2009Il \u00e9tait un peu le vilain petit canard de la fratrie\u2009\u00bb, glisse-t-elle, \u00ab\u2009mais il \u00e9tait surtout tr\u00e8s gentil et tr\u00e8s attach\u00e9 aux valeurs de la famille\u2009\u00bb. Jamais, d\u2019apr\u00e8s elle, il n\u2019aurait disparu ainsi.<\/p>\n<p>\u00ab\u2009Il a mis de la viande dans l\u2019Airfryer et dit \u2018Je reviens manger\u2019\u2009\u00bb<\/p>\n<p class=\" wall-content\">D\u2019apr\u00e8s le t\u00e9moignage de sa s\u0153ur, ce jeudi-l\u00e0, en milieu de matin\u00e9e, \u00ab\u2009Moulay a<strong> mis de la viande<\/strong> \u00e0 d\u00e9congeler <strong>dans l\u2019Airfryer<\/strong> avant de partir, puis il a dit \u00e0 notre m\u00e8re\u2009: je reviens manger, <strong>\u00e0 tout \u00e0 l\u2019heure.<\/strong> Mais il n\u2019est jamais revenu et n\u2019a plus donn\u00e9 signe de vie\u2009\u00bb.<\/p>\n<p class=\" wall-content\">Pourquoi n\u2019est-il jamais rentr\u00e9\u2009? Et que lui est-il arriv\u00e9\u2009? C\u2019est toute la question. \u00ab\u2009La police l\u2019a visiblement pris pour <strong>un SDF toxicomane<\/strong> comme on en trouve \u00e0 la gare\u2009\u00bb, soupire Aziza, or, \u00ab\u2009il vivait dans une r\u00e9sidence avec piscine situ\u00e9e boulevard de la Maourine, \u00e0 Borderouge\u2009\u00bb.<\/p>\n<p>Ses affaires retrouv\u00e9es sur la berge \u00e0 proximit\u00e9<\/p>\n<p class=\" wall-content\">Quand Moulay a \u00e9t\u00e9 rep\u00each\u00e9,<strong> \u00ab\u2009une partie de ses affaires<\/strong> et son t\u00e9l\u00e9phone portable ont \u00e9t\u00e9 retrouv\u00e9s sur la berge, \u00e0 proximit\u00e9\u2009\u00bb, confirme une source proche de l\u2019enqu\u00eate. Ce qui \u00e9tonne d\u2019autant plus sa famille\u2009: \u00ab\u2009On nous a dit que Moulay \u00e9tait pieds nus, et que son t\u00e9l\u00e9phone et ses habits, avec son cale\u00e7on, son bas de jogging et ses baskets, avaient \u00e9t\u00e9 retrouv\u00e9s \u00e0 proximit\u00e9\u2009\u00bb. Mais bizarrement, Moulay n\u2019\u00e9tait pas d\u00e9v\u00eatu ce jour-l\u00e0.<\/p>\n<p>Votre r\u00e9gion, votre actu !<\/p>\n<p>Recevez chaque jour les infos qui comptent pour vous.<\/p>\n<p>\t<a href=\"https:\/\/actu.fr\/newsletter\" class=\"ac-btn ac-btn--corner ac-btn--medium ac-btn--blue800\" target=\"_blank\" rel=\"noopener\">S&rsquo;incrire<\/a><br \/>\n\u00ab\u2009Ils ont voulu faire passer mon fr\u00e8re pour un travesti\u2009\u00bb<\/p>\n<p class=\" wall-content\">\u00ab\u2009Je veux comprendre les circonstances de la <strong>mort suspecte<\/strong> de mon fr\u00e8re\u2009\u00bb, insiste Aziza, qui est tomb\u00e9e des nues ce lundi 29\u00a0septembre, \u00e0 la morgue, quand elle a d\u00e9couvert <strong>sa tenue\u2009: <\/strong>\u00ab\u2009Le m\u00e9decin l\u00e9giste nous a dit que quand on l\u2019a retrouv\u00e9, il portait un t-shirt jaune, une <strong>culotte de femme de type tanga marron<\/strong> et un pantalon leggings\u2009noir\u2009\u00bb.<\/p>\n<p class=\" wall-content\">N\u2019imaginant pas un instant que Moulay, \u00ab\u00a0croyant et attach\u00e9 aux valeurs\u00a0\u00bb, puisse s\u2019habiller ainsi, Aziza est offusqu\u00e9e que \u00ab\u2009l\u2019enqu\u00eateur ait voulu <strong>faire passer mon fr\u00e8re pour un travesti. <\/strong>Il n\u2019a jamais eu de tendances sexuelles envers les hommes, il \u00e9tait plut\u00f4t un dragueur de femmes inv\u00e9t\u00e9r\u00e9. Pourquoi la famille n\u2019a-t-elle pas \u00e9t\u00e9 inform\u00e9e de ces \u00e9l\u00e9ments troublants\u2009?\u00a0\u00bb, s\u2019interroge-t-elle\u2009: \u00ab\u2009On est dans<strong> un cauchemar \u00e9veill\u00e9\u2009\u00bb.<\/strong><\/p>\n<blockquote class=\"ac-article-quote wall-content\">\n<p>Pour nous, cela ne fait aucun doute, il a \u00e9t\u00e9 tu\u00e9. Ce n&rsquo;est pas un suicide et on veut que son d\u00e9c\u00e8s soit requalifi\u00e9 pour pouvoir faire notre deuil. Qui a tu\u00e9 Moulay ?\u2009<\/p>\n<p>    <strong>Aziza Bouhadi<\/strong><br \/>\n        S\u0153ur de Moulay, retrouv\u00e9 mort dans le canal du Midi    <\/p><\/blockquote>\n<p>\u00ab\u2009Vu comment le corps \u00e9tait ab\u00eem\u00e9\u2026\u2009\u00bb<\/p>\n<p class=\" wall-content\"><strong>Infirmi\u00e8re<\/strong> de profession, Aziza est \u00ab\u2009habitu\u00e9e \u00e0 faire des toilettes mortuaires\u2009\u00bb. Alors, \u00e0 la morgue, apr\u00e8s l\u2019autopsie, elle a \u00ab\u00a0ouvert le sac\u00a0\u00bb dans lequel se trouvait le cadavre de son fr\u00e8re. Et l\u00e0, stupeur. \u00ab\u00a0Sur le corps\u00a0\u00bb, dit-elle, \u00ab\u00a0il y avait<strong> plusieurs traces suspectes<\/strong>\u2009: fracture du f\u00e9mur gauche qui avait visiblement \u00e9t\u00e9 ouvert par le m\u00e9decin l\u00e9giste \u00e0 l\u2019autopsie, clavicule d\u00e9plac\u00e9e, bleus au niveau des cotes, h\u00e9matome avec du sang sur le front\u2026\u2009\u00bb<\/p>\n<blockquote class=\"ac-article-quote wall-content\">\n<p>Vu comment le corps \u00e9tait abim\u00e9, je ne doute pas qu&rsquo;il y ait eu l&rsquo;intervention d&rsquo;une tierce personne.\n<\/p>\n<p>    <strong>Aziza Bouhadi<\/strong>\n            <\/p><\/blockquote>\n<p class=\" wall-content\">Le corps de Moulay peut-il simplement avoir \u00e9t\u00e9 ab\u00eem\u00e9 dans le canal\u2009? A-t-il \u00e9t\u00e9 percut\u00e9 par quelque chose\u2009? Certaines traces sont-elles dues \u00e0 l\u2019autopsie\u2009? \u00ab\u2009Le m\u00e9decin l\u00e9giste \u00e9crit dans ses conclusions que sa mort est due \u00e0<strong> une \u2018asphyxie<\/strong> qui n\u2019est pas incompatible avec une noyade\u2019. Je demande \u00e0 \u00e9claircir \u00e7a\u2009\u00bb, avance Aziza.<\/p>\n<p class=\" wall-content\">Peut-il avoir \u00e9t\u00e9 \u00ab\u2009impliqu\u00e9 dans <strong>une bagarre<\/strong>, ou bien <strong>un accident<\/strong>, puisqu\u2019il a \u00e9t\u00e9 retrouv\u00e9 boulevard de la gare\u2009?\u2009\u00bb. Tant de pistes qu\u2019elle aimerait voir creus\u00e9es, d\u2019autant que c\u2019\u00e9tait \u00ab\u2009quelqu\u2019un qui pouvait facilement s\u2019emporter\u2009\u00bb.<\/p>\n<p>Un autre corps rep\u00each\u00e9 au m\u00eame moment dans la Garonne<\/p>\n<p class=\" wall-content\">Autre \u00e9l\u00e9ment qui a troubl\u00e9 la famille\u2009: le soir m\u00eame o\u00f9 Moulay a disparu, un autre corps a \u00e9t\u00e9 rep\u00each\u00e9 par les pompiers, dans la Garonne cette fois, celui d\u2019<a href=\"https:\/\/actu.fr\/occitanie\/toulouse_31555\/toulouse-il-plonge-dans-la-garonne-pour-echapper-a-la-police-un-homme-sauve-de-la-noyade_63185419.html\" target=\"_blank\" rel=\"noopener\">un jeune homme qui a \u00e9t\u00e9 sauv\u00e9 in extremis apr\u00e8s avoir tent\u00e9 d\u2019\u00e9chapper \u00e0 la police.<\/a><\/p>\n<p class=\" wall-content\">Si dans un premier temps, cette affaire a sem\u00e9 le trouble chez les Bouhadi, tout porte \u00e0 croire que ce n\u2019\u00e9tait qu\u2019<strong>une<\/strong> <strong>co\u00efncidence,<\/strong> mais la famille \u00ab\u2009appelle cette personne qui s\u2019est jet\u00e9e dans la Garonne \u00e0 se manifester afin de recueillir des informations\u2009\u00bb.<\/p>\n<p>\u00ab\u2009Toutes les pistes sont exploit\u00e9es\u2009\u00bb, dit le parquet de Toulouse<\/p>\n<p class=\" wall-content\">Contact\u00e9 par Actu, le <strong>parquet de Toulouse<\/strong> assure de son c\u00f4t\u00e9 que \u00ab\u2009l\u2019enqu\u00eate n\u2019est pas cl\u00f4tur\u00e9e. Des investigations sont men\u00e9es et <strong>toutes les pistes sont exploit\u00e9es\u2009\u00bb<\/strong>, ajoute-t-il, avant de pr\u00e9ciser qu\u2019il n\u2019a pas encore <strong>retenu de qualification<\/strong> du d\u00e9c\u00e8s, mais d\u2019apr\u00e8s lui, \u00ab\u2009il n\u2019y a pas eu de notion de fracture \u00e0 l\u2019autopsie\u2009\u00bb.<\/p>\n<blockquote class=\"ac-article-quote wall-content\">\n<p>L&rsquo;autopsie n&rsquo;a pas mis en \u00e9vidence d&rsquo;\u00e9l\u00e9ments qui permettraient de qualifier p\u00e9nalement les faits et nous sommes toujours en proc\u00e9dure de recherche des causes de la mort. Les r\u00e9sultats des investigations de toxicologie et anatomopathologie sont \u00e9galement attendus.<\/p>\n<p>    <strong>Le parquet de Toulouse<\/strong>\n            <\/p><\/blockquote>\n<p>La famille r\u00e9clame \u00ab\u2009une enqu\u00eate digne de ce nom\u2009\u00bb<\/p>\n<p class=\" wall-content\">La famille, elle, n\u2019en d\u00e9mord pas. Pour \u00e9claircir les circonstances du d\u00e9c\u00e8s de Moulay, elle invoque \u00ab\u2009une vraie enqu\u00eate digne de ce nom\u2009\u00bb et r\u00e9clame \u00ab\u2009l\u2019examen des <strong>cam\u00e9ras de vid\u00e9osurveillance\u2009\u00bb,<\/strong> ainsi que<strong> \u00ab\u2009des tests ADN sur la culotte\u2009\u00bb.<\/strong><\/p>\n<p class=\" wall-content\">Sur les conseils de son avocat, Me Pierre Debuisson, elle entend <strong>porter plainte pour homicide<\/strong>. En attendant, Aziza a <a href=\"https:\/\/www.leetchi.com\/fr\/c\/aidez-nous-a-connaitre-la-verite-sur-la-mort-de-mon-frere-2044554\" target=\"_blank\" rel=\"noopener\">ouvert une cagnotte Leetchi (qui a d\u00e9j\u00e0 recueilli plus de 5\u2009000\u00a0euros ce mardi)<\/a> pour \u00ab\u2009conna\u00eetre la v\u00e9rit\u00e9 sur la mort de (s) on fr\u00e8re\u2009\u00bb et faire face aux frais de justice.<\/p>\n<p class=\" wall-content\">Personnalisez votre actualit\u00e9 en ajoutant vos villes et m\u00e9dias en favori avec <a href=\"https:\/\/moncompte.actu.fr\" title=\"D\u00e9couvez Mon Actu\" rel=\"nofollow noopener\" data-trk=\"{&quot;cta&quot;:{&quot;action&quot;:&quot;https:\\\/\\\/moncompte.actu.fr&quot;,&quot;category&quot;:&quot;mon compte&quot;,&quot;from&quot;:&quot;article footer&quot;,&quot;name&quot;:&quot;Mon actu&quot;,&quot;type&quot;:&quot;cta&quot;}}\" target=\"_blank\">Mon Actu<\/a>.<\/p>\n","protected":false},"excerpt":{"rendered":"Par Guillaume Laurens Publi\u00e9 le 30 sept. 2025 \u00e0 17h53 \u00ab\u2009On ne peut pas faire notre deuil\u2009\u00bb. La&hellip;\n","protected":false},"author":2,"featured_media":429570,"comment_status":"","ping_status":"","sticky":false,"template":"","format":"standard","meta":{"footnotes":""},"categories":[2816],"tags":[1111,11,1777,674,118,1011,27,5601,777,12,2680,25,2312],"class_list":{"0":"post-429569","1":"post","2":"type-post","3":"status-publish","4":"format-standard","5":"has-post-thumbnail","7":"category-toulouse","8":"tag-actu","9":"tag-actualites","10":"tag-eu","11":"tag-europe","12":"tag-faits-divers","13":"tag-fr","14":"tag-france","15":"tag-garonne","16":"tag-meurtre","17":"tag-news","18":"tag-occitanie","19":"tag-republique-francaise","20":"tag-toulouse"},"share_on_mastodon":{"url":"https:\/\/pubeurope.com\/@fr\/115295418132068643","error":""},"_links":{"self":[{"href":"https:\/\/www.europesays.com\/fr\/wp-json\/wp\/v2\/posts\/429569","targetHints":{"allow":["GET"]}}],"collection":[{"href":"https:\/\/www.europesays.com\/fr\/wp-json\/wp\/v2\/posts"}],"about":[{"href":"https:\/\/www.europesays.com\/fr\/wp-json\/wp\/v2\/types\/post"}],"author":[{"embeddable":true,"href":"https:\/\/www.europesays.com\/fr\/wp-json\/wp\/v2\/users\/2"}],"replies":[{"embeddable":true,"href":"https:\/\/www.europesays.com\/fr\/wp-json\/wp\/v2\/comments?post=429569"}],"version-history":[{"count":0,"href":"https:\/\/www.europesays.com\/fr\/wp-json\/wp\/v2\/posts\/429569\/revisions"}],"wp:featuredmedia":[{"embeddable":true,"href":"https:\/\/www.europesays.com\/fr\/wp-json\/wp\/v2\/media\/429570"}],"wp:attachment":[{"href":"https:\/\/www.europesays.com\/fr\/wp-json\/wp\/v2\/media?parent=429569"}],"wp:term":[{"taxonomy":"category","embeddable":true,"href":"https:\/\/www.europesays.com\/fr\/wp-json\/wp\/v2\/categories?post=429569"},{"taxonomy":"post_tag","embeddable":true,"href":"https:\/\/www.europesays.com\/fr\/wp-json\/wp\/v2\/tags?post=429569"}],"curies":[{"name":"wp","href":"https:\/\/api.w.org\/{rel}","templated":true}]}}