{"id":429585,"date":"2025-09-30T21:49:16","date_gmt":"2025-09-30T21:49:16","guid":{"rendered":"https:\/\/www.europesays.com\/fr\/429585\/"},"modified":"2025-09-30T21:49:16","modified_gmt":"2025-09-30T21:49:16","slug":"la-flottille-global-sumud-en-direction-de-gaza-exhorte-les-autorites-europeennes-et-francaises-a-assurer-sa-securite","status":"publish","type":"post","link":"https:\/\/www.europesays.com\/fr\/429585\/","title":{"rendered":"La flottille Global Sumud, en direction de Gaza, exhorte les autorit\u00e9s europ\u00e9ennes et fran\u00e7aises \u00e0 assurer sa s\u00e9curit\u00e9"},"content":{"rendered":"\n<p class=\"c-chapo \">\n  Dans un communiqu\u00e9, elle souligne que l\u2019Espagne, la Gr\u00e8ce, l\u2019Italie et la Turquie \u00ab\u00a0ont d\u00e9j\u00e0 pris leurs responsabilit\u00e9s en mobilisant des navires militaires pour s\u00e9curiser le passage\u00a0\u00bb de la flotille.\n<\/p>\n<p>      lire plus tard<\/p>\n<p id=\"dialog__title\" class=\"dialog__title\">Pour sauvegarder cet article, connectez-vous ou cr\u00e9ez un compte franceinfo<\/p>\n<p class=\"dialog__description\">Sans paiement. Sans abonnement.<\/p>\n<p>        Fermer la fen\u00eatre d\u2019activation des notifications France Info<\/p>\n<p>      cr\u00e9er votre compte<\/p>\n<p>      se connecter<\/p>\n<p>        Fermer la fen\u00eatre de pr\u00e9sentation<\/p>\n<p>    <img loading=\"lazy\" decoding=\"async\" class=\"signature__image lazyload\" width=\"100\" height=\"100\" data- alt=\"\" src=\"https:\/\/www.europesays.com\/fr\/wp-content\/uploads\/2025\/06\/64a55fd777de4_placeholder-36b69ec8.png\"\/><\/p>\n<p>    Publi\u00e9 le 30\/09\/2025 22:58<\/p>\n<p>        Temps de lecture : 1min<\/p>\n<p>    <img decoding=\"async\"  alt=\"La flottille Global Sumud en mer, en direction de la bande de Gaza, le 30 septembre 2025. (OGNJEN MARKOVIC \/ ANADOLU \/ AFP)\" width=\"432\" height=\"243\" src=\"https:\/\/www.europesays.com\/fr\/wp-content\/uploads\/2025\/09\/068-aa-30092025-2445759-68dc43e830c03947530291.jpg\" fetchpriority=\"high\"\/><\/p>\n<p>      La flottille Global Sumud en mer, en direction de la bande de Gaza, le 30 septembre 2025. (OGNJEN MARKOVIC \/ ANADOLU \/ AFP)<\/p>\n<p>La flottille Global Sumud, en route vers la bande de Gaza, a demand\u00e9 aux autorit\u00e9s europ\u00e9ennes et fran\u00e7aises, mardi 30 septembre, de r\u00e9agir pour sa s\u00e9curit\u00e9.\u00a0\u00ab\u00a0Dans moins de 40 heures\u00a0\u00bb, les membres du navire\u00a0\u00ab\u00a0auront soit d\u00e9livr\u00e9 de l\u2019aide humanitaire au peuple palestinien de Gaza et bris\u00e9 le blocus ill\u00e9gal, soit \u00e9t\u00e9 kidnapp\u00e9s et enferm\u00e9s dans les ge\u00f4les isra\u00e9liennes\u00a0\u00bb, \u00e9crit-elle dans un communiqu\u00e9.\u00a0\u00ab\u00a0La protection des Etats est la condition indispensable pour que la flottille atteigne ses objectifs.\u00a0\u00bb<\/p>\n<p>\u00ab\u00a0Jusqu\u2019ici, Emmanuel Macron et son gouvernement sont rest\u00e9s muets ou ont d\u00e9nigr\u00e9 une initiative pourtant fond\u00e9e sur le droit international, d\u00e9nonce la Global Sumud Flotilla.\u00a0Les autorit\u00e9s europ\u00e9ennes et fran\u00e7aises doivent r\u00e9agir au plus vite et se tenir pr\u00eates non seulement \u00e0 porter secours \u00e0 la flottille, mais aussi \u00e0 l\u2019escorter jusqu\u2019\u00e0 Gaza pour accomplir son devoir devant l\u2019humanit\u00e9.\u00a0\u00bb\u00a0Elle souligne que l\u2019Espagne, la Gr\u00e8ce, l\u2019Italie et la Turquie \u00ab\u00a0ont d\u00e9j\u00e0 pris leurs responsabilit\u00e9s en mobilisant des navires militaires pour s\u00e9curiser le passage\u00a0\u00bb de la flotille.<\/p>\n<p>Cette flottille, compos\u00e9e d\u2019une cinquantaine d\u2019embarcations transportant de l\u2019aide humanitaire, r\u00e9unit plusieurs centaines de participants venus de 45 pays. La semaine derni\u00e8re, <a href=\"https:\/\/www.franceinfo.fr\/monde\/proche-orient\/israel-palestine\/la-france-condamne-toute-attaque-en-mer-et-appelle-au-respect-du-droit-international-apres-que-la-flottille-pour-gaza-s-est-dite-ciblee-par-une-nouvelle-attaque_7511710.html\" rel=\"nofollow noopener\" target=\"_blank\">le quai d&rsquo;Orsay a d\u00e9clar\u00e9<\/a>, dans un communiqu\u00e9, que \u00ab\u00a0la France suit de pr\u00e8s et avec une grande pr\u00e9occupation le parcours de la flottille Global Sumud vers Gaza\u00a0\u00bb, et \u00ab\u00a0condamne toute attaque en mer\u00a0\u00bb.<\/p>\n","protected":false},"excerpt":{"rendered":"Dans un communiqu\u00e9, elle souligne que l\u2019Espagne, la Gr\u00e8ce, l\u2019Italie et la Turquie \u00ab\u00a0ont d\u00e9j\u00e0 pris leurs responsabilit\u00e9s&hellip;\n","protected":false},"author":2,"featured_media":429586,"comment_status":"","ping_status":"","sticky":false,"template":"","format":"standard","meta":{"footnotes":""},"categories":[1888],"tags":[1111,1928,11,1927,1777,674,1011,27,12,1926,626,1925,25],"class_list":{"0":"post-429585","1":"post","2":"type-post","3":"status-publish","4":"format-standard","5":"has-post-thumbnail","7":"category-paris","8":"tag-actu","9":"tag-actu-paris","10":"tag-actualites","11":"tag-actualites-paris","12":"tag-eu","13":"tag-europe","14":"tag-fr","15":"tag-france","16":"tag-news","17":"tag-news-paris","18":"tag-paris","19":"tag-paris-news","20":"tag-republique-francaise"},"share_on_mastodon":{"url":"https:\/\/pubeurope.com\/@fr\/115295457881692544","error":""},"_links":{"self":[{"href":"https:\/\/www.europesays.com\/fr\/wp-json\/wp\/v2\/posts\/429585","targetHints":{"allow":["GET"]}}],"collection":[{"href":"https:\/\/www.europesays.com\/fr\/wp-json\/wp\/v2\/posts"}],"about":[{"href":"https:\/\/www.europesays.com\/fr\/wp-json\/wp\/v2\/types\/post"}],"author":[{"embeddable":true,"href":"https:\/\/www.europesays.com\/fr\/wp-json\/wp\/v2\/users\/2"}],"replies":[{"embeddable":true,"href":"https:\/\/www.europesays.com\/fr\/wp-json\/wp\/v2\/comments?post=429585"}],"version-history":[{"count":0,"href":"https:\/\/www.europesays.com\/fr\/wp-json\/wp\/v2\/posts\/429585\/revisions"}],"wp:featuredmedia":[{"embeddable":true,"href":"https:\/\/www.europesays.com\/fr\/wp-json\/wp\/v2\/media\/429586"}],"wp:attachment":[{"href":"https:\/\/www.europesays.com\/fr\/wp-json\/wp\/v2\/media?parent=429585"}],"wp:term":[{"taxonomy":"category","embeddable":true,"href":"https:\/\/www.europesays.com\/fr\/wp-json\/wp\/v2\/categories?post=429585"},{"taxonomy":"post_tag","embeddable":true,"href":"https:\/\/www.europesays.com\/fr\/wp-json\/wp\/v2\/tags?post=429585"}],"curies":[{"name":"wp","href":"https:\/\/api.w.org\/{rel}","templated":true}]}}