{"id":429597,"date":"2025-09-30T21:55:13","date_gmt":"2025-09-30T21:55:13","guid":{"rendered":"https:\/\/www.europesays.com\/fr\/429597\/"},"modified":"2025-09-30T21:55:13","modified_gmt":"2025-09-30T21:55:13","slug":"une-fusee-explose-au-decollage-lors-dun-test-au-texas","status":"publish","type":"post","link":"https:\/\/www.europesays.com\/fr\/429597\/","title":{"rendered":"une fus\u00e9e explose au d\u00e9collage lors d\u2019un test au Texas"},"content":{"rendered":"<p>Si personne n\u2019a \u00e9t\u00e9 bless\u00e9 dans l\u2019accident, le co\u00fbt financier est consid\u00e9rable pour Firefly Aerospace, fond\u00e9 il y a seulement huit ans.<\/p>\n<p class=\"fig-paragraph\">Une d\u00e9convenue de plus pour Firefly Aerospace. La soci\u00e9t\u00e9 am\u00e9ricaine, qui avait d\u00e9j\u00e0 perdu une\u00a0<a href=\"http:\/\/www.lefigaro.fr\/sciences\/explosion-de-la-fusee-starship-lors-d-un-essai-au-sol-un-coup-dur-pour-elon-musk-et-le-programme-lunaire-de-la-nasa-20250619\" data-fig-type=\"Article\" data-gtm-custom-categorie=\"navigation\" data-gtm-custom-action=\"crossclick\" data-gtm-custom-label=\"Contextuel\" data-gtm-event=\"customEventSPE\" data-fig-domain=\"LEFIGARO\" rel=\"nofollow noopener\" target=\"_blank\">fus\u00e9e<\/a>\u00a0Alpha en avril 2025, en a perdu une autre dans la nuit de lundi \u00e0 mardi au c\u0153ur de sa base de Briggs, au\u00a0<a href=\"http:\/\/www.lefigaro.fr\/international\/etats-unis-plusieurs-blesses-apres-des-tirs-dans-un-centre-de-la-police-de-l-immigration-a-dallas-20250924\" data-fig-type=\"NewsFlash\" data-gtm-custom-categorie=\"navigation\" data-gtm-custom-action=\"crossclick\" data-gtm-custom-label=\"Contextuel\" data-gtm-event=\"customEventSPE\" data-fig-domain=\"LEFIGARO\" rel=\"nofollow noopener\" target=\"_blank\">Texas<\/a>. \u00abLes protocoles de s\u00e9curit\u00e9 appropri\u00e9s ont \u00e9t\u00e9 suivis et tout le personnel est en s\u00e9curit\u00e9. L\u2019entreprise \u00e9value actuellement l\u2019impact sur son banc d\u2019essai, et aucune autre installation n\u2019a \u00e9t\u00e9 touch\u00e9e\u00bb, a-t-elle pr\u00e9cis\u00e9 dans un communiqu\u00e9.<\/p>\n<p class=\"fig-paragraph\">Pour autant, l\u2019explosion a \u00e9t\u00e9 visible \u00e0 des kilom\u00e8tres \u00e0 la ronde, en t\u00e9moigne une vid\u00e9o qui a circul\u00e9 sur X ces derni\u00e8res heures montrant une premi\u00e8re explosion quelques secondes apr\u00e8s la mise \u00e0 feu puis une seconde peu apr\u00e8s. \u00abla fus\u00e9e Alpha Flight 7 de Firefly a connu un \u00e9v\u00e9nement qui a entra\u00een\u00e9 la perte du premier \u00e9tage\u00bb, ajoute la soci\u00e9t\u00e9 sp\u00e9cialis\u00e9e dans les activit\u00e9s a\u00e9rospatiales, dont les actions ont plong\u00e9 de 23% apr\u00e8s l\u2019explosion.<\/p>\n<p>                                    <a class=\"fig-a11y-skip a11y-hidden\" href=\"#fig-a11y-skip-main-inarticle\"><br \/>\n        Passer la publicit\u00e9<br \/>\n    <\/a><\/p>\n<p>Une mission de vol pr\u00e9vue d\u2019ici quelques semaines<\/p>\n<p class=\"fig-paragraph\">Une v\u00e9ritable douche froide alors qu\u2019une mission de vol intitul\u00e9e FLTA007 \u00e9tait pr\u00e9vue d\u2019ici quelques semaines, lors du troisi\u00e8me trimestre 2025. La soci\u00e9t\u00e9 s\u2019est engag\u00e9e \u00e0 partager plus de d\u00e9tails sur l\u2019incident et ses prochaines \u00e9tapes \u00e0 une date ult\u00e9rieure. Il est ainsi difficile d\u2019en savoir plus sur le retard occasionn\u00e9. \u00abNous apprenons de chaque test pour am\u00e9liorer nos conceptions et construire un syst\u00e8me plus fiable\u00bb, assure enfin Firefly Aerospace.<\/p>\n<p class=\"fig-paragraph\">En juin dernier, le leader du secteur SpaceX avait connu pareille m\u00e9saventure lors d\u2019un essai statique de routine \u00e0 Starbase, au Texas \u00e9galement. \u00abUne anomalie majeure\u00bb avait conduit \u00e0 l\u2019explosion de \u00abStarship 36\u00bb, v\u00e9ritable mastodonte de titane de plus de 100 m\u00e8tres de hauteur. Ce qui n\u2019avait pas emp\u00each\u00e9 \u00e0 l\u2019entreprise d\u2019Elon Musk d\u2019effectuer plus de 120 lancements rien qu\u2019en 2025. Fond\u00e9 il y a seulement huit ans, Firefly Aerospace en est encore loin.<\/p>\n","protected":false},"excerpt":{"rendered":"Si personne n\u2019a \u00e9t\u00e9 bless\u00e9 dans l\u2019accident, le co\u00fbt financier est consid\u00e9rable pour Firefly Aerospace, fond\u00e9 il y&hellip;\n","protected":false},"author":2,"featured_media":429598,"comment_status":"","ping_status":"","sticky":false,"template":"","format":"standard","meta":{"footnotes":""},"categories":[1589],"tags":[11,73,1866,2688,889,12,3926,1864,1865,1863,308],"class_list":{"0":"post-429597","1":"post","2":"type-post","3":"status-publish","4":"format-standard","5":"has-post-thumbnail","7":"category-etats-unis","8":"tag-actualites","9":"tag-etats-unis","10":"tag-etats-unis-damerique","11":"tag-explosion","12":"tag-fusee","13":"tag-news","14":"tag-texas","15":"tag-united-states","16":"tag-united-states-of-america","17":"tag-us","18":"tag-usa"},"share_on_mastodon":{"url":"https:\/\/pubeurope.com\/@fr\/115295481084868932","error":""},"_links":{"self":[{"href":"https:\/\/www.europesays.com\/fr\/wp-json\/wp\/v2\/posts\/429597","targetHints":{"allow":["GET"]}}],"collection":[{"href":"https:\/\/www.europesays.com\/fr\/wp-json\/wp\/v2\/posts"}],"about":[{"href":"https:\/\/www.europesays.com\/fr\/wp-json\/wp\/v2\/types\/post"}],"author":[{"embeddable":true,"href":"https:\/\/www.europesays.com\/fr\/wp-json\/wp\/v2\/users\/2"}],"replies":[{"embeddable":true,"href":"https:\/\/www.europesays.com\/fr\/wp-json\/wp\/v2\/comments?post=429597"}],"version-history":[{"count":0,"href":"https:\/\/www.europesays.com\/fr\/wp-json\/wp\/v2\/posts\/429597\/revisions"}],"wp:featuredmedia":[{"embeddable":true,"href":"https:\/\/www.europesays.com\/fr\/wp-json\/wp\/v2\/media\/429598"}],"wp:attachment":[{"href":"https:\/\/www.europesays.com\/fr\/wp-json\/wp\/v2\/media?parent=429597"}],"wp:term":[{"taxonomy":"category","embeddable":true,"href":"https:\/\/www.europesays.com\/fr\/wp-json\/wp\/v2\/categories?post=429597"},{"taxonomy":"post_tag","embeddable":true,"href":"https:\/\/www.europesays.com\/fr\/wp-json\/wp\/v2\/tags?post=429597"}],"curies":[{"name":"wp","href":"https:\/\/api.w.org\/{rel}","templated":true}]}}