{"id":429599,"date":"2025-09-30T21:56:33","date_gmt":"2025-09-30T21:56:33","guid":{"rendered":"https:\/\/www.europesays.com\/fr\/429599\/"},"modified":"2025-09-30T21:56:33","modified_gmt":"2025-09-30T21:56:33","slug":"le-gouvernement-veut-durcir-lobtention-dun-titre-de-sejour-permanent","status":"publish","type":"post","link":"https:\/\/www.europesays.com\/fr\/429599\/","title":{"rendered":"le gouvernement veut durcir l&rsquo;obtention d&rsquo;un titre de s\u00e9jour permanent"},"content":{"rendered":"<p>La ministre de l&rsquo;Int\u00e9rieur Shabana Mahmood a d\u00e9taill\u00e9 sa proposition devant les militants du parti travailliste r\u00e9unis \u00e0 Liverpool (nord de l&rsquo;Angleterre), derni\u00e8re d&rsquo;une s\u00e9rie de mesures annonc\u00e9es par le gouvernement de Keir Starmer afin de r\u00e9duire l&rsquo;immigration dans le pays.<\/p>\n<p>\u00ab\u00a0Sans contr\u00f4le, nous ne pourrons pas avoir les conditions dans lesquelles notre pays peut \u00eatre ouvert, tol\u00e9rant et g\u00e9n\u00e9reux\u00a0\u00bb, a d\u00e9clar\u00e9 la ministre.<\/p>\n<p>\u00ab\u00a0Vous devez m\u00e9riter le droit de vous installer dans ce pays pour de bon\u00a0\u00bb, a-t-elle ajout\u00e9.<\/p>\n<p>Selon le projet du gouvernement, pour obtenir un titre de s\u00e9jour permanent, les personnes arriv\u00e9es l\u00e9galement au Royaume-Uni devront avoir un emploi, un casier judiciaire vierge, cotiser \u00e0 la s\u00e9curit\u00e9 sociale, ma\u00eetriser un niveau \u00e9lev\u00e9 d&rsquo;anglais, ne pas percevoir d&rsquo;aides sociales et faire du b\u00e9n\u00e9volat \u00e0 l&rsquo;\u00e9chelle locale.<\/p>\n<p>Actuellement, les personnes notamment qui ont travaill\u00e9 cinq ans au Royaume-Uni peuvent demander un titre de s\u00e9jour permanent. Elles obtiennent le droit de vivre sur place, travailler, percevoir des aides.<\/p>\n<p><img alt=\"Le chef du parti Reform UK, Nigel Farage, prononce son discours de cl\u00f4ture \u00e0 l'issue de la deuxi\u00e8me et derni\u00e8re journ\u00e9e de la conf\u00e9rence du parti \u00e0 Birmingham, dans le centre de l'Angleterre, le 6 septembre 2025\" loading=\"lazy\" decoding=\"async\" data-nimg=\"fill\" class=\" TwicCore_img__i9TC1 undefined  undefined\" style=\"position:absolute;height:100%;width:100%;left:0;top:0;right:0;bottom:0;color:transparent;background-size:cover;background-position:50% 50%;background-repeat:no-repeat;background-image:url(&quot;data:image\/svg+xml;charset=utf-8,%3Csvg xmlns='http:\/\/www.w3.org\/2000\/svg' %3E%3Cfilter id='b' color-interpolation-filters='sRGB'%3E%3CfeGaussianBlur stdDeviation='20'\/%3E%3CfeColorMatrix values='1 0 0 0 0 0 1 0 0 0 0 0 1 0 0 0 0 0 100 -1' result='s'\/%3E%3CfeFlood x='0' y='0' width='100%25' height='100%25'\/%3E%3CfeComposite operator='out' in='s'\/%3E%3CfeComposite in2='SourceGraphic'\/%3E%3CfeGaussianBlur stdDeviation='20'\/%3E%3C\/filter%3E%3Cimage width='100%25' height='100%25' x='0' y='0' preserveAspectRatio='none' style='filter: url(%23b);' href='https:\/\/pictures.laprovence.com\/cdn-cgi\/image\/blur=250\/media\/afp\/bb972ee0a899aa54ba412366b8f555eb5410a8e5.jpg'\/%3E%3C\/svg%3E&quot;)\"   src=\"https:\/\/www.europesays.com\/fr\/wp-content\/uploads\/2025\/09\/bb972ee0a899aa54ba412366b8f555eb5410a8e5.jpg\"\/>Le chef du parti Reform UK, Nigel Farage, prononce son discours de cl\u00f4ture \u00e0 l&rsquo;issue de la deuxi\u00e8me et derni\u00e8re journ\u00e9e de la conf\u00e9rence du parti \u00e0 Birmingham, dans le centre de l&rsquo;Angleterre, le 6 septembre 2025 PHOTO AFP \/ Oli SCARFF<\/p>\n<p>Cette annonce survient quelques jours apr\u00e8s que la formation d&rsquo;extr\u00eame droite Reform UK, largement en t\u00eate dans les sondages d&rsquo;opinion, a promis de supprimer le titre de s\u00e9jour permanent si elle acc\u00e9dait au pouvoir. Le parti de Nigel Farage veut obliger les migrants &#8211; y compris ceux d\u00e9j\u00e0 r\u00e9gularis\u00e9s &#8211; \u00e0 demander un visa tous les cinq ans.<\/p>\n<p><img alt=\"Un portrait du Premier ministre britannique Keir Starmer sur du mat\u00e9riel promotionnel au premier jour de la conf\u00e9rence annuelle du Parti travailliste \u00e0 Liverpool, dans le nord-ouest de l'Angleterre, le 28 septembre 2025\" loading=\"lazy\" decoding=\"async\" data-nimg=\"fill\" class=\" TwicCore_img__i9TC1 undefined  undefined\" style=\"position:absolute;height:100%;width:100%;left:0;top:0;right:0;bottom:0;color:transparent;background-size:cover;background-position:50% 50%;background-repeat:no-repeat;background-image:url(&quot;data:image\/svg+xml;charset=utf-8,%3Csvg xmlns='http:\/\/www.w3.org\/2000\/svg' %3E%3Cfilter id='b' color-interpolation-filters='sRGB'%3E%3CfeGaussianBlur stdDeviation='20'\/%3E%3CfeColorMatrix values='1 0 0 0 0 0 1 0 0 0 0 0 1 0 0 0 0 0 100 -1' result='s'\/%3E%3CfeFlood x='0' y='0' width='100%25' height='100%25'\/%3E%3CfeComposite operator='out' in='s'\/%3E%3CfeComposite in2='SourceGraphic'\/%3E%3CfeGaussianBlur stdDeviation='20'\/%3E%3C\/filter%3E%3Cimage width='100%25' height='100%25' x='0' y='0' preserveAspectRatio='none' style='filter: url(%23b);' href='https:\/\/pictures.laprovence.com\/cdn-cgi\/image\/blur=250\/media\/afp\/04cd6ed2bec43959fbef365a12149352ccc32736.jpg'\/%3E%3C\/svg%3E&quot;)\"   src=\"https:\/\/www.europesays.com\/fr\/wp-content\/uploads\/2025\/09\/04cd6ed2bec43959fbef365a12149352ccc32736.jpg\"\/>Un portrait du Premier ministre britannique Keir Starmer sur du mat\u00e9riel promotionnel au premier jour de la conf\u00e9rence annuelle du Parti travailliste \u00e0 Liverpool, dans le nord-ouest de l&rsquo;Angleterre, le 28 septembre 2025 PHOTO AFP \/ Paul ELLIS<\/p>\n<p>Dimanche, Keir Starmer, de plus en plus critiqu\u00e9 dans son propre camp, s&rsquo;en est pris frontalement \u00e0 Reform, jugeant le projet du parti \u00ab\u00a0immoral\u00a0\u00bb et \u00ab\u00a0raciste\u00a0\u00bb.<\/p>\n<p>Dans son discours, Shabana Mahmood, n\u00e9e dans une famille originaire du Pakistan, a elle fustig\u00e9 la mont\u00e9e d&rsquo;un \u00ab\u00a0ethno-nationalisme\u00a0\u00bb au Royaume-Uni et a d\u00e9nonc\u00e9 les \u00ab\u00a0fausses promesses\u00a0\u00bb de Nigel Farage.<\/p>\n<p>Elle a appel\u00e9 \u00e0 se battre \u00ab\u00a0pour un Royaume-Uni plus grand et pas pour une Angleterre racornie\u00a0\u00bb, en r\u00e9f\u00e9rence aux manifestations antimigrants qui ont essaim\u00e9 dans le pays.<\/p>\n<p>Mais elle a aussi estim\u00e9 qu&rsquo;il fallait \u00ab\u00a0comprendre (&#8230;) pourquoi certains pensent que ce pays ne fonctionne pas\u00a0\u00bb.<\/p>\n<p>L&rsquo;ex\u00e9cutif travailliste multiplie les mesures pour lutter contre l&rsquo;immigration r\u00e9guli\u00e8re et irr\u00e9guli\u00e8re, en particulier l&rsquo;arriv\u00e9e de migrants par la Manche.<\/p>\n<p>Il a d\u00e9j\u00e0 annonc\u00e9 qu&rsquo;il comptait relever le niveau de dipl\u00f4me exig\u00e9 pour obtenir un visa de travail et qu&rsquo;il rallongerait de cinq \u00e0 dix ans le temps n\u00e9cessaire pass\u00e9 sur le territoire pour obtenir un titre de s\u00e9jour permanent.<\/p>\n<p>L&rsquo;an dernier, 163.000 personnes ont obtenu un tel titre, soit +35% sur un an.<\/p>\n<p><img alt=\"Des d\u00e9l\u00e9gu\u00e9s arrivent pour assister au premier jour de la conf\u00e9rence annuelle du Parti travailliste \u00e0 Liverpool, dans le nord-ouest de l'Angleterre, le 28 septembre 2025\" loading=\"lazy\" decoding=\"async\" data-nimg=\"fill\" class=\" TwicCore_img__i9TC1 undefined  undefined\" style=\"position:absolute;height:100%;width:100%;left:0;top:0;right:0;bottom:0;color:transparent;background-size:cover;background-position:50% 50%;background-repeat:no-repeat;background-image:url(&quot;data:image\/svg+xml;charset=utf-8,%3Csvg xmlns='http:\/\/www.w3.org\/2000\/svg' %3E%3Cfilter id='b' color-interpolation-filters='sRGB'%3E%3CfeGaussianBlur stdDeviation='20'\/%3E%3CfeColorMatrix values='1 0 0 0 0 0 1 0 0 0 0 0 1 0 0 0 0 0 100 -1' result='s'\/%3E%3CfeFlood x='0' y='0' width='100%25' height='100%25'\/%3E%3CfeComposite operator='out' in='s'\/%3E%3CfeComposite in2='SourceGraphic'\/%3E%3CfeGaussianBlur stdDeviation='20'\/%3E%3C\/filter%3E%3Cimage width='100%25' height='100%25' x='0' y='0' preserveAspectRatio='none' style='filter: url(%23b);' href='https:\/\/pictures.laprovence.com\/cdn-cgi\/image\/blur=250\/media\/afp\/73943b954b3a3661aa5e42468e25358a85850a58.jpg'\/%3E%3C\/svg%3E&quot;)\"   src=\"https:\/\/www.europesays.com\/fr\/wp-content\/uploads\/2025\/09\/73943b954b3a3661aa5e42468e25358a85850a58.jpg\"\/>Des d\u00e9l\u00e9gu\u00e9s arrivent pour assister au premier jour de la conf\u00e9rence annuelle du Parti travailliste \u00e0 Liverpool, dans le nord-ouest de l&rsquo;Angleterre, le 28 septembre 2025 PHOTO AFP \/ Paul ELLIS<\/p>\n<p>A Liverpool, de nombreuses tables rondes rassemblant \u00e9lus et experts abordent la \u00ab\u00a0menace\u00a0\u00bb de Reform.<\/p>\n<p>La ministre des Affaires \u00e9trang\u00e8res Yvette Cooper a estim\u00e9 que les \u00e9lecteurs auraient \u00e0 choisir lors des prochaines \u00e9lections entre le Labour et \u00ab\u00a0l&rsquo;id\u00e9ologie du chaos de la droite\u00a0\u00bb.<\/p>\n<p>Dans les couloirs, le durcissement sur l&rsquo;immigration inqui\u00e8te certains militants.<\/p>\n<p>\u00ab\u00a0C&rsquo;est vrai que Reform est un vrai d\u00e9fi (&#8230;) mais je pense que le gouvernement fait fausse route\u00a0\u00bb en reprenant \u00ab\u00a0une rh\u00e9torique plus droiti\u00e8re\u00a0\u00bb et devrait plut\u00f4t \u00ab\u00a0d\u00e9fendre une vision diff\u00e9rente, qui respecte nos valeurs\u00a0\u00bb, regrette Matthew Atkinson, militant de 19 ans, originaire de Sheffield (nord).<\/p>\n<p>\u00ab\u00a0L&rsquo;immigration est globalement une chose positive parce que c&rsquo;est \u00e9vident que nous avons besoin de gens pour occuper les m\u00e9tiers que les Britanniques ne veulent pas faire\u00a0\u00bb, insiste David Furnell, 63 ans, venu de Southampton (sud).<\/p>\n<p>Une centaine d&rsquo;organisations, dont Oxfam, Save The Children et Greenpeace, ont \u00e9crit \u00e0 la ministre de l&rsquo;Int\u00e9rieur pour l&rsquo;exhorter \u00e0 \u00ab\u00a0cesser de faire des migrants des boucs \u00e9missaires\u00a0\u00bb.<\/p>\n<p>Depuis le d\u00e9but de l&rsquo;ann\u00e9e, plus de 33.000 migrants sont arriv\u00e9s sur les c\u00f4tes anglaises dans des embarcations de fortune. Rien que samedi, 895 personnes ont ainsi rejoint le Royaume-Uni, dont 125 sur un seul bateau, du jamais vu.<\/p>\n<p>Vingt-sept personnes sont mortes depuis le d\u00e9but de l&rsquo;ann\u00e9e en tentant la travers\u00e9e, selon des donn\u00e9es compil\u00e9es par l&rsquo;AFP \u00e0 partir de sources officielles.<\/p>\n","protected":false},"excerpt":{"rendered":"La ministre de l&rsquo;Int\u00e9rieur Shabana Mahmood a d\u00e9taill\u00e9 sa proposition devant les militants du parti travailliste r\u00e9unis \u00e0&hellip;\n","protected":false},"author":2,"featured_media":429600,"comment_status":"","ping_status":"","sticky":false,"template":"","format":"standard","meta":{"footnotes":""},"categories":[1588],"tags":[17,11,2837,19702,1777,674,329,418,55795,12,473,1853,11933,1851,1850,1852,9870],"class_list":{"0":"post-429599","1":"post","2":"type-post","3":"status-publish","4":"format-standard","5":"has-post-thumbnail","7":"category-royaume-uni","8":"tag-17","9":"tag-actualites","10":"tag-dun","11":"tag-durcir","12":"tag-eu","13":"tag-europe","14":"tag-france-monde","15":"tag-gouvernement","16":"tag-lobtention","17":"tag-news","18":"tag-royaume-uni","19":"tag-royaume-uni-de-grande-bretagne-et-dirlande-du-nord","20":"tag-titre","21":"tag-uk","22":"tag-united-kingdom","23":"tag-united-kingdom-of-great-britain-and-northern-ireland","24":"tag-veut"},"share_on_mastodon":{"url":"https:\/\/pubeurope.com\/@fr\/115295485292275252","error":""},"_links":{"self":[{"href":"https:\/\/www.europesays.com\/fr\/wp-json\/wp\/v2\/posts\/429599","targetHints":{"allow":["GET"]}}],"collection":[{"href":"https:\/\/www.europesays.com\/fr\/wp-json\/wp\/v2\/posts"}],"about":[{"href":"https:\/\/www.europesays.com\/fr\/wp-json\/wp\/v2\/types\/post"}],"author":[{"embeddable":true,"href":"https:\/\/www.europesays.com\/fr\/wp-json\/wp\/v2\/users\/2"}],"replies":[{"embeddable":true,"href":"https:\/\/www.europesays.com\/fr\/wp-json\/wp\/v2\/comments?post=429599"}],"version-history":[{"count":0,"href":"https:\/\/www.europesays.com\/fr\/wp-json\/wp\/v2\/posts\/429599\/revisions"}],"wp:featuredmedia":[{"embeddable":true,"href":"https:\/\/www.europesays.com\/fr\/wp-json\/wp\/v2\/media\/429600"}],"wp:attachment":[{"href":"https:\/\/www.europesays.com\/fr\/wp-json\/wp\/v2\/media?parent=429599"}],"wp:term":[{"taxonomy":"category","embeddable":true,"href":"https:\/\/www.europesays.com\/fr\/wp-json\/wp\/v2\/categories?post=429599"},{"taxonomy":"post_tag","embeddable":true,"href":"https:\/\/www.europesays.com\/fr\/wp-json\/wp\/v2\/tags?post=429599"}],"curies":[{"name":"wp","href":"https:\/\/api.w.org\/{rel}","templated":true}]}}