{"id":42960,"date":"2025-04-22T02:58:13","date_gmt":"2025-04-22T02:58:13","guid":{"rendered":"https:\/\/www.europesays.com\/fr\/42960\/"},"modified":"2025-04-22T02:58:13","modified_gmt":"2025-04-22T02:58:13","slug":"laction-non-violente-une-force-active-pour-nos-luttes-de-alain-refalo","status":"publish","type":"post","link":"https:\/\/www.europesays.com\/fr\/42960\/","title":{"rendered":"&lsquo;L\u2019action non-violente, une force active pour nos luttes&rsquo; de Alain Refalo"},"content":{"rendered":"<p>    <img loading=\"lazy\" width=\"820\" height=\"546\" src=\"https:\/\/www.europesays.com\/fr\/wp-content\/uploads\/2025\/04\/dessin-nvxxi.jpg\" class=\"attachment-large size-large wp-post-image\" alt=\"\" decoding=\"async\"  \/> (Cr\u00e9dit image: Thierry Arnault &#8211; Non-violence XXI)<\/p>\n<p>L\u2019action non-violente est un levier puissant de transformation politique et sociale. Malheureusement, dans un contexte d\u2019autoritarisme grandissant et de violences polici\u00e8res, certains consid\u00e8rent que la non-violence est d\u00e9sormais d\u00e9pass\u00e9e.<\/p>\n<p>Dans ce recueil, Alain Refalo propose des \u00e9clairages et des r\u00e9flexions qui vont \u00e0 l\u2019encontre d\u2019une certaine pens\u00e9e unique favorable \u00e0 la contre-violence. Il affirme sa conviction que seule la non-violence est \u00e0 m\u00eame de r\u00e9sister efficacement aux syst\u00e8mes de domination qui, partout, font violence aux vivants.<\/p>\n<p><a href=\"https:\/\/livres.bookelis.com\/sciences-humaines\/68237-L-action-non-violente.html\" target=\"_blank\" rel=\"noreferrer noopener\">Pour commander le livre sur le site de BOOKELIS<\/a><\/p>\n<p><strong>Table des mati\u00e8res<\/strong><\/p>\n<p><strong><a href=\"https:\/\/alainrefalo.blog\/wp-content\/uploads\/2025\/04\/introduction.pdf\" target=\"_blank\" rel=\"noreferrer noopener\">Introduction<\/a> <\/strong><br \/>Les fondements de la non-violence politique<br \/>Force et non-violence<br \/>L\u00e9gitimit\u00e9, d\u00e9finition et strat\u00e9gie de la d\u00e9sob\u00e9issance civile d\u2019apr\u00e8s Gandhi<br \/>Lettre ouverte aux Soul\u00e8vements de la Terre, sur la violence, la contre-violence et la non-violence<br \/>Le sabotage dans la strat\u00e9gie non-violente<br \/>L\u2019action non-violente face \u00e0 la r\u00e9pression<br \/>Rep\u00e8res pour une strat\u00e9gie non-violente victorieuse<br \/>Glossaire de la non-violence politique<\/p>\n<p><img decoding=\"async\" loading=\"lazy\" class=\"alignnone size-medium\" src=\"https:\/\/www.europesays.com\/fr\/wp-content\/uploads\/2025\/04\/1745290693_992_\" width=\"820\" height=\"546\"\/><\/p>\n<p><strong>Informations techniques :<\/strong><\/p>\n<p>Nombre de pages :\u00a0150<br \/>Couverture :\u00a0souple \u2013 carte couch\u00e9e,<br \/>Format :\u00a013x18cm<br \/>Couleur :\u00a0noir et blanc,<br \/>Type papier :\u00a0offset<br \/>Pelliculage :\u00a0mat<br \/>ISBN : 9791042450830<br \/>Livre de type :\u00a0Papier<br \/>Prix : 12 euros<\/p>\n<p class=\"partnersite\"><a href=\"https:\/\/alainrefalo.blog\/2025\/04\/06\/vient-de-paraitre-laction-non-violente-une-force-active-pour-nos-luttes-de-alain-refalo\/?jetpack_skip_subscription_popup\" target=\"_blank\" rel=\"noopener\">L\u2019article original est accessible ici<\/a><\/p>\n","protected":false},"excerpt":{"rendered":"(Cr\u00e9dit image: Thierry Arnault &#8211; Non-violence XXI) L\u2019action non-violente est un levier puissant de transformation politique et sociale.&hellip;\n","protected":false},"author":2,"featured_media":42961,"comment_status":"","ping_status":"","sticky":false,"template":"","format":"standard","meta":{"footnotes":""},"categories":[1357],"tags":[12995,12996,1379,12997,58,59,1011,27,1380,12998,12999],"class_list":{"0":"post-42960","1":"post","2":"type-post","3":"status-publish","4":"format-standard","5":"has-post-thumbnail","7":"category-livres","8":"tag-action-non-violente","9":"tag-alain-refalo","10":"tag-books","11":"tag-desobeissance-civile","12":"tag-divertissement","13":"tag-entertainment","14":"tag-fr","15":"tag-france","16":"tag-livres","17":"tag-non-violence","18":"tag-sabotage"},"share_on_mastodon":{"url":"https:\/\/pubeurope.com\/@fr\/114379378124642147","error":""},"_links":{"self":[{"href":"https:\/\/www.europesays.com\/fr\/wp-json\/wp\/v2\/posts\/42960","targetHints":{"allow":["GET"]}}],"collection":[{"href":"https:\/\/www.europesays.com\/fr\/wp-json\/wp\/v2\/posts"}],"about":[{"href":"https:\/\/www.europesays.com\/fr\/wp-json\/wp\/v2\/types\/post"}],"author":[{"embeddable":true,"href":"https:\/\/www.europesays.com\/fr\/wp-json\/wp\/v2\/users\/2"}],"replies":[{"embeddable":true,"href":"https:\/\/www.europesays.com\/fr\/wp-json\/wp\/v2\/comments?post=42960"}],"version-history":[{"count":0,"href":"https:\/\/www.europesays.com\/fr\/wp-json\/wp\/v2\/posts\/42960\/revisions"}],"wp:featuredmedia":[{"embeddable":true,"href":"https:\/\/www.europesays.com\/fr\/wp-json\/wp\/v2\/media\/42961"}],"wp:attachment":[{"href":"https:\/\/www.europesays.com\/fr\/wp-json\/wp\/v2\/media?parent=42960"}],"wp:term":[{"taxonomy":"category","embeddable":true,"href":"https:\/\/www.europesays.com\/fr\/wp-json\/wp\/v2\/categories?post=42960"},{"taxonomy":"post_tag","embeddable":true,"href":"https:\/\/www.europesays.com\/fr\/wp-json\/wp\/v2\/tags?post=42960"}],"curies":[{"name":"wp","href":"https:\/\/api.w.org\/{rel}","templated":true}]}}