{"id":429605,"date":"2025-09-30T21:59:13","date_gmt":"2025-09-30T21:59:13","guid":{"rendered":"https:\/\/www.europesays.com\/fr\/429605\/"},"modified":"2025-09-30T21:59:13","modified_gmt":"2025-09-30T21:59:13","slug":"nouveaux-controles-biometriques-aux-frontieres-de-lue-ce-qui-va-changer","status":"publish","type":"post","link":"https:\/\/www.europesays.com\/fr\/429605\/","title":{"rendered":"Nouveaux contr\u00f4les biom\u00e9triques aux fronti\u00e8res de l&rsquo;UE : ce qui va changer"},"content":{"rendered":"<p class=\"article-p mdl\">\u00c0 partir du 12 octobre 2025, les r\u00e8gles d\u2019entr\u00e9e et de sortie dans l\u2019espace Schengen vont \u00e9voluer comme l&rsquo;avait annonc\u00e9 la Commission europ\u00e9enne, le 30 juillet dernier. Destin\u00e9e aux ressortissants de pays non membres de l\u2019Union europ\u00e9enne, cette r\u00e9forme concerne<strong> les postes fronti\u00e8res dans les ports, les gares et les a\u00e9roports<\/strong>.<\/p>\n<p class=\"article-p mdl\">L\u2019objectif affich\u00e9 est de\u00a0<a class=\"link\" href=\"https:\/\/www.rtl.fr\/actu\/international\/les-infos-de-12h30-immigration-comment-l-union-europeenne-veut-securiser-ses-frontieres-7900430079\" title=\"Les infos de 12h30 - Immigration :  comment l&#039;Union europ\u00e9enne veut s\u00e9curiser ses fronti\u00e8res\" target=\"_blank\" rel=\"noopener\">mieux contr\u00f4ler les entr\u00e9es mais aussi les sorties des voyageurs<\/a>. \u00c0 chaque passage, <strong>leur photo et leurs empreintes digitales seront collect\u00e9es<\/strong> et enregistr\u00e9es dans une base de donn\u00e9es commune, partag\u00e9e entre tous les pays europ\u00e9ens.\n<\/p>\n<p class=\"article-p mdl\">La France a d\u2019ores et d\u00e9j\u00e0 recrut\u00e9 <strong>500 gardes-fronti\u00e8res suppl\u00e9mentaires<\/strong> pour faire face \u00e0 cette nouvelle charge de travail. Les contr\u00f4les d\u00e9buteront le 12 octobre, mais leur d\u00e9ploiement se fera progressivement afin d\u2019\u00e9viter des embouteillages aux fronti\u00e8res. <strong>La g\u00e9n\u00e9ralisation est pr\u00e9vue pour avril 2026<\/strong> dans l\u2019ensemble de l\u2019UE.\n<\/p>\n<p>            Renforcer la lutte contre l&rsquo;immigration irr\u00e9guli\u00e8re<\/p>\n<p class=\"article-p mdl\">Ce syst\u00e8me vise \u00e0 faciliter les contr\u00f4les gr\u00e2ce aux donn\u00e9es biom\u00e9triques, mais aussi \u00e0 renforcer la lutte contre l\u2019immigration irr\u00e9guli\u00e8re, la criminalit\u00e9 et le terrorisme. Les autorit\u00e9s soulignent que la collecte des empreintes et des photos permettra<strong> d\u2019emp\u00eacher les usurpations d\u2019identit\u00e9<\/strong>. Le dispositif doit \u00e9galement permettre de retracer l\u2019historique migratoire de chaque voyageur, en v\u00e9rifiant ses d\u00e9placements et le respect de la dur\u00e9e de son visa.\n<\/p>\n<p class=\"article-p mdl\">En revanche, cette r\u00e9forme n\u2019aura aucun effet sur l\u2019immigration clandestine, une personne qui traverse une for\u00eat entre l&rsquo;Italie et la France passera encore sous les radars. Des cas qui restent minoritaires en France. Le dispositif cible principalement une autre forme d\u2019immigration irr\u00e9guli\u00e8re : <strong>celle des voyageurs qui d\u00e9tournent l\u2019usage de leur visa<\/strong>, par exemple en entrant comme touristes avant de dispara\u00eetre une fois la fronti\u00e8re franchie ou qui se marient dans la foul\u00e9e. Selon le minist\u00e8re de l\u2019Int\u00e9rieur, \u00ab\u00a0gr\u00e2ce \u00e0 ce nouveau syst\u00e8me, il sera plus facile de les compter ou de les interpeller lors d\u2019un simple contr\u00f4le parce qu\u2019il y aura une trace num\u00e9rique\u00a0\u00bb.<\/p>\n<p>    La r\u00e9daction vous recommande<\/p>\n<p class=\"s-newsletter__title\">\n                L\u2019actualit\u00e9 par la r\u00e9daction de RTL dans votre bo\u00eete mail.\n            <\/p>\n<p class=\"s-newsletter__subtitle\">\n                Gr\u00e2ce \u00e0 votre compte RTL abonnez-vous \u00e0 la newsletter RTL info pour suivre toute l&rsquo;actualit\u00e9 au quotidien\n            <\/p>\n<p>\n                                    Lire la suite\n                                <\/p>\n","protected":false},"excerpt":{"rendered":"\u00c0 partir du 12 octobre 2025, les r\u00e8gles d\u2019entr\u00e9e et de sortie dans l\u2019espace Schengen vont \u00e9voluer comme&hellip;\n","protected":false},"author":2,"featured_media":429606,"comment_status":"","ping_status":"","sticky":false,"template":"","format":"standard","meta":{"footnotes":""},"categories":[1586],"tags":[11,7325,1777,674,1779,107,1011,27,1061,12,362,360,25,1778,364],"class_list":{"0":"post-429605","1":"post","2":"type-post","3":"status-publish","4":"format-standard","5":"has-post-thumbnail","7":"category-europe","8":"tag-actualites","9":"tag-controle","10":"tag-eu","11":"tag-europe","12":"tag-european-union","13":"tag-fil-info","14":"tag-fr","15":"tag-france","16":"tag-immigration","17":"tag-news","18":"tag-replay","19":"tag-replay-integral","20":"tag-republique-francaise","21":"tag-ue","22":"tag-union-europeenne"},"share_on_mastodon":{"url":"https:\/\/pubeurope.com\/@fr\/115295496839773253","error":""},"_links":{"self":[{"href":"https:\/\/www.europesays.com\/fr\/wp-json\/wp\/v2\/posts\/429605","targetHints":{"allow":["GET"]}}],"collection":[{"href":"https:\/\/www.europesays.com\/fr\/wp-json\/wp\/v2\/posts"}],"about":[{"href":"https:\/\/www.europesays.com\/fr\/wp-json\/wp\/v2\/types\/post"}],"author":[{"embeddable":true,"href":"https:\/\/www.europesays.com\/fr\/wp-json\/wp\/v2\/users\/2"}],"replies":[{"embeddable":true,"href":"https:\/\/www.europesays.com\/fr\/wp-json\/wp\/v2\/comments?post=429605"}],"version-history":[{"count":0,"href":"https:\/\/www.europesays.com\/fr\/wp-json\/wp\/v2\/posts\/429605\/revisions"}],"wp:featuredmedia":[{"embeddable":true,"href":"https:\/\/www.europesays.com\/fr\/wp-json\/wp\/v2\/media\/429606"}],"wp:attachment":[{"href":"https:\/\/www.europesays.com\/fr\/wp-json\/wp\/v2\/media?parent=429605"}],"wp:term":[{"taxonomy":"category","embeddable":true,"href":"https:\/\/www.europesays.com\/fr\/wp-json\/wp\/v2\/categories?post=429605"},{"taxonomy":"post_tag","embeddable":true,"href":"https:\/\/www.europesays.com\/fr\/wp-json\/wp\/v2\/tags?post=429605"}],"curies":[{"name":"wp","href":"https:\/\/api.w.org\/{rel}","templated":true}]}}