{"id":429617,"date":"2025-09-30T22:08:11","date_gmt":"2025-09-30T22:08:11","guid":{"rendered":"https:\/\/www.europesays.com\/fr\/429617\/"},"modified":"2025-09-30T22:08:11","modified_gmt":"2025-09-30T22:08:11","slug":"motogp-2025-et-maintenant","status":"publish","type":"post","link":"https:\/\/www.europesays.com\/fr\/429617\/","title":{"rendered":"MotoGP 2025 : Et maintenant ?"},"content":{"rendered":"<p>Bon, inutile de se cacher les yeux, le MotoGP ne sera jamais la F1. C&rsquo;est une discipline d&rsquo;initi\u00e9s, il y a des pays avec beaucoup de public mais pas tant que \u00e7a (Motegi a fait 90 000 entr\u00e9es sur la semaine, c&rsquo;est naze). Alors Liberty essaie de peopliser le truc, avec des id\u00e9es qui d\u00e9plaisent souverainement aux pilotes, ils essaient de faire briller un max le seul championnat MotoGP&#8230; Id\u00e9e d\u00e9nonc\u00e9e par le milieu de la moto mais id\u00e9e logique de la part de gens qui n&rsquo;y connaissent rien. En automobile, il y a des tas de fili\u00e8res qui am\u00e8nent \u00e0 la F1, on en voit certaines en courses support, la premi\u00e8re fili\u00e8re tr\u00e8s fr\u00e9quente est d&rsquo;ailleurs le kart, qui a son mondial ! Les pilotes y sont rep\u00e9r\u00e9s d\u00e8s ce stade mais il y a une condition que l&rsquo;on retrouvera partout ensuite, c&rsquo;est que le pilote soit blind\u00e9. Son entourage aussi. Et que lui soit d\u00e9j\u00e0 une star des voitures \u00e0 roulettes \u00e0 quatre ans ! Il faut \u00eatre bien conscient qu&rsquo;une l\u00e9gende comme Prost ou Arnoux c&rsquo;est fini. La F3 et la F2, qui am\u00e8nent des pilotes \u00e0 la F1, ne font pas toute la saison et les autos co\u00fbtent des millions ! J&rsquo;ajoute \u00e0 titre personnel que si je descends les Champs Elys\u00e9es ou la Cannebi\u00e8re, si je traverse la place Bellecourt ou la Stanislas, la rue de la Libert\u00e9 ou le Grand Boulevard \u00e0 c\u00f4t\u00e9 du trio \u00ab Vestapiasnorris \u00bb, on ne viendra pas nous emb\u00eater pour un autographe. Si j&rsquo;avais fait la m\u00eame chose \u00e0 la grande \u00e9poque avec Senna, Prot ou Mansell on n&rsquo;aurait pas fait dix m\u00e8tres ! La F1 est donc maintenant une avenue pav\u00e9e d&rsquo;or depuis le berceau&#8230; Le MotoGP non. Et ce sont les petites cylindr\u00e9es, \u00e0 commencer par la Red Bull Rookies Cup, qui font monter les bons vers le sommet. Si ces cylindr\u00e9es deviennent oubli\u00e9es, les sponsors n&rsquo;y viendront plus, la presse non plus mais&#8230; qui va cr\u00e9er des pilotes de MotoGP ? Le flot va se tarir tout seul ! Bon, Liberty sait oublier ses fondamentaux, par exemple avant pas question de nouveau constructeur en F1&#8230; Sauf qu&rsquo;arrive Cadillac, marque pr\u00e9f\u00e9r\u00e9e du locataire qui se croit propri\u00e9taire de la Maison Blanche, Mais c&rsquo;est toujours la m\u00eame histoire, \u00e7a tape tout en haut ! Pauvres de nous&#8230;<\/p>\n","protected":false},"excerpt":{"rendered":"Bon, inutile de se cacher les yeux, le MotoGP ne sera jamais la F1. C&rsquo;est une discipline d&rsquo;initi\u00e9s,&hellip;\n","protected":false},"author":2,"featured_media":429618,"comment_status":"","ping_status":"","sticky":false,"template":"","format":"standard","meta":{"footnotes":""},"categories":[1413],"tags":[17,4269,4267,5828,1462,40409,4266,51129,1451,1011,27,4922,2070,1579,33911,1461,1457,7449,1456,1458,11653,60,11651],"class_list":{"0":"post-429617","1":"post","2":"type-post","3":"status-publish","4":"format-standard","5":"has-post-thumbnail","7":"category-moto","8":"tag-17","9":"tag-acosta","10":"tag-alex-marquez","11":"tag-aprilia","12":"tag-bagnaia","13":"tag-bezzecchi","14":"tag-ducati","15":"tag-et-maintenant","16":"tag-f1","17":"tag-fr","18":"tag-france","19":"tag-honda","20":"tag-japon","21":"tag-ktm","22":"tag-liberty","23":"tag-marc-marquez","24":"tag-moto","25":"tag-moto3","26":"tag-motocycle","27":"tag-motogp","28":"tag-quartararo","29":"tag-sports","30":"tag-zarco"},"share_on_mastodon":{"url":"https:\/\/pubeurope.com\/@fr\/115295532150054586","error":""},"_links":{"self":[{"href":"https:\/\/www.europesays.com\/fr\/wp-json\/wp\/v2\/posts\/429617","targetHints":{"allow":["GET"]}}],"collection":[{"href":"https:\/\/www.europesays.com\/fr\/wp-json\/wp\/v2\/posts"}],"about":[{"href":"https:\/\/www.europesays.com\/fr\/wp-json\/wp\/v2\/types\/post"}],"author":[{"embeddable":true,"href":"https:\/\/www.europesays.com\/fr\/wp-json\/wp\/v2\/users\/2"}],"replies":[{"embeddable":true,"href":"https:\/\/www.europesays.com\/fr\/wp-json\/wp\/v2\/comments?post=429617"}],"version-history":[{"count":0,"href":"https:\/\/www.europesays.com\/fr\/wp-json\/wp\/v2\/posts\/429617\/revisions"}],"wp:featuredmedia":[{"embeddable":true,"href":"https:\/\/www.europesays.com\/fr\/wp-json\/wp\/v2\/media\/429618"}],"wp:attachment":[{"href":"https:\/\/www.europesays.com\/fr\/wp-json\/wp\/v2\/media?parent=429617"}],"wp:term":[{"taxonomy":"category","embeddable":true,"href":"https:\/\/www.europesays.com\/fr\/wp-json\/wp\/v2\/categories?post=429617"},{"taxonomy":"post_tag","embeddable":true,"href":"https:\/\/www.europesays.com\/fr\/wp-json\/wp\/v2\/tags?post=429617"}],"curies":[{"name":"wp","href":"https:\/\/api.w.org\/{rel}","templated":true}]}}