{"id":429627,"date":"2025-09-30T22:13:19","date_gmt":"2025-09-30T22:13:19","guid":{"rendered":"https:\/\/www.europesays.com\/fr\/429627\/"},"modified":"2025-09-30T22:13:19","modified_gmt":"2025-09-30T22:13:19","slug":"le-musee-du-louvre-conserve-la-plus-ancienne-montre-francaise","status":"publish","type":"post","link":"https:\/\/www.europesays.com\/fr\/429627\/","title":{"rendered":"\u00ab Le mus\u00e9e du Louvre conserve la plus ancienne montre fran\u00e7aise \u00bb"},"content":{"rendered":"<p>Tour d\u2019horizon avec Olivier Gabet, directeur du d\u00e9partement des Objets d\u2019art, de l\u2019exposition M\u00e9caniques d\u2019art actuellement d\u00e9di\u00e9e \u00e0 l\u2019art du temps au sein du Mus\u00e9e du Louvre.<\/p>\n<p class=\"fig-paragraph\">Le Mus\u00e9e du Louvre expose jusqu\u2019au 12 novembre prochain une s\u00e9lection d\u2019\u0153uvres embl\u00e9matiques retra\u00e7ant les aspirations humaines \u00e0 saisir et mesurer le temps, de l\u2019Antiquit\u00e9 jusqu\u2019\u00e0 nos jours. Cette exposition \u00ab M\u00e9caniques d\u2019art\u00a0\u00bb fait dialoguer, aux c\u00f4t\u00e9s de la c\u00e9l\u00e8bre pendule dite de \u00ab la Cr\u00e9ation du Monde\u00a0\u00bb, horloge astronomique pr\u00e9sent\u00e9e au roi Louis XV en 1754 et d\u2019une horloge automate exceptionnelle pr\u00eat\u00e9e par la Maison Vacheron Constantin \u00e0 l\u2019occasion de son 270e anniversaire, tant des fragments d\u2019une horloge \u00e0 eau \u00e9gyptienne de l\u2019\u00e9poque ptol\u00e9ma\u00efque que la plus ancienne montre existant en France \u2013, sign\u00e9e et dat\u00e9e de Jacques de La Garde en 1551. L\u2019occasion de revenir avec Olivier Gabet, directeur du d\u00e9partement des Objets d\u2019art, sur la place du temps et des objets qui en marquent l\u2019\u00e9coulement au sein du Mus\u00e9e du Louvre.<\/p>\n<p>    Une exposition \u00ab M\u00e9caniques d\u2019art\u00a0\u00bb au mus\u00e9e du Louvre.<br \/>\n                Mus\u00e9e du Louvre<\/p>\n<p class=\"fig-paragraph\"><strong>Existe-t-il beaucoup de pi\u00e8ces li\u00e9es au temps dans les collections du Louvre\u00a0?<\/strong><br \/><strong>Olivier Gabet\u00a0:<\/strong> En fait, la question s\u2019est pos\u00e9e il y a 25 ans, au moment du passage \u00e0 l\u2019an 2000. Il y avait alors eu une tr\u00e8s belle exposition sur la place du temps, comment il s\u2019incarne, se symbolise au travers des \u0153uvres d\u2019art. Et comment les civilisations se projettent dans cette question du temps. Volontairement, j\u2019ai un peu \u00e9vacu\u00e9 cela. Il s\u2019agissait alors d\u2019une exposition tr\u00e8s philosophique, tr\u00e8s anthropologique, ce qui ne me semblait pas tout \u00e0 fait le sujet cette fois. Avec cette exposition \u00ab M\u00e9canique d\u2019art\u00a0\u00bb, j\u2019avais plut\u00f4t envie de choisir des objets issus des collections du d\u00e9partement des Objets d\u2019art, en lien avec cette probl\u00e9matique du temps, d\u2019un point de vue tr\u00e8s physique, en termes d\u2019expression, d\u2019indication du temps. Une \u0153uvre tombait sous le sens\u00a0: la pendule de la Cr\u00e9ation du monde. C\u2019est d\u2019ailleurs en contribuant \u00e0 sa restauration en 2019 que Vacheron Constantin est entr\u00e9e en contact avec le mus\u00e9e du Louvre.<\/p>\n<p>    Une exposition \u00ab M\u00e9caniques d\u2019art\u00a0\u00bb au mus\u00e9e du Louvre.<br \/>\n                Mus\u00e9e du Louvre<\/p>\n<p>                                    <a class=\"fig-a11y-skip a11y-hidden\" href=\"#fig-a11y-skip-main-inarticle\"><br \/>\n        Passer la publicit\u00e9<br \/>\n    <\/a><\/p>\n<p class=\"fig-paragraph\">Le mus\u00e9e du Louvre est souvent vu comme un mus\u00e9e des Beaux-Arts. Mais quoi que l\u2019on en pense, c\u2019est totalement faux, une fois que l\u2019on regarde l\u2019ensemble de ses collections, notamment l\u2019arch\u00e9ologie. On voit que l\u2019on peut aller un peu plus loin. Il se trouve que le d\u00e9partement des Objets d\u2019art du Louvre poss\u00e8de \u00e0 la fois une collection scientifique et une collection de montres et de pendules tr\u00e8s importante. Elle est un peu indiff\u00e9renci\u00e9e dans le parcours des salles, car rentr\u00e9e au travers de collections offertes au Louvre. On a souvent gard\u00e9 ces effets d\u2019ensemble, un peu contraire \u00e0 notre devoir et notre envie de les mettre en valeur. Cela ne permet pas leur lisibilit\u00e9 aux yeux des visiteurs, ou de cr\u00e9er des hi\u00e9rarchies. En r\u00e9fl\u00e9chissant \u00e0 cette pr\u00e9sentation, je me suis dit que c\u2019\u00e9tait l\u2019occasion de cr\u00e9er ce dialogue avec cette horloge automate Vacheron Constantin et la pendule de la Cr\u00e9ation du monde, et de pr\u00e9senter diff\u00e9rentes pi\u00e8ces tr\u00e8s importantes, dont certaines sont des pi\u00e8ces d\u2019horlogerie.<\/p>\n<p>    Une exposition \u00ab M\u00e9caniques d\u2019art\u00a0\u00bb au mus\u00e9e du Louvre.<br \/>\n                Mus\u00e9e du Louvre<\/p>\n<p class=\"fig-paragraph\"><strong>Les objets de cette exposition font donc tous partie des collections du Louvre\u00a0?<\/strong><br \/>En me penchant sur la question avec les conservateurs, nous avons trouv\u00e9 que nous poss\u00e9dions des choses assez inattendues au Louvre. Certes, \u00e0 Paris, nous avons un mus\u00e9e des Arts et M\u00e9tiers. On s\u2019attend plus que ce soit lui qui s\u2019int\u00e9resse \u00e0 ces questions. Mais tr\u00e8s souvent, ces \u0153uvres sont rentr\u00e9es dans les collections du Louvre parce qu\u2019il s\u2019agissait de t\u00e9moignages historiques et artistiques, moins que techniques. Nous n\u2019avons pas le m\u00eame prisme. C\u2019\u00e9tait l\u2019opportunit\u00e9 de montrer des pi\u00e8ces de nos collections, mais que l\u2019on ne voit pas toujours tr\u00e8s bien. Par exemple, le Louvre conserve la plus ancienne montre fran\u00e7aise dat\u00e9e et sign\u00e9e conserv\u00e9e en collection publique. Son bo\u00eetier est compos\u00e9 de deux h\u00e9misph\u00e8res. Nous sommes en 1551, \u00e0 Blois, et elle est sign\u00e9e Jacques de la Garde. C\u2019est assez rare d\u2019avoir de telles pr\u00e9cisions. C\u2019est une licorne assez extraordinaire. On ressent \u00e0 quel point Blois est un lieu strat\u00e9gique \u00e0 l\u2019\u00e9poque.<\/p>\n<p>    Une exposition \u00ab M\u00e9caniques d\u2019art\u00a0\u00bb au mus\u00e9e du Louvre.<br \/>\n                Mus\u00e9e du Louvre<\/p>\n<p class=\"fig-paragraph\"><strong>Quid de la montre de carrosse aux armes du cardinal de Richelieu\u00a0?<\/strong><br \/>Il s\u2019agit d\u2019une pi\u00e8ce d\u2019horlogerie assez imposante datant des ann\u00e9es 1630, aux armes du cardinal, en argent cisel\u00e9 et travaill\u00e9. Elle est rentr\u00e9e dans nos collections car il s\u2019agit d\u2019un tr\u00e8s beau t\u00e9moignage de l\u2019orf\u00e8vrerie fran\u00e7aise. Cela nous int\u00e9resse d\u2019avoir un objet li\u00e9 non seulement \u00e0 un usage, mais aussi \u00e0 un contexte historique pr\u00e9cis. C\u2019est aussi cela la mission du Louvre. On ne peut pas trouver mieux\u00a0: c\u2019est une pi\u00e8ce assez extraordinaire. Les carrosses n\u2019avaient pas des suspensions merveilleuses \u00e0 l\u2019\u00e9poque, et ces objets de luxe et de prestige avaient la capacit\u00e9 de reprendre le fil de l\u2019heure mis \u00e0 mal par les cahots de la route. Richelieu est alors l\u2019homme le plus puissant d\u2019Europe, et un homme en mouvement. Ce n\u2019est pas quelqu\u2019un enferm\u00e9 dans un bureau \u00e0 Paris. Il a sillonn\u00e9 la France, il a pass\u00e9 une partie de sa vie sur les routes, au gr\u00e9 des combats. On d\u00e9passe l\u2019art m\u00e9canique pour parler de l\u2019histoire de France.<\/p>\n<p>    Une exposition \u00ab M\u00e9caniques d\u2019art\u00a0\u00bb au mus\u00e9e du Louvre.<br \/>\n                Mus\u00e9e du Louvre<\/p>\n<p class=\"fig-paragraph\"><strong>Comment avez-vous choisi les objets les plus anciens expos\u00e9s\u00a0?<\/strong><br \/>J\u2019ai notamment rebondi sur cette notion d\u2019automate. j\u2019ai choisi deux objets avec la complicit\u00e9 de mes coll\u00e8gues du d\u00e9partement des Antiquit\u00e9s \u00e9gyptiennes et des Arts de l\u2019islam. Nous exposons un fragment de ces grandes vasques \u00e0 eau qui servaient \u00e0 mesurer le temps dans l\u2019\u00c9gypte de l\u2019\u00e9poque ptol\u00e9ma\u00efque. Ainsi qu\u2019un incroyable \u00e9l\u00e9ment d\u2019horloge automate en forme de paon, datant du Xe si\u00e8cle. On y voit une tr\u00e8s belle sculpture, mais ce tr\u00e8s bel objet est aussi li\u00e9 au temps. Il s\u2019agit d\u2019un morceau d\u2019un automate assez monumental, dot\u00e9 d\u2019une tuyauterie \u00e0 l\u2019int\u00e9rieur. Il est possible que ce paon ait pu cracher de petites billes au passage de chaque heure.<\/p>\n<p>    Une exposition \u00ab M\u00e9caniques d\u2019art\u00a0\u00bb au mus\u00e9e du Louvre.<br \/>\n                Mus\u00e9e du Louvre<\/p>\n<p class=\"fig-paragraph\"><strong>Est-il rare d\u2019exposer une cr\u00e9ation contemporaine telle que l\u2019horloge automate La qu\u00eate du temps de Vacheron Constantin au sein du mus\u00e9e du Louvre\u00a0?<\/strong><br \/>La question est tr\u00e8s int\u00e9ressante\u00a0: quelle est la place de la cr\u00e9ation contemporaine au Louvre\u00a0? Elle y a toujours \u00e9t\u00e9 pr\u00e9sente. Jacques-Louis David, que l\u2019on va c\u00e9l\u00e9brer dans quelques semaines, avait son atelier au Louvre. Il y a toujours eu des commandes contemporaines. Delacroix, de son vivant, a peint un plafond, comme ensuite Braque. La pr\u00e9sence de la cr\u00e9ation contemporaine a \u00e9t\u00e9 objectiv\u00e9e au travers de la peinture, de la photographie, de la litt\u00e9rature. Aujourd\u2019hui, on invite des chor\u00e9graphes, des danseurs, des performeurs. Nous avons la chance d\u2019\u00eatre un mus\u00e9e tr\u00e8s visit\u00e9. Notre mission est de ramener les visiteurs \u00e0 la r\u00e9alit\u00e9 historique des objets qu\u2019on leur pr\u00e9sente par les prismes les plus intelligents possibles. Il existe toujours une petite m\u00e9fiance par rapport aux objets ou \u00e0 la mode. Avec l\u2019exposition Louvre Couture, nous avons montr\u00e9 que la cr\u00e9ation contemporaine avait des expressions vari\u00e9es, que la mode en \u00e9tait une, assez active, cr\u00e9ative, et universelle. Cela passe aussi par les m\u00e9tiers d\u2019arts. Cela n\u2019arrive pas tr\u00e8s souvent, mais de temps en temps, nous pouvons r\u00e9activer nos collections historiques via le prisme de cr\u00e9ations contemporaines. Encore faut-il que ce soit exceptionnel. Nous avions envie de faire ce projet avec Vacheron Constantin car nous sommes face \u00e0 un chef-d\u2019\u0153uvre, une \u0153uvre philosophique, fascinante et troublante, fid\u00e8le \u00e0 une vieille tradition de l\u2019\u0153uvre absolue, virtuose. Qui plus est, il s\u2019agit d\u2019une cr\u00e9ation comm\u00e9morative, qui ne sera jamais vendue et restera au sein de leurs archives, Pour moi, il s\u2019agissait \u00e9galement d\u2019un point tr\u00e8s important.<\/p>\n<p>                                    <a class=\"fig-a11y-skip a11y-hidden\" href=\"#fig-a11y-skip-main-inarticle_mtf\"><br \/>\n        Passer la publicit\u00e9<br \/>\n    <\/a><\/p>\n<p class=\"fig-paragraph\"><strong>Exposition M\u00e9caniques d\u2019art, mus\u00e9e du Louvre, aile Sully, salle 602, jusqu\u2019au 12 novembre 2025<\/strong><\/p>\n","protected":false},"excerpt":{"rendered":"Tour d\u2019horizon avec Olivier Gabet, directeur du d\u00e9partement des Objets d\u2019art, de l\u2019exposition M\u00e9caniques d\u2019art actuellement d\u00e9di\u00e9e \u00e0&hellip;\n","protected":false},"author":2,"featured_media":429628,"comment_status":"","ping_status":"","sticky":false,"template":"","format":"standard","meta":{"footnotes":""},"categories":[1358],"tags":[1348,1384,1385,1386,58,59,1011,27,6066],"class_list":{"0":"post-429627","1":"post","2":"type-post","3":"status-publish","4":"format-standard","5":"has-post-thumbnail","7":"category-arts-et-design","8":"tag-arts","9":"tag-arts-and-design","10":"tag-arts-et-design","11":"tag-design","12":"tag-divertissement","13":"tag-entertainment","14":"tag-fr","15":"tag-france","16":"tag-horlogerie"},"share_on_mastodon":{"url":"https:\/\/pubeurope.com\/@fr\/115295551778250047","error":""},"_links":{"self":[{"href":"https:\/\/www.europesays.com\/fr\/wp-json\/wp\/v2\/posts\/429627","targetHints":{"allow":["GET"]}}],"collection":[{"href":"https:\/\/www.europesays.com\/fr\/wp-json\/wp\/v2\/posts"}],"about":[{"href":"https:\/\/www.europesays.com\/fr\/wp-json\/wp\/v2\/types\/post"}],"author":[{"embeddable":true,"href":"https:\/\/www.europesays.com\/fr\/wp-json\/wp\/v2\/users\/2"}],"replies":[{"embeddable":true,"href":"https:\/\/www.europesays.com\/fr\/wp-json\/wp\/v2\/comments?post=429627"}],"version-history":[{"count":0,"href":"https:\/\/www.europesays.com\/fr\/wp-json\/wp\/v2\/posts\/429627\/revisions"}],"wp:featuredmedia":[{"embeddable":true,"href":"https:\/\/www.europesays.com\/fr\/wp-json\/wp\/v2\/media\/429628"}],"wp:attachment":[{"href":"https:\/\/www.europesays.com\/fr\/wp-json\/wp\/v2\/media?parent=429627"}],"wp:term":[{"taxonomy":"category","embeddable":true,"href":"https:\/\/www.europesays.com\/fr\/wp-json\/wp\/v2\/categories?post=429627"},{"taxonomy":"post_tag","embeddable":true,"href":"https:\/\/www.europesays.com\/fr\/wp-json\/wp\/v2\/tags?post=429627"}],"curies":[{"name":"wp","href":"https:\/\/api.w.org\/{rel}","templated":true}]}}