{"id":429631,"date":"2025-09-30T22:15:32","date_gmt":"2025-09-30T22:15:32","guid":{"rendered":"https:\/\/www.europesays.com\/fr\/429631\/"},"modified":"2025-09-30T22:15:32","modified_gmt":"2025-09-30T22:15:32","slug":"leo-mis-en-examen-claudine-tient-sa-vengeance-yann-grille-par-hugo-le-resume-de-lepisode-1761-du-mercredi-1er-octobre-2025","status":"publish","type":"post","link":"https:\/\/www.europesays.com\/fr\/429631\/","title":{"rendered":"L\u00e9o mis en examen, Claudine tient sa vengeance, Yann grill\u00e9 par Hugo&#8230; Le r\u00e9sum\u00e9 de l&rsquo;\u00e9pisode 1761 du mercredi 1er octobre 2025"},"content":{"rendered":"<p><b>Mercredi 1er octobre 2025 dans <\/b><b>Un si grand soleil<\/b><b> sur France 3<\/b> &#8211; r\u00e9cemment marqu\u00e9 par <a href=\"https:\/\/www.programme-tv.net\/news\/series-tv\/387978-exclu-un-si-grand-soleil-stephane-brel-pascal-quitte-la-serie-ce-soir-reviendra-t-il-il-nous-repond\/\" data-api-deeplink=\"teleloisirs:\/\/news\/387978\" target=\"_blank\" rel=\"noopener\">le d\u00e9part de St\u00e9phane Brel<\/a>&#8230;  A la<a href=\"https:\/\/www.programme-tv.net\/news\/series-tv\/384178-un-si-grand-soleil-on-sy-croirait-vraiment-folco-marchi-fan-du-nouveau-decor-de-la-coloc-a-la-ferme-il-nous-raconte\/\" data-api-deeplink=\"teleloisirs:\/\/news\/384178\" target=\"_blank\" rel=\"noopener\"> ferme,<\/a> l&rsquo;heure est \u00e0 l&rsquo;action. William, Ludo (Folco Marchi &#8211; <a href=\"https:\/\/www.programme-tv.net\/news\/series-tv\/333578-exclu-le-debut-dune-nouvelle-aventure-folco-marchi-ludo-dans-un-si-grand-soleil-annonce-etre-papa-pour-la-deuxieme-fois\/\" data-api-deeplink=\"teleloisirs:\/\/news\/333578\" target=\"_blank\" rel=\"noopener\">le papa de deux enfants<\/a>), Elodie et les autres agriculteurs du coin sont en alerte. La situation est dramatique. Ils d\u00e9cident alors de sensibiliser l\u2019opinion afin d\u2019obtenir une aide d\u2019urgence et la reconnaissance d\u2019un \u00e9tat de calamit\u00e9 agricole exceptionnelle. Au commissariat, Hugo revient sur <a href=\"https:\/\/www.programme-tv.net\/news\/series-tv\/388566-un-si-grand-soleil-en-avance-hugo-retrouve-l-arme-qui-a-blesse-pauline-charlotte-a-des-doutes-a-propos-d-achille-le-resume-de-l-episode-1760-du-mardi-30-septembre-2025\/\" data-api-deeplink=\"teleloisirs:\/\/news\/388566\" target=\"_blank\" rel=\"noopener\">sa d\u00e9couverte de la veille<\/a>. Il y a bien des fibres de bois sur la plaie de Pauline, mais pas de sang sur la chaise. Seule piste, le pied manquant. Si les propos du compagnon de Sabine laissent penser qu\u2019un autre agresseur serait intervenu apr\u00e8s la dispute du couple pour s\u2019en prendre \u00e0 l\u2019agricultrice, <a href=\"https:\/\/www.programme-tv.net\/news\/series-tv\/382491-un-si-grand-soleil-en-avance-johanna-et-yann-se-marient-enfin-dardel-arrete-alix-liberee-les-resumes-des-episodes-1691-et-1692-du-jeudi-3-juillet-2025\/\" data-api-deeplink=\"teleloisirs:\/\/news\/382491\" target=\"_blank\" rel=\"noopener\">le mari de Johanna <\/a>n&rsquo;y croit pas. C&rsquo;est alors qu&rsquo;il interroge \u00e0 nouveau L\u00e9o, lui parlant de la fameuse chaise. Mais, revenant sur le d\u00e9roul\u00e9 de ce qui s&rsquo;est pass\u00e9, le mari de Pauline assure qu&rsquo;il n&rsquo;a pas touch\u00e9 sa femme. Ce qui n&#8217;emp\u00eache pas Laplace de le mettre en examen, avec interdiction de s\u2019approcher de Pauline. L&rsquo;agriculteur encaisse le coup, difficilement. De son c\u00f4t\u00e9, Ludo obtient une bonne nouvelle. Le Midi Libre viendra d\u00e8s le lendemain r\u00e9aliser un article sur la situation. De quoi sauver les exploitations ?<\/p>\n<p>                        Un si grand soleil en vance :  Yann flirte avec Lucie, le flic grill\u00e9 par Hugo ?<\/p>\n<p>Au t\u00e9l\u00e9phone avec Yann, Lucie lui fait une description all\u00e9chante du maillot de bain qu&rsquo;elle porte \u00e0 ce moment l\u00e0. De quoi ne pas laisser insensible le flic&#8230; N&rsquo;y tenant plus, il promet \u00e0 sa ma\u00eetresse de la retrouver d\u00e8s le lendemain. Malheureusement, la conversation est entendue par Hugo&#8230; persuad\u00e9 qu\u2019il s\u2019agissait de Johanna \u00e0 l\u2019autre bout du combin\u00e9. Ouf ! Le soir venu, l&rsquo;avocate est en train de cuisiner. De quoi surprendre Yann. Celle-ci explique vouloir lui faire plaisir avant son d\u00e9part le lendemain pour trois jours \u00e0 Paris, pour le travail. Quand le chat n\u2019est pas l\u00e0&#8230;.<\/p>\n<p>Un si grand soleil en avance : Levars donne une arme \u00e0 Claudine pour se venger de Johanna et Florent<\/p>\n<p>Alix et Claudine prennent le caf\u00e9 ensemble. La galeriste se renseigne sur la nouvelle situation professionnelle de son amie. Celle-ci se dit tr\u00e8s satisfaite d\u2019avoir quitt\u00e9 BGL pour rejoindre Levars, en rejoignant Levars. Ce dernier a d&rsquo;ailleurs une affaire en commun avec Johanna, qui repr\u00e9sente l&rsquo;h\u00f4pital, tandis que le nouvel associ\u00e9 de Claudine d\u00e9fend un ancien fournisseur de l&rsquo;\u00e9tablissement. Un dossier \u00e9pineux sur lequel accepte de se pencher l\u2019ex-femme de Becker pour aider Levars, en pleine gal\u00e8re. Quelques minutes plus tard, alors qu&rsquo;elle est au t\u00e9l\u00e9phone avec Sabine, qui lui apprend qu&rsquo;elle a pris Florent pour d\u00e9fendre les int\u00e9r\u00eats de Pablo, l&rsquo;avocate, en pleine lecture du dossier, se r\u00e9jouit. Aurait-elle trouv\u00e9 un moyen de se venger de ses anciens associ\u00e9s?<\/p>\n<p>            Un si grand soleil en avance : L\u00e9o et Elodie s&rsquo;\u00e9charpent<\/p>\n<p>A la ferme, si l\u2019annonce du futur article rend \u00c9lodie optimiste, Ludo l\u2019est beaucoup moins. Selon lui, cela ne change rien : il faut une v\u00e9ritable prise de conscience collective et adapter les cultures aux r\u00e9gions. Tout \u00e0 coup, la fille de William pense \u00e0 Pauline et se rappelle qu&rsquo;elle doit justement aller arroser ses fleurs. Mauvaise id\u00e9e : c\u2019est pr\u00e9cis\u00e9ment \u00e0 ce moment-l\u00e0 que L\u00e9o arrive et lui demande de partir, tandis que la jeune femme promet de lui faire payer&#8230;<\/p>\n","protected":false},"excerpt":{"rendered":"Mercredi 1er octobre 2025 dans Un si grand soleil sur France 3 &#8211; r\u00e9cemment marqu\u00e9 par le d\u00e9part&hellip;\n","protected":false},"author":2,"featured_media":429632,"comment_status":"","ping_status":"","sticky":false,"template":"","format":"standard","meta":{"footnotes":""},"categories":[1356],"tags":[244,58,59,1011,27,22198,252,1364,9766,26118,26117],"class_list":{"0":"post-429631","1":"post","2":"type-post","3":"status-publish","4":"format-standard","5":"has-post-thumbnail","7":"category-television","8":"tag-commentaire","9":"tag-divertissement","10":"tag-entertainment","11":"tag-fr","12":"tag-france","13":"tag-france-tv","14":"tag-television","15":"tag-tv","16":"tag-un-si-grand-soleil","17":"tag-un-si-grand-soleil-ru00e9sumu00e9","18":"tag-un-si-grand-soleil-ru00e9sumu00e9-en-avance"},"share_on_mastodon":{"url":"https:\/\/pubeurope.com\/@fr\/115295559616797025","error":""},"_links":{"self":[{"href":"https:\/\/www.europesays.com\/fr\/wp-json\/wp\/v2\/posts\/429631","targetHints":{"allow":["GET"]}}],"collection":[{"href":"https:\/\/www.europesays.com\/fr\/wp-json\/wp\/v2\/posts"}],"about":[{"href":"https:\/\/www.europesays.com\/fr\/wp-json\/wp\/v2\/types\/post"}],"author":[{"embeddable":true,"href":"https:\/\/www.europesays.com\/fr\/wp-json\/wp\/v2\/users\/2"}],"replies":[{"embeddable":true,"href":"https:\/\/www.europesays.com\/fr\/wp-json\/wp\/v2\/comments?post=429631"}],"version-history":[{"count":0,"href":"https:\/\/www.europesays.com\/fr\/wp-json\/wp\/v2\/posts\/429631\/revisions"}],"wp:featuredmedia":[{"embeddable":true,"href":"https:\/\/www.europesays.com\/fr\/wp-json\/wp\/v2\/media\/429632"}],"wp:attachment":[{"href":"https:\/\/www.europesays.com\/fr\/wp-json\/wp\/v2\/media?parent=429631"}],"wp:term":[{"taxonomy":"category","embeddable":true,"href":"https:\/\/www.europesays.com\/fr\/wp-json\/wp\/v2\/categories?post=429631"},{"taxonomy":"post_tag","embeddable":true,"href":"https:\/\/www.europesays.com\/fr\/wp-json\/wp\/v2\/tags?post=429631"}],"curies":[{"name":"wp","href":"https:\/\/api.w.org\/{rel}","templated":true}]}}