{"id":429647,"date":"2025-09-30T22:23:13","date_gmt":"2025-09-30T22:23:13","guid":{"rendered":"https:\/\/www.europesays.com\/fr\/429647\/"},"modified":"2025-09-30T22:23:13","modified_gmt":"2025-09-30T22:23:13","slug":"appelez-le-911-un-enfant-sauve-sa-mere-en-passant-un-mot-a-un-chauffeur-de-bus","status":"publish","type":"post","link":"https:\/\/www.europesays.com\/fr\/429647\/","title":{"rendered":"\u00ab\u00a0Appelez le 911\u00a0\u00bb, un enfant sauve sa m\u00e8re en passant un mot \u00e0 un chauffeur de bus"},"content":{"rendered":"<p>Aux <a href=\"https:\/\/www.20minutes.fr\/monde\/etats-unis\/\" target=\"_blank\" class=\"c-link c-link--is-underlined\" rel=\"nofollow noopener\">Etats-Unis<\/a>, un simple billet griffonn\u00e9 par un enfant a permis de sauver sa m\u00e8re victime de violences domestiques dans l\u2019Iowa. Mercredi matin, un \u00e9l\u00e8ve de premi\u00e8re ann\u00e9e du district scolaire de Sumner-Fredericksburg a discr\u00e8tement remis \u00e0 son chauffeur de bus un mot demandant d\u2019appeler le 911. Selon la cha\u00eene locale <a href=\"https:\/\/www.kcrg.com\/2025\/09\/26\/child-saves-mom-by-passing-note-bus-driver-saying-call-911\/\" rel=\"nofollow noopener\" target=\"_blank\" class=\"c-link c-link--is-underlined\">KCRG, affili\u00e9e \u00e0 ABC News<\/a>, ce geste a d\u00e9clench\u00e9 l\u2019intervention rapide du sh\u00e9rif du comt\u00e9 de Fayette.<\/p>\n<p>Lorsque les adjoints sont arriv\u00e9s \u00e0 la maison familiale de Westgate, ils ont d\u00e9couvert une femme gravement bless\u00e9e. L\u2019enqu\u00eate a r\u00e9v\u00e9l\u00e9 qu\u2019elle avait \u00e9t\u00e9 frapp\u00e9e tout au long de la nuit, menac\u00e9e avec un <a href=\"https:\/\/www.20minutes.fr\/dossier\/couteau\" target=\"_blank\" class=\"c-link c-link--is-underlined\" rel=\"nofollow noopener\">couteau<\/a> et emp\u00each\u00e9e de demander de l\u2019aide. L\u2019examen m\u00e9dical a montr\u00e9 deux c\u00f4tes fractur\u00e9es et un poumon perfor\u00e9.<\/p>\n<\/p>\n<p>Violences domestiques et enl\u00e8vement<\/p>\n<p>Le suspect, Glenroy Miller, 29 ans et originaire des Bahamas, a \u00e9t\u00e9 arr\u00eat\u00e9 sur place. Il est poursuivi pour violences domestiques avec intention de causer des blessures graves, enl\u00e8vement au deuxi\u00e8me degr\u00e9 avec arme blanche et obstruction \u00e0 une communication d\u2019urgence. Il est \u00e9galement sous le coup d\u2019une mesure de r\u00e9tention de l\u2019ICE, le service am\u00e9ricain de l\u2019immigration.<\/p>\n<p><a href=\"https:\/\/www.20minutes.fr\/monde\/etats-unis\/\" target=\"_blank\" class=\"c-link c-btn c-btn--primary\" rel=\"nofollow noopener\">Notre dossier sur les Etats-Unis<\/a><\/p>\n<p>Les autorit\u00e9s ont pr\u00e9cis\u00e9 que la victime, retenue contre sa volont\u00e9, avait imagin\u00e9 ce stratag\u00e8me pour alerter l\u2019ext\u00e9rieur. Sans la pr\u00e9sence d\u2019esprit de son enfant et la r\u00e9action imm\u00e9diate du chauffeur de bus, l\u2019issue aurait pu \u00eatre dramatique.<\/p>\n","protected":false},"excerpt":{"rendered":"Aux Etats-Unis, un simple billet griffonn\u00e9 par un enfant a permis de sauver sa m\u00e8re victime de violences&hellip;\n","protected":false},"author":2,"featured_media":429648,"comment_status":"","ping_status":"","sticky":false,"template":"","format":"standard","meta":{"footnotes":""},"categories":[5],"tags":[47,11,2441,55800,7623,73,1011,27,14,7775,74,12,28],"class_list":{"0":"post-429647","1":"post","2":"type-post","3":"status-publish","4":"format-standard","5":"has-post-thumbnail","7":"category-international","8":"tag-actualite","9":"tag-actualites","10":"tag-arrestation","11":"tag-bahamas","12":"tag-coup-de-couteau","13":"tag-etats-unis","14":"tag-fr","15":"tag-france","16":"tag-international","17":"tag-menaces-de-mort","18":"tag-monde","19":"tag-news","20":"tag-world"},"share_on_mastodon":{"url":"https:\/\/pubeurope.com\/@fr\/115295591141517602","error":""},"_links":{"self":[{"href":"https:\/\/www.europesays.com\/fr\/wp-json\/wp\/v2\/posts\/429647","targetHints":{"allow":["GET"]}}],"collection":[{"href":"https:\/\/www.europesays.com\/fr\/wp-json\/wp\/v2\/posts"}],"about":[{"href":"https:\/\/www.europesays.com\/fr\/wp-json\/wp\/v2\/types\/post"}],"author":[{"embeddable":true,"href":"https:\/\/www.europesays.com\/fr\/wp-json\/wp\/v2\/users\/2"}],"replies":[{"embeddable":true,"href":"https:\/\/www.europesays.com\/fr\/wp-json\/wp\/v2\/comments?post=429647"}],"version-history":[{"count":0,"href":"https:\/\/www.europesays.com\/fr\/wp-json\/wp\/v2\/posts\/429647\/revisions"}],"wp:featuredmedia":[{"embeddable":true,"href":"https:\/\/www.europesays.com\/fr\/wp-json\/wp\/v2\/media\/429648"}],"wp:attachment":[{"href":"https:\/\/www.europesays.com\/fr\/wp-json\/wp\/v2\/media?parent=429647"}],"wp:term":[{"taxonomy":"category","embeddable":true,"href":"https:\/\/www.europesays.com\/fr\/wp-json\/wp\/v2\/categories?post=429647"},{"taxonomy":"post_tag","embeddable":true,"href":"https:\/\/www.europesays.com\/fr\/wp-json\/wp\/v2\/tags?post=429647"}],"curies":[{"name":"wp","href":"https:\/\/api.w.org\/{rel}","templated":true}]}}