{"id":429662,"date":"2025-09-30T22:36:14","date_gmt":"2025-09-30T22:36:14","guid":{"rendered":"https:\/\/www.europesays.com\/fr\/429662\/"},"modified":"2025-09-30T22:36:14","modified_gmt":"2025-09-30T22:36:14","slug":"ligue-2-le-coach-nous-a-rappele-quil-fallait-quon-soit-humbles-retour-sur-terre-pour-les-verts-avant-de-se-rendre-a-montpellier","status":"publish","type":"post","link":"https:\/\/www.europesays.com\/fr\/429662\/","title":{"rendered":"Ligue 2. \u00ab Le coach nous a rappel\u00e9 qu\u2019il fallait qu\u2019on soit humbles \u00bb : retour sur Terre pour les Verts avant de se rendre \u00e0 Montpellier"},"content":{"rendered":"<p>Trois jours apr\u00e8s la d\u00e9sillusion face \u00e0 Guingamp, les Verts ont retrouv\u00e9 le chemin de l\u2019entra\u00eenement ce mardi matin. Une s\u00e9ance d\u2019environ deux heures, condens\u00e9e par un premier travail en salle, puis diff\u00e9rentes oppositions avec ballon ensuite.<\/p>\n<p>Maxime Bernauer seul absent de la s\u00e9ance<\/p>\n<p>Touch\u00e9 \u00e0 la cheville, Luan Gadegbeku est venu assister \u00e0 la fin de la s\u00e9ance, sans sa botte de marche orthop\u00e9dique qu\u2019il portait depuis plusieurs jours, o\u00f9 seul Maxime Bernauer manquait \u00e0 l\u2019appel. Expuls\u00e9 en fin de&#8230;<\/p>\n","protected":false},"excerpt":{"rendered":"Trois jours apr\u00e8s la d\u00e9sillusion face \u00e0 Guingamp, les Verts ont retrouv\u00e9 le chemin de l\u2019entra\u00eenement ce mardi&hellip;\n","protected":false},"author":2,"featured_media":429663,"comment_status":"","ping_status":"","sticky":false,"template":"","format":"standard","meta":{"footnotes":""},"categories":[9599],"tags":[1111,11,4000,7539,1777,674,107,63,1011,27,4002,3367,2208,12,2680,25,4001,7538,517],"class_list":{"0":"post-429662","1":"post","2":"type-post","3":"status-publish","4":"format-standard","5":"has-post-thumbnail","7":"category-montpellier","8":"tag-actu","9":"tag-actualites","10":"tag-asse-as-saint-etienne-football","11":"tag-edition-loire-sud","12":"tag-eu","13":"tag-europe","14":"tag-fil-info","15":"tag-football","16":"tag-fr","17":"tag-france","18":"tag-haute-loire","19":"tag-loire","20":"tag-montpellier","21":"tag-news","22":"tag-occitanie","23":"tag-republique-francaise","24":"tag-saint-etienne","25":"tag-saint-etienne-ville","26":"tag-sport"},"share_on_mastodon":{"url":"https:\/\/pubeurope.com\/@fr\/115295642154173190","error":""},"_links":{"self":[{"href":"https:\/\/www.europesays.com\/fr\/wp-json\/wp\/v2\/posts\/429662","targetHints":{"allow":["GET"]}}],"collection":[{"href":"https:\/\/www.europesays.com\/fr\/wp-json\/wp\/v2\/posts"}],"about":[{"href":"https:\/\/www.europesays.com\/fr\/wp-json\/wp\/v2\/types\/post"}],"author":[{"embeddable":true,"href":"https:\/\/www.europesays.com\/fr\/wp-json\/wp\/v2\/users\/2"}],"replies":[{"embeddable":true,"href":"https:\/\/www.europesays.com\/fr\/wp-json\/wp\/v2\/comments?post=429662"}],"version-history":[{"count":0,"href":"https:\/\/www.europesays.com\/fr\/wp-json\/wp\/v2\/posts\/429662\/revisions"}],"wp:featuredmedia":[{"embeddable":true,"href":"https:\/\/www.europesays.com\/fr\/wp-json\/wp\/v2\/media\/429663"}],"wp:attachment":[{"href":"https:\/\/www.europesays.com\/fr\/wp-json\/wp\/v2\/media?parent=429662"}],"wp:term":[{"taxonomy":"category","embeddable":true,"href":"https:\/\/www.europesays.com\/fr\/wp-json\/wp\/v2\/categories?post=429662"},{"taxonomy":"post_tag","embeddable":true,"href":"https:\/\/www.europesays.com\/fr\/wp-json\/wp\/v2\/tags?post=429662"}],"curies":[{"name":"wp","href":"https:\/\/api.w.org\/{rel}","templated":true}]}}