{"id":429692,"date":"2025-09-30T22:53:11","date_gmt":"2025-09-30T22:53:11","guid":{"rendered":"https:\/\/www.europesays.com\/fr\/429692\/"},"modified":"2025-09-30T22:53:11","modified_gmt":"2025-09-30T22:53:11","slug":"crossroads-festival-2025-trois-jours-de-decouvertes-musicales-a-roubaix","status":"publish","type":"post","link":"https:\/\/www.europesays.com\/fr\/429692\/","title":{"rendered":"Crossroads Festival 2025 : trois jours de d\u00e9couvertes musicales \u00e0 Roubaix"},"content":{"rendered":"<p>Du 4 au 6 novembre 2025, Roubaix accueillera une nouvelle \u00e9dition du Crossroads Festival, rendez-vous incontournable des musiques actuelles dans les Hauts-de-France.\n<\/p>\n<p>Cr\u00e9\u00e9 en 2016 par la Brigade d\u2019Intervention Culturelle (BIC), <a href=\"https:\/\/www.crossroadsfestival.org\/\" target=\"_blank\" rel=\"noopener nofollow\">ce festival de showcases<\/a> est devenu en moins de dix ans une r\u00e9f\u00e9rence nationale et transfrontali\u00e8re pour la d\u00e9couverte et l\u2019accompagnement des artistes \u00e9mergents. Chaque ann\u00e9e, il r\u00e9unit pr\u00e8s de 450 professionnels fran\u00e7ais et internationaux de la fili\u00e8re musicale \u2013 labels, tourneurs, programmateurs, m\u00e9dias \u2013 venus rep\u00e9rer les talents de demain.<\/p>\n<p>Un tremplin pour l\u2019\u00e9mergence artistique<\/p>\n<p>Crossroads est l\u2019aboutissement de pr\u00e8s de 20 ann\u00e9es de travail men\u00e9 par la BIC et ses partenaires autour de l\u2019exportation et la mise en lumi\u00e8re des talents r\u00e9gionaux. Le festival joue un r\u00f4le central dans la construction des carri\u00e8res artistiques, en offrant aux musiciennes et musiciens une visibilit\u00e9 pr\u00e9cieuse et des opportunit\u00e9s de diffusion en France comme \u00e0 l\u2019\u00e9tranger.<\/p>\n<p>21 projets musicaux \u00e0 d\u00e9couvrir en 2025<\/p>\n<p>Cette \u00e9dition mettra en avant 21 projets artistiques aux esth\u00e9tiques vari\u00e9es :<\/p>\n<ul>\n<li>8 artistes des Hauts-de-France, t\u00e9moignant de la richesse cr\u00e9ative r\u00e9gionale ;<\/li>\n<li>10 projets venus d\u2019autres r\u00e9gions fran\u00e7aises ;<\/li>\n<li>3 groupes belges, soutenus par le r\u00e9seau Court-Circuit, Wallonie-Bruxelles Musiques et le festival FrancoFaune de Bruxelles.<\/li>\n<\/ul>\n<p>Parmi les groupes r\u00e9gionaux, le public pourra d\u00e9couvrir <a href=\"https:\/\/www.crossroadsfestival.org\/nord-noir\/\" target=\"_blank\" rel=\"noopener nofollow\">NORD\/\/NOIR<\/a>, fra\u00eechement s\u00e9lectionn\u00e9 aux <a href=\"https:\/\/www.printemps-bourges.com\/les-inouis\/\" target=\"_blank\" rel=\"noopener nofollow\">Inou\u00efs du Printemps de Bourges 2025<\/a>, une reconnaissance nationale pour cette formation originaire des Hauts-de-France.<\/p>\n<p><a href=\"https:\/\/www.crossroadsfestival.org\/programmation-2025\/\" target=\"_blank\" rel=\"noopener nofollow\">La programmation compl\u00e8te<\/a><\/p>\n<p>Un festival ancr\u00e9 dans la r\u00e9gion, ouvert sur l\u2019Europe<\/p>\n<p>Au-del\u00e0 des concerts, Crossroads s\u2019affirme comme un lieu de rencontres et d\u2019\u00e9changes professionnels, contribuant \u00e0 renforcer les collaborations entre acteurs culturels r\u00e9gionaux, nationaux et europ\u00e9ens. Sa dimension transfrontali\u00e8re, port\u00e9e notamment par l\u2019accueil d\u2019artistes belges, souligne la place strat\u00e9gique des Hauts-de-France comme carrefour musical et culturel.<\/p>\n<p>Rendez-vous du 4 au 6 novembre 2025 \u00e0 Roubaix pour trois soir\u00e9es riches en d\u00e9couvertes, o\u00f9 le futur de la sc\u00e8ne musicale s\u2019\u00e9crit sur les sc\u00e8nes du Crossroads Festival.<\/p>\n<p><a href=\"https:\/\/www.crossroadsfestival.org\/\" target=\"_blank\" rel=\"noopener nofollow\">Plus d\u2019informations<\/a><\/p>\n","protected":false},"excerpt":{"rendered":"Du 4 au 6 novembre 2025, Roubaix accueillera une nouvelle \u00e9dition du Crossroads Festival, rendez-vous incontournable des musiques&hellip;\n","protected":false},"author":2,"featured_media":429693,"comment_status":"","ping_status":"","sticky":false,"template":"","format":"standard","meta":{"footnotes":""},"categories":[2815],"tags":[1111,11,251,1777,674,1011,27,811,1307,12,25],"class_list":{"0":"post-429692","1":"post","2":"type-post","3":"status-publish","4":"format-standard","5":"has-post-thumbnail","7":"category-lille","8":"tag-actu","9":"tag-actualites","10":"tag-culture","11":"tag-eu","12":"tag-europe","13":"tag-fr","14":"tag-france","15":"tag-hauts-de-france","16":"tag-lille","17":"tag-news","18":"tag-republique-francaise"},"share_on_mastodon":{"url":"https:\/\/pubeurope.com\/@fr\/115295709096463364","error":""},"_links":{"self":[{"href":"https:\/\/www.europesays.com\/fr\/wp-json\/wp\/v2\/posts\/429692","targetHints":{"allow":["GET"]}}],"collection":[{"href":"https:\/\/www.europesays.com\/fr\/wp-json\/wp\/v2\/posts"}],"about":[{"href":"https:\/\/www.europesays.com\/fr\/wp-json\/wp\/v2\/types\/post"}],"author":[{"embeddable":true,"href":"https:\/\/www.europesays.com\/fr\/wp-json\/wp\/v2\/users\/2"}],"replies":[{"embeddable":true,"href":"https:\/\/www.europesays.com\/fr\/wp-json\/wp\/v2\/comments?post=429692"}],"version-history":[{"count":0,"href":"https:\/\/www.europesays.com\/fr\/wp-json\/wp\/v2\/posts\/429692\/revisions"}],"wp:featuredmedia":[{"embeddable":true,"href":"https:\/\/www.europesays.com\/fr\/wp-json\/wp\/v2\/media\/429693"}],"wp:attachment":[{"href":"https:\/\/www.europesays.com\/fr\/wp-json\/wp\/v2\/media?parent=429692"}],"wp:term":[{"taxonomy":"category","embeddable":true,"href":"https:\/\/www.europesays.com\/fr\/wp-json\/wp\/v2\/categories?post=429692"},{"taxonomy":"post_tag","embeddable":true,"href":"https:\/\/www.europesays.com\/fr\/wp-json\/wp\/v2\/tags?post=429692"}],"curies":[{"name":"wp","href":"https:\/\/api.w.org\/{rel}","templated":true}]}}