{"id":429721,"date":"2025-09-30T23:10:10","date_gmt":"2025-09-30T23:10:10","guid":{"rendered":"https:\/\/www.europesays.com\/fr\/429721\/"},"modified":"2025-09-30T23:10:10","modified_gmt":"2025-09-30T23:10:10","slug":"reunification-allemande-35-ans-plus-tard-que-reste-t-il-de-la-rda","status":"publish","type":"post","link":"https:\/\/www.europesays.com\/fr\/429721\/","title":{"rendered":"R\u00e9unification allemande: 35 ans plus tard, que reste-t-il de la RDA?"},"content":{"rendered":"<p>\n                                                3 octobre 1990. L\u2019Allemagne divis\u00e9e depuis 1949 est d\u00e9sormais r\u00e9unifi\u00e9e, un peu moins d\u2019un an apr\u00e8s l\u2019ouverture du Mur\u00a0de Berlin\u00a0en novembre 1989.\u00a0Fin\u00a0de\u00a040 ans de partition du pays.\u00a035 ans plus tard, que reste-t-il de l\u2019ex-RDA\u00a0? \u00c0 Berlin, des quantit\u00e9s de traces ont disparu, notamment de nombreux symboles politiques du r\u00e9gime. En province, le pass\u00e9 est-allemand est souvent plus visible. Aujourd\u2019hui, une nouvelle g\u00e9n\u00e9ration semble red\u00e9couvrir la valeur architecturale et artistique de la RDA.                    <\/p>\n<p>Mais le d\u00e9bat reste vivace.\u00a0L\u2019ouest de l&rsquo;Allemagne ne c\u00e8de rien de son rejet du communisme. Et l&rsquo;est du pays d\u00e9nonce une forme de colonialisation par ses colocataires de l&rsquo;Ouest.<\/p>\n<p><strong>\u00abR\u00e9unification allemande: 35 ans plus tard, que reste-t-il de la RDA ?\u00bb, un Grand reportage de Nathalie Versieux.<\/strong><\/p>\n","protected":false},"excerpt":{"rendered":"3 octobre 1990. L\u2019Allemagne divis\u00e9e depuis 1949 est d\u00e9sormais r\u00e9unifi\u00e9e, un peu moins d\u2019un an apr\u00e8s l\u2019ouverture du&hellip;\n","protected":false},"author":2,"featured_media":429722,"comment_status":"","ping_status":"","sticky":false,"template":"","format":"standard","meta":{"footnotes":""},"categories":[1587],"tags":[11,672,1804,1805,1803,1777,674,1801,2494,12,1802],"class_list":{"0":"post-429721","1":"post","2":"type-post","3":"status-publish","4":"format-standard","5":"has-post-thumbnail","7":"category-allemagne","8":"tag-actualites","9":"tag-allemagne","10":"tag-bundesrepublik-deutschland","11":"tag-de","12":"tag-deutschland","13":"tag-eu","14":"tag-europe","15":"tag-germany","16":"tag-grand-reportage","17":"tag-news","18":"tag-republique-federale-dallemagne"},"share_on_mastodon":{"url":"https:\/\/pubeurope.com\/@fr\/115295776031182448","error":""},"_links":{"self":[{"href":"https:\/\/www.europesays.com\/fr\/wp-json\/wp\/v2\/posts\/429721","targetHints":{"allow":["GET"]}}],"collection":[{"href":"https:\/\/www.europesays.com\/fr\/wp-json\/wp\/v2\/posts"}],"about":[{"href":"https:\/\/www.europesays.com\/fr\/wp-json\/wp\/v2\/types\/post"}],"author":[{"embeddable":true,"href":"https:\/\/www.europesays.com\/fr\/wp-json\/wp\/v2\/users\/2"}],"replies":[{"embeddable":true,"href":"https:\/\/www.europesays.com\/fr\/wp-json\/wp\/v2\/comments?post=429721"}],"version-history":[{"count":0,"href":"https:\/\/www.europesays.com\/fr\/wp-json\/wp\/v2\/posts\/429721\/revisions"}],"wp:featuredmedia":[{"embeddable":true,"href":"https:\/\/www.europesays.com\/fr\/wp-json\/wp\/v2\/media\/429722"}],"wp:attachment":[{"href":"https:\/\/www.europesays.com\/fr\/wp-json\/wp\/v2\/media?parent=429721"}],"wp:term":[{"taxonomy":"category","embeddable":true,"href":"https:\/\/www.europesays.com\/fr\/wp-json\/wp\/v2\/categories?post=429721"},{"taxonomy":"post_tag","embeddable":true,"href":"https:\/\/www.europesays.com\/fr\/wp-json\/wp\/v2\/tags?post=429721"}],"curies":[{"name":"wp","href":"https:\/\/api.w.org\/{rel}","templated":true}]}}