{"id":429725,"date":"2025-09-30T23:12:15","date_gmt":"2025-09-30T23:12:15","guid":{"rendered":"https:\/\/www.europesays.com\/fr\/429725\/"},"modified":"2025-09-30T23:12:15","modified_gmt":"2025-09-30T23:12:15","slug":"au-proces-pechier-les-trois-incidents-suspects-de-la-polyclinique-de-franche-comte-liberation","status":"publish","type":"post","link":"https:\/\/www.europesays.com\/fr\/429725\/","title":{"rendered":"au proc\u00e8s P\u00e9chier, les trois incidents suspects de la polyclinique de Franche-Comt\u00e9 \u2013 Lib\u00e9ration"},"content":{"rendered":"<p class=\"sc-cPiKLX AiZTS text-element\">Ce mardi 30\u00a0septembre, la cour d\u2019assises du Doubs entamait une exploration d\u00e9cisive pour l\u2019avenir du docteur P\u00e9chier, accus\u00e9 de trente empoisonnements dont douze mortels\u00a0: celle des trois \u00e9v\u00e9nements ind\u00e9sirables graves (EIG) inexpliqu\u00e9s survenus \u00e0 la polyclinique de Franche-Comt\u00e9, entre avril et juin\u00a02009. \u00abUn petit caillou que vous avez dans la chaussure\u00bb, ironisait la veille un avocat de parties civiles, lors d\u2019un interrogatoire de l\u2019accus\u00e9 particuli\u00e8rement tendu. Ce sont les seuls cas d\u2019empoisonnements retenus par l\u2019accusation, en dehors de la clinique Saint-Vincent, o\u00f9 l\u2019ancien anesth\u00e9siste <a href=\"https:\/\/www.liberation.fr\/societe\/police-justice\/proces-de-frederic-pechier-je-voulais-arreter-lanesthesie-parce-que-cetait-une-loterie-20250919_BOO3QV4VR5DE5EB4K27XB25WJQ\/\" target=\"_blank\" rel=\"nofollow noopener\" title=\"https:\/\/www.liberation.fr\/societe\/police-justice\/proces-de-frederic-pechier-je-voulais-arreter-lanesthesie-parce-que-cetait-une-loterie-20250919_BOO3QV4VR5DE5EB4K27XB25WJQ\/\">a pass\u00e9 l\u2019essentiel de sa carri\u00e8re<\/a>. <\/p>\n<p class=\"sc-cPiKLX AiZTS text-element\">A la barre, veste de costume et petites lunettes, B\u00e9nilde Moreau, chef de la police judiciaire de Besan\u00e7on et directeur d\u2019enqu\u00eate \u00e0 l\u2019\u00e9poque, rembobine\u00a0: \u00abJ\u2019ai \u00e9t\u00e9 saisi pour des \u00e9v\u00e9nements ind\u00e9sirables graves survenus le 7\u00a0avril 2009 avec B\u00e9nedicte Boussard, le 27\u00a0avril 2009 avec Michel Voniez et le 22\u00a0juin 2009 avec Nicole Deblock.\u00bb Les trois patients ont surv\u00e9cu, mais la derni\u00e8re a d\u00fb se faire poser un d\u00e9fibrillateu <\/p>\n","protected":false},"excerpt":{"rendered":"Ce mardi 30\u00a0septembre, la cour d\u2019assises du Doubs entamait une exploration d\u00e9cisive pour l\u2019avenir du docteur P\u00e9chier, accus\u00e9&hellip;\n","protected":false},"author":2,"featured_media":429726,"comment_status":"","ping_status":"","sticky":false,"template":"","format":"standard","meta":{"footnotes":""},"categories":[1586],"tags":[11,10112,1777,674,1779,1011,27,51056,12,25,1778,364],"class_list":{"0":"post-429725","1":"post","2":"type-post","3":"status-publish","4":"format-standard","5":"has-post-thumbnail","7":"category-europe","8":"tag-actualites","9":"tag-besancon","10":"tag-eu","11":"tag-europe","12":"tag-european-union","13":"tag-fr","14":"tag-france","15":"tag-frederic-pechier","16":"tag-news","17":"tag-republique-francaise","18":"tag-ue","19":"tag-union-europeenne"},"share_on_mastodon":{"url":"https:\/\/pubeurope.com\/@fr\/115295783733032116","error":""},"_links":{"self":[{"href":"https:\/\/www.europesays.com\/fr\/wp-json\/wp\/v2\/posts\/429725","targetHints":{"allow":["GET"]}}],"collection":[{"href":"https:\/\/www.europesays.com\/fr\/wp-json\/wp\/v2\/posts"}],"about":[{"href":"https:\/\/www.europesays.com\/fr\/wp-json\/wp\/v2\/types\/post"}],"author":[{"embeddable":true,"href":"https:\/\/www.europesays.com\/fr\/wp-json\/wp\/v2\/users\/2"}],"replies":[{"embeddable":true,"href":"https:\/\/www.europesays.com\/fr\/wp-json\/wp\/v2\/comments?post=429725"}],"version-history":[{"count":0,"href":"https:\/\/www.europesays.com\/fr\/wp-json\/wp\/v2\/posts\/429725\/revisions"}],"wp:featuredmedia":[{"embeddable":true,"href":"https:\/\/www.europesays.com\/fr\/wp-json\/wp\/v2\/media\/429726"}],"wp:attachment":[{"href":"https:\/\/www.europesays.com\/fr\/wp-json\/wp\/v2\/media?parent=429725"}],"wp:term":[{"taxonomy":"category","embeddable":true,"href":"https:\/\/www.europesays.com\/fr\/wp-json\/wp\/v2\/categories?post=429725"},{"taxonomy":"post_tag","embeddable":true,"href":"https:\/\/www.europesays.com\/fr\/wp-json\/wp\/v2\/tags?post=429725"}],"curies":[{"name":"wp","href":"https:\/\/api.w.org\/{rel}","templated":true}]}}