{"id":429727,"date":"2025-09-30T23:13:11","date_gmt":"2025-09-30T23:13:11","guid":{"rendered":"https:\/\/www.europesays.com\/fr\/429727\/"},"modified":"2025-09-30T23:13:11","modified_gmt":"2025-09-30T23:13:11","slug":"paixao-voit-double-vermeeren-etait-partout-decouvrez-les-notes-des-olympiens","status":"publish","type":"post","link":"https:\/\/www.europesays.com\/fr\/429727\/","title":{"rendered":"Paixao voit double, Vermeeren \u00e9tait partout, d\u00e9couvrez les notes des Olympiens"},"content":{"rendered":"<p>Rulli 6\/10<\/p>\n<p>Un premier acte tr\u00e8s tranquille pour \u00ab\u00a0Gero\u00a0\u00bb qui n&rsquo;a pas eu la moindre frappe \u00e0 se mettre sous les gants. Apr\u00e8s l&rsquo;entracte, il loupe une relance mais se rattrape parfaitement, en interceptant le lob qui suivait (48). L&rsquo;Argentin r\u00e9alise plus tard une parade monstrueuse pour garder sa cage inviol\u00e9e (71).<\/p>\n<p>Pavard 6\/10<\/p>\n<p>D\u00e9cal\u00e9 dans le couloir droit de la d\u00e9fense, comme \u00e0 Madrid, le champion du monde a \u00e9t\u00e9 moins \u00e0 son aise, malgr\u00e9 quelques incursions aux avant-postes. Malgr\u00e9 quelques frayeurs (25, 51), il a plut\u00f4t bien verrouill\u00e9 l&rsquo;aile quand l&rsquo;Ajax a essay\u00e9 de sauver l&rsquo;honneur, \u00e0 l&rsquo;heure de jeu.<\/p>\n<p>Aguerd 7\/10<\/p>\n<p>Le nouveau boss de la d\u00e9fense olympienne, une semaine apr\u00e8s son match de patron dans le Clasico, a r\u00e9cidiv\u00e9 au Vel&rsquo;. Solide comme un roc dans sa surface et aux abords, il claque surtout une passe parfaite de 40 m\u00e8tres pour \u00ab\u00a0Auba\u00a0\u00bb, \u00e0 l&rsquo;origine de l&rsquo;ouverture du score (6).<\/p>\n<p>Medina non not\u00e9<\/p>\n<p>La seule ombre au tableau. Associ\u00e9 \u00e0 Nayef Aguerd au sein d&rsquo;une charni\u00e8re \u00e0 deux t\u00eates, l&rsquo;Argentin n&rsquo;a pu profiter de la f\u00eate qu&rsquo;une grosse demi-heure. Le temps de museler les rares incursions de Berghuis et de se blesser \u00e0 la cheville. Remplac\u00e9\u00a0par Egan-Riley (36).<\/p>\n<p>Emerson 6\/10<\/p>\n<p>Les soir\u00e9es europ\u00e9ennes se suivent mais ne se ressemblent pas pour l&rsquo;Italo-Br\u00e9silien. Sollicit\u00e9 plus que de raison au Bernabeu, sans jamais flancher, Emerson a cette fois \u00e9t\u00e9 \u00e9pargn\u00e9 par les N\u00e9erlandais. Il se bat comme un beau diable \u00e0 l&rsquo;origine du but de Greenwood (26).\u00a0<\/p>\n<p>Vermeeren 7,5\/10<\/p>\n<p>Sa titularisation en a \u00e9tonn\u00e9 plus d&rsquo;un quand la compo est tomb\u00e9e. Tr\u00e8s vite, tout le monde a compris. Au four et au moulin, le jeune Belge (20 ans) a r\u00e9cup\u00e9r\u00e9 un nombre incalculable de ballons. Il a surtout apport\u00e9 de la verticalit\u00e9 au jeu marseillais, comme sur le but d'\u00a0\u00bbAuba\u00a0\u00bb (52). Remplac\u00e9 par Murillo (83).<\/p>\n<p>O&rsquo;Riley 6\/10<\/p>\n<p>Depuis son arriv\u00e9e, sans faire de bruit, le Danois s&rsquo;est install\u00e9 comme le point d&rsquo;\u00e9quilibre de ce nouvel OM. Pas forc\u00e9ment flamboyant, mais toujours intelligemment plac\u00e9. Impliqu\u00e9 sur le but de Greenwood, dans le combat (26), il peut n\u00e9anmoins \u00eatre plus tranchant avec le ballon. Remplac\u00e9 par Hojbjerg (62).\u00a0<\/p>\n<p>Greenwood 7\/10<\/p>\n<p>Il est plut\u00f4t rare de voir l&rsquo;Anglais (l\u00e9g\u00e8rement) en retrait dans ces soir\u00e9es o\u00f9 l&rsquo;OM enfile les buts comme des perles. Dans l&rsquo;ombre de Paixao et \u00ab\u00a0Auba\u00a0\u00bb, il s&rsquo;est quand m\u00eame mis en \u00e9vidence, en jouant simple mais juste. Il r\u00e9cup\u00e8re quelques ballons et marque, surtout, en toute tranquillit\u00e9 (26).<\/p>\n<p>Nadir 5,5\/10<\/p>\n<p>Le moins en vue des offensifs marseillais. Malgr\u00e9 sa position de meneur, sur le papier, le Marocain a davantage brill\u00e9 via ses replis d\u00e9fensifs et son engagement, qu&rsquo;\u00e0 la passe ou au dribble. Roberto De Zerbi l&rsquo;a d&rsquo;ailleurs rappel\u00e9 sur le banc d\u00e8s l&rsquo;entracte, pour lancer Timothy Weah (46).\u00a0<\/p>\n<p>Paixao 9\/10<\/p>\n<p>Transfigur\u00e9 ! Au revoir l&rsquo;ailier un peu emprunt\u00e9. Bienvenue au Br\u00e9silien, tranchant, clinique et brutal. Il fausse compagnie \u00e0 Regeer pour ouvrir le score (6), avant d&rsquo;envoyer une patate, dont il a le secret, au fond des filets (12). Il offre m\u00eame un but \u00e0 \u00ab\u00a0Auba\u00a0\u00bb (52). Il c\u00e8de sa place \u00e0 Gomes (62).<\/p>\n<p>Aubameyang 8\/10<\/p>\n<p>Le goleador marseillais s&rsquo;est mu\u00e9 en \u00e9chanson de luxe. Au service des siens, \u00ab\u00a0Auba\u00a0\u00bb a lanc\u00e9 Paixao vers le but, d&rsquo;une sublime d\u00e9viation (6), avant de d\u00e9poser un caviar dans la course de Greenwood (26). Le Gabonais n&rsquo;a toutefois pas oubli\u00e9 ses bonnes vieilles habitudes, face au but (52).<\/p>\n<p>Egan-Riley 6\/10<\/p>\n<p>Lanc\u00e9 en urgence dans l&rsquo;ar\u00e8ne pour suppl\u00e9er Medina, bless\u00e9, l&rsquo;Anglais a \u00e9t\u00e9 tr\u00e8s appliqu\u00e9, coupant un centre dangereux.<\/p>\n<p>Weah 6\/10<\/p>\n<p>Entr\u00e9 \u00e0 la pause, l&rsquo;Am\u00e9ricain a eu quelques munitions pour briller face au but. Il se contentera (et c&rsquo;est d\u00e9j\u00e0 pas mal) de sauver le \u00ab\u00a0clean-sheet\u00a0\u00bb de son \u00e9quipe (68).<\/p>\n<p><strong>De Zerbi 8\/10<\/strong><\/p>\n<p><strong>Le match 8\/10<\/strong><\/p>\n<p><strong>L&rsquo;arbitre 4\/10<\/strong><\/p>\n<p><strong>L&rsquo;adversaire 2\/10<\/strong><\/p>\n","protected":false},"excerpt":{"rendered":"Rulli 6\/10 Un premier acte tr\u00e8s tranquille pour \u00ab\u00a0Gero\u00a0\u00bb qui n&rsquo;a pas eu la moindre frappe \u00e0 se&hellip;\n","protected":false},"author":2,"featured_media":429728,"comment_status":"","ping_status":"","sticky":false,"template":"","format":"standard","meta":{"footnotes":""},"categories":[2],"tags":[51912,17,11,3391,8485,1011,27,12,149,55594,42135,25,55804,11525],"class_list":{"0":"post-429727","1":"post","2":"type-post","3":"status-publish","4":"format-standard","5":"has-post-thumbnail","7":"category-actualites","8":"tag-4-0","9":"tag-17","10":"tag-actualites","11":"tag-double","12":"tag-etait","13":"tag-fr","14":"tag-france","15":"tag-news","16":"tag-om","17":"tag-om-ajax","18":"tag-paixao","19":"tag-republique-francaise","20":"tag-vermeeren","21":"tag-voit"},"share_on_mastodon":{"url":"https:\/\/pubeurope.com\/@fr\/115295787645628749","error":""},"_links":{"self":[{"href":"https:\/\/www.europesays.com\/fr\/wp-json\/wp\/v2\/posts\/429727","targetHints":{"allow":["GET"]}}],"collection":[{"href":"https:\/\/www.europesays.com\/fr\/wp-json\/wp\/v2\/posts"}],"about":[{"href":"https:\/\/www.europesays.com\/fr\/wp-json\/wp\/v2\/types\/post"}],"author":[{"embeddable":true,"href":"https:\/\/www.europesays.com\/fr\/wp-json\/wp\/v2\/users\/2"}],"replies":[{"embeddable":true,"href":"https:\/\/www.europesays.com\/fr\/wp-json\/wp\/v2\/comments?post=429727"}],"version-history":[{"count":0,"href":"https:\/\/www.europesays.com\/fr\/wp-json\/wp\/v2\/posts\/429727\/revisions"}],"wp:featuredmedia":[{"embeddable":true,"href":"https:\/\/www.europesays.com\/fr\/wp-json\/wp\/v2\/media\/429728"}],"wp:attachment":[{"href":"https:\/\/www.europesays.com\/fr\/wp-json\/wp\/v2\/media?parent=429727"}],"wp:term":[{"taxonomy":"category","embeddable":true,"href":"https:\/\/www.europesays.com\/fr\/wp-json\/wp\/v2\/categories?post=429727"},{"taxonomy":"post_tag","embeddable":true,"href":"https:\/\/www.europesays.com\/fr\/wp-json\/wp\/v2\/tags?post=429727"}],"curies":[{"name":"wp","href":"https:\/\/api.w.org\/{rel}","templated":true}]}}