{"id":429749,"date":"2025-09-30T23:28:11","date_gmt":"2025-09-30T23:28:11","guid":{"rendered":"https:\/\/www.europesays.com\/fr\/429749\/"},"modified":"2025-09-30T23:28:11","modified_gmt":"2025-09-30T23:28:11","slug":"emission-du-mardi-30-septembre-2025-en-replay-c-a-vous-la-suite-france-tv","status":"publish","type":"post","link":"https:\/\/www.europesays.com\/fr\/429749\/","title":{"rendered":"\u00c9mission du mardi 30 septembre 2025 en replay &#8211; C \u00e0 vous la suite &#8211; France TV"},"content":{"rendered":"<ol>\n<li><a href=\"https:\/\/news.google.com\/rss\/articles\/CBMiqwFBVV95cUxPckFLSXpPNWZaOTROVUdOcDU3VkJuR3ZsMTBXZ015cDV4blc5LWt5Nm0xOU42M04zRVN3TUFNbGZydDI1M1hzNVlwaUE2SEFnZ2NvQkZSNmFTMUlJM2kzMEJ4T0o1RkxranNJNnJOMGhJUklGVG81T1QzMmZVTHBRM2QwR1VEWjktSFdCR3VJd05tYXVwaEdQMlZYUElTVEJfejltV2xLT2UtUXM?oc=5\" target=\"_blank\" rel=\"nofollow noopener\">\u00c9mission du mardi 30 septembre 2025 en replay &#8211; C \u00e0 vous la suite<\/a>&nbsp;&nbsp;France TV<\/li>\n<li><a href=\"https:\/\/news.google.com\/rss\/articles\/CBMinwFBVV95cUxNaWJ4VkxkQ3dNWWo2RjNGUzdyaHJfS1RNX0ctdWxUTV9HekJBdzVBRER2TTRISE55ZTlnaUx0WTBBSlM1b1NTdXNsaTNVM012MUpfZ0RGY0NRaWlVVl9VdmNOTjlHVVNxOHJDVW5WaTlzOFFxc0VTeWtvVU5FUEZOOTFjY3A0UXFtRkgtOFJOLVRHNTFaaFFUZzFzTUFvN2M?oc=5\" target=\"_blank\" rel=\"nofollow noopener\">\u00c9mission du mardi 30 septembre 2025 en replay &#8211; C \u00e0 vous<\/a>&nbsp;&nbsp;France TV<\/li>\n<li><a href=\"https:\/\/news.google.com\/rss\/articles\/CBMibEFVX3lxTFBGVmctTVQ0YkJJQkRuUjhnYjI0UUhKNkhoZjE3VXBHNTBGbFZCanl1MjVoSjlaSHNmRTdHVDRoT1pwVmxfYjc4Sk1lOXk4TmxuU0NqU3VuNzVnZEEtZmI2TG9Eb0FtZVF2NFIyRw?oc=5\" target=\"_blank\" rel=\"nofollow noopener\">C \u00e0 Vous : le talk-show incontournable de France 5<\/a>&nbsp;&nbsp;Sud Ouest<\/li>\n<li><a href=\"https:\/\/news.google.com\/rss\/articles\/CBMioAFBVV95cUxORVpaY29iZkdUeHNyWTQ0aTZkbk9xYjJGM3ZfUmg0UWZHb0VyVldBUU50S0ZJcVR3em5odmpLWTJJQ3lJMFhMSzk5ZnFXYXRod3ZnUHFxQnIzSXd6Y3YwVzNNbDROc2NwRC1Ja1M1TkR3YndPb3JXSlJwbXlLMWoxeHRlWGRFU3NDS3B0eUFaNWxzMHhaMHhnUHJVS0lKMmlS?oc=5\" target=\"_blank\" rel=\"nofollow noopener\">Invit\u00e9s : G\u00e9rald Bronner, Philippe Broussard, \u00c9tienne Girard en replay &#8211; C \u00e0 vous<\/a>&nbsp;&nbsp;France TV<\/li>\n<li><a href=\"https:\/\/news.google.com\/rss\/articles\/CBMirAFBVV95cUxOVTE0c1ZsR2R4dTlTZFhTc3JiV3pHb0ZJOWlOSWZ0V2hucXo2MmFDQ05WVGR5VFlfNm9YZU5SLXBudENGN0dEZ0htTXBsU2ZkR0VYTHIzdmRTS3g5TVRQZVcyNVN4a2J2NVdMOGU0aDJqdkVmNm9JVndGUlhtQnZWRTdpZXhsb3NEeVA4V1VoQTBpNHRpZWVfeHRRZF90WVZjc042SzBOVFFPci1v?oc=5\" target=\"_blank\" rel=\"nofollow noopener\">Invit\u00e9s : Emmanuelle Bach, Nicolas Canteloup, Philippe Caverivi\u00e8re, Bertrand Chameroy en replay &#8211; C \u00e0 vous la suite<\/a>&nbsp;&nbsp;France TV<\/li>\n<\/ol>\n","protected":false},"excerpt":{"rendered":"\u00c9mission du mardi 30 septembre 2025 en replay &#8211; C \u00e0 vous la suite&nbsp;&nbsp;France TV \u00c9mission du mardi&hellip;\n","protected":false},"author":2,"featured_media":429750,"comment_status":"","ping_status":"","sticky":false,"template":"","format":"standard","meta":{"footnotes":""},"categories":[1356],"tags":[58,59,1011,27,252,1364],"class_list":{"0":"post-429749","1":"post","2":"type-post","3":"status-publish","4":"format-standard","5":"has-post-thumbnail","7":"category-television","8":"tag-divertissement","9":"tag-entertainment","10":"tag-fr","11":"tag-france","12":"tag-television","13":"tag-tv"},"share_on_mastodon":{"url":"https:\/\/pubeurope.com\/@fr\/115295846742409900","error":""},"_links":{"self":[{"href":"https:\/\/www.europesays.com\/fr\/wp-json\/wp\/v2\/posts\/429749","targetHints":{"allow":["GET"]}}],"collection":[{"href":"https:\/\/www.europesays.com\/fr\/wp-json\/wp\/v2\/posts"}],"about":[{"href":"https:\/\/www.europesays.com\/fr\/wp-json\/wp\/v2\/types\/post"}],"author":[{"embeddable":true,"href":"https:\/\/www.europesays.com\/fr\/wp-json\/wp\/v2\/users\/2"}],"replies":[{"embeddable":true,"href":"https:\/\/www.europesays.com\/fr\/wp-json\/wp\/v2\/comments?post=429749"}],"version-history":[{"count":0,"href":"https:\/\/www.europesays.com\/fr\/wp-json\/wp\/v2\/posts\/429749\/revisions"}],"wp:featuredmedia":[{"embeddable":true,"href":"https:\/\/www.europesays.com\/fr\/wp-json\/wp\/v2\/media\/429750"}],"wp:attachment":[{"href":"https:\/\/www.europesays.com\/fr\/wp-json\/wp\/v2\/media?parent=429749"}],"wp:term":[{"taxonomy":"category","embeddable":true,"href":"https:\/\/www.europesays.com\/fr\/wp-json\/wp\/v2\/categories?post=429749"},{"taxonomy":"post_tag","embeddable":true,"href":"https:\/\/www.europesays.com\/fr\/wp-json\/wp\/v2\/tags?post=429749"}],"curies":[{"name":"wp","href":"https:\/\/api.w.org\/{rel}","templated":true}]}}