{"id":429783,"date":"2025-09-30T23:46:19","date_gmt":"2025-09-30T23:46:19","guid":{"rendered":"https:\/\/www.europesays.com\/fr\/429783\/"},"modified":"2025-09-30T23:46:19","modified_gmt":"2025-09-30T23:46:19","slug":"previsions-du-mercredi-1er-octobre-2025","status":"publish","type":"post","link":"https:\/\/www.europesays.com\/fr\/429783\/","title":{"rendered":"pr\u00e9visions du mercredi 1er octobre 2025"},"content":{"rendered":"<p class=\"mb-4 text-lg md:leading-8 break-words\"><strong>M\u00e9t\u00e9o &#8211; Aujourd&rsquo;hui, un grand soleil brillera. Les temp\u00e9ratures seront de 18\u00b0C la matin\u00e9e et de 23\u00b0C l&rsquo;apr\u00e8s-midi&#8230;<\/strong><\/p>\n<p class=\"mb-4 text-lg md:leading-8 break-words\">C&rsquo;est un soleil \u00e9clatant qui va se montrer aujourd&rsquo;hui sur Montpellier. Il fera 19\u00b0C en moyenne. Le matin, une modeste brise de nord-ouest sera ressentie par les habitants. L&rsquo;apr\u00e8s-midi, c&rsquo;est une hausse de plusieurs degr\u00e9s que vont conna\u00eetre les temp\u00e9ratures. Ces valeurs afficheront entre 20 et 24\u00b0C. Le ciel va peu \u00e0 peu s&rsquo;obscurcir durant la soir\u00e9e avec l&rsquo;apparition de nuages. Les temp\u00e9ratures avoisineront les 18\u00b0C. Le ciel sera clair dans la nuit de mercredi \u00e0 jeudi.<\/p>\n<p class=\"mb-4 text-lg md:leading-8 break-words\">Un beau soleil est attendu demain \u00e0 Montpellier. Une baisse des temp\u00e9ratures est attendue. Les valeurs s&rsquo;\u00e9chelonneront entre 13 et 21\u00b0C. Un vent de nord-est soufflera un peu, avec 11 km\/h dans la matin\u00e9e. Les temp\u00e9ratures seront comprises entre 18\u00b0C et 21\u00b0C dans l&rsquo;apr\u00e8s-midi. Des \u00e9claircies sont pr\u00e9vues : on passera une soir\u00e9e agr\u00e9able. Un vent de sud soufflera doucement.<\/p>\n<p class=\"mb-4 text-lg md:leading-8 break-words\">Le temps restera inchang\u00e9 les prochains jours. Il va faire un temps plut\u00f4t ensoleill\u00e9 avec des temp\u00e9ratures avoisinant 19\u00b0C.<\/p>\n<p class=\"mb-4 text-lg md:leading-8 break-words\"><a href=\"https:\/\/www.20minutes.fr\/planete\/previsions-meteo\/4176311-20251001-meteo-montpellier-previsions-mercredi-1er-octobre-2025?at_medium=RSS%20feed&amp;at_campaign=ynews&amp;utm_source=yahoo&amp;utm_medium=rss&amp;utm_campaign=news_feed&amp;utm_content=read_more_link&quot;\" rel=\"nofollow noopener\" target=\"_blank\" data-ylk=\"slk:Lire la suite sur 20minutes;elm:context_link;itc:0;sec:content-canvas\" class=\"link \">Lire la suite sur 20minutes<\/a><\/p>\n","protected":false},"excerpt":{"rendered":"M\u00e9t\u00e9o &#8211; Aujourd&rsquo;hui, un grand soleil brillera. Les temp\u00e9ratures seront de 18\u00b0C la matin\u00e9e et de 23\u00b0C l&rsquo;apr\u00e8s-midi&#8230;&hellip;\n","protected":false},"author":2,"featured_media":429784,"comment_status":"","ping_status":"","sticky":false,"template":"","format":"standard","meta":{"footnotes":""},"categories":[9599],"tags":[1111,11,1777,674,1011,27,51394,2487,2208,12,2680,25],"class_list":{"0":"post-429783","1":"post","2":"type-post","3":"status-publish","4":"format-standard","5":"has-post-thumbnail","7":"category-montpellier","8":"tag-actu","9":"tag-actualites","10":"tag-eu","11":"tag-europe","12":"tag-fr","13":"tag-france","14":"tag-la-matinee","15":"tag-meteo","16":"tag-montpellier","17":"tag-news","18":"tag-occitanie","19":"tag-republique-francaise"},"share_on_mastodon":{"url":"https:\/\/pubeurope.com\/@fr\/115295917360407990","error":""},"_links":{"self":[{"href":"https:\/\/www.europesays.com\/fr\/wp-json\/wp\/v2\/posts\/429783","targetHints":{"allow":["GET"]}}],"collection":[{"href":"https:\/\/www.europesays.com\/fr\/wp-json\/wp\/v2\/posts"}],"about":[{"href":"https:\/\/www.europesays.com\/fr\/wp-json\/wp\/v2\/types\/post"}],"author":[{"embeddable":true,"href":"https:\/\/www.europesays.com\/fr\/wp-json\/wp\/v2\/users\/2"}],"replies":[{"embeddable":true,"href":"https:\/\/www.europesays.com\/fr\/wp-json\/wp\/v2\/comments?post=429783"}],"version-history":[{"count":0,"href":"https:\/\/www.europesays.com\/fr\/wp-json\/wp\/v2\/posts\/429783\/revisions"}],"wp:featuredmedia":[{"embeddable":true,"href":"https:\/\/www.europesays.com\/fr\/wp-json\/wp\/v2\/media\/429784"}],"wp:attachment":[{"href":"https:\/\/www.europesays.com\/fr\/wp-json\/wp\/v2\/media?parent=429783"}],"wp:term":[{"taxonomy":"category","embeddable":true,"href":"https:\/\/www.europesays.com\/fr\/wp-json\/wp\/v2\/categories?post=429783"},{"taxonomy":"post_tag","embeddable":true,"href":"https:\/\/www.europesays.com\/fr\/wp-json\/wp\/v2\/tags?post=429783"}],"curies":[{"name":"wp","href":"https:\/\/api.w.org\/{rel}","templated":true}]}}