{"id":429789,"date":"2025-09-30T23:50:13","date_gmt":"2025-09-30T23:50:13","guid":{"rendered":"https:\/\/www.europesays.com\/fr\/429789\/"},"modified":"2025-09-30T23:50:13","modified_gmt":"2025-09-30T23:50:13","slug":"greve-a-grenoble-joker-a-castres-meilleur-joueur-du-top-14-les-infos-quil-ne-fallait-pas-louper-mardi","status":"publish","type":"post","link":"https:\/\/www.europesays.com\/fr\/429789\/","title":{"rendered":"Gr\u00e8ve \u00e0 Grenoble, joker \u00e0 Castres, meilleur joueur du Top 14&#8230; Les infos qu&rsquo;il ne fallait pas louper mardi"},"content":{"rendered":"<p>            Par<br \/>\n        <strong><br \/>\n            <a href=\"https:\/\/actu.fr\/auteur\/clement-mazella\" title=\"Consulter tous les articles de Cl\u00e9ment Mazella\" target=\"_blank\" rel=\"noopener\">Cl\u00e9ment Mazella<\/a><br \/>\n        <\/strong><\/p>\n<p>        Publi\u00e9 le<\/p>\n<p>            30 sept. 2025 \u00e0 17h40        <\/p>\n<p>Il se passe toujours quelque chose, quelque part, sur la plan\u00e8te rugby, qui n\u2019oublie jamais de tourner.\u00a0<a href=\"https:\/\/actu.fr\/rugby\/\" target=\"_blank\" rel=\"noopener\">Actu Rugby<\/a> vous \u00e9vite de passer des heures \u00e0 scroller pour \u00eatre au parfum de toutes <strong>les infos \u00e0 retenir de ce mardi 30 septembre<\/strong>. C\u2019est parti\u2009!<\/p>\n<p>Grenoble : Nadau mis \u00e0 pied, les joueurs menaces de faire gr\u00e8ve<\/p>\n<p class=\" wall-content\">Alors que tout va plut\u00f4t bien au niveau des r\u00e9sultats sportifs, <a href=\"https:\/\/actu.fr\/tag\/fc-grenoble-rugby\" target=\"_blank\" rel=\"noopener\">Grenoble<\/a> pique sa crise. En raison de propos tenus (et capt\u00e9s par Canal +) envers le m\u00e9decin du club lors de la d\u00e9faite \u00e0 Brive, l\u2019entra\u00eeneur <strong>Nicolas Nadau a \u00e9t\u00e9 mis \u00e0 pied \u00e0 titre conservatoire<\/strong>. Il sera entendu vendredi par les dirigeants du club is\u00e9rois et en saura donc plus sur son avenir.<\/p>\n<p class=\" wall-content\">Les joueurs, eux, ont soutenu Nadau. En effet, face \u00e0 une telle d\u00e9cision qu\u2019ils ne partagent pas, ils ont refus\u00e9 de s\u2019entra\u00eener ce mardi. Et <strong>ont menac\u00e9 en plus de faire gr\u00e8ve<\/strong> pour la r\u00e9ception vendredi soir au Stade des Alpes de Provence Rugby. Dr\u00f4le d\u2019ambiance\u2026\u00a0<\/p>\n<p>Castres : un joker m\u00e9dical en renfort<\/p>\n<p class=\" wall-content\">Voil\u00e0 un renfort qui va faire du bien au <a href=\"https:\/\/actu.fr\/tag\/castres-olympique\" target=\"_blank\" rel=\"noopener\">Castres Olympique<\/a>. En effet, le CO, victime d\u2019une h\u00e9catombe au poste de n\u00b010, vient de <strong>se faire pr\u00eater le Toulonnais Enzo Herv\u00e9<\/strong>. Pas dans les plans du staff, il n\u2019a pas jou\u00e9 la moindre seconde au RCT cette saison.<\/p>\n<p class=\" wall-content\">Castres n\u2019est pas verni en ce d\u00e9but d\u2019exercice chez les n\u00b010. Louis Le Brun, op\u00e9r\u00e9 ce mardi d\u2019une rupture des ligaments crois\u00e9s d\u2019un genou, sera absent au moins 6 mois. Le week-end dernier, face \u00e0 Toulouse, Pierre Popelin a \u00e9t\u00e9 touch\u00e9 aux ischios.\u00a0<\/p>\n<p class=\" wall-content\">\n<p>Nuit du Rugby : les nomm\u00e9s pour le titre de meilleur joueur de Top 14 d\u00e9voil\u00e9<\/p>\n<p class=\" wall-content\">La LNR a rendu officielle <strong>la liste des nomm\u00e9s<\/strong> dans les 13 cat\u00e9gories choisies pour <strong>la Nuit du Rugby<\/strong> qui se tiendra \u00e0 l\u2019Olympia le lundi 6 octobre.\u00a0<\/p>\n<p class=\" wall-content\">Pour le troph\u00e9e de meilleur joueur de l\u2019ann\u00e9e, on retrouve sans surprise les Toulousains <a href=\"https:\/\/actu.fr\/tag\/thomas-ramos\" target=\"_blank\" rel=\"noopener\"><strong>Thomas Ramos<\/strong><\/a> et <strong>Jack Willis<\/strong>, ainsi que le joueur de Bayonne <strong>Sireli Maqala<\/strong>.<\/p>\n<p>Votre r\u00e9gion, votre actu !<\/p>\n<p>Recevez chaque jour les infos qui comptent pour vous.<\/p>\n<p>\t<a href=\"https:\/\/actu.fr\/newsletter\" class=\"ac-btn ac-btn--corner ac-btn--medium ac-btn--blue800\" target=\"_blank\" rel=\"noopener\">S&rsquo;incrire<\/a><\/p>\n<p class=\" wall-content\">Concernant le prix du meilleur international de l\u2019ann\u00e9e, la fus\u00e9e de Bordeaux <strong>Louis Bielle-Biarrey<\/strong> sera \u00e0 la lutte avec son co\u00e9quipier <strong><a href=\"https:\/\/actu.fr\/tag\/maxime-lucu\" target=\"_blank\" rel=\"noopener\">Maxime Lucu<\/a><\/strong> ainsi que le Toulousain <strong>Thomas Ramos<\/strong>.<\/p>\n<p>Clermont : des retours pour affronter Montauban<\/p>\n<p class=\" wall-content\">Seulement 12e au classement, apr\u00e8s sa d\u00e9faite au Racing 92, <a href=\"https:\/\/actu.fr\/tag\/asm-clermont-auvergne\" target=\"_blank\" rel=\"noopener\">Clermont<\/a> voit d\u2019un bon \u0153il le retour de quelques joueurs \u00e0 l\u2019entra\u00eenement avant la r\u00e9ception d\u00e9j\u00e0 capitale de Montauban samedi, lors de la 5e journ\u00e9e de Top 14.<\/p>\n<p class=\" wall-content\">Comme l\u2019indique <a href=\"https:\/\/www.rugbyrama.fr\/2025\/09\/30\/top-14-clermont-enregistre-le-retour-de-deux-cadres-michael-alaalatoa-est-egalement-disponible-pour-defier-montauban-12962364.php\" target=\"_blank\" rel=\"noopener\">Midi Olympique<\/a>, le centre <strong>Irae Simone<\/strong> et le pilier <strong>Michael Alaalatoa<\/strong> vont postuler, tout comme le deuxi\u00e8me ligne <strong>Rob Simmons<\/strong>, qui a purg\u00e9 sa suspension. Absents le week-end dernier, les piliers Giorgi Akhaladze et Sacha Lotrian sont aptes. En revanche, Lanen et Ratuva sont bless\u00e9s, alors que Fouyssac doit passer des examens.<\/p>\n<p>Le B\u00e9nin 134e pays associ\u00e9 \u00e0 World Rugby<\/p>\n<p class=\" wall-content\">Le Conseil de World Rugby a approuv\u00e9 la candidature du B\u00e9nin au statut de membre associ\u00e9 lors de sa r\u00e9union \u00e0 Londres du 23 septembre dernier. Cela signifie que le <strong>B\u00e9nin<\/strong> voit sa f\u00e9d\u00e9ration \u00eatre reconnue officiellement et devient le <strong>134e pays associ\u00e9 \u00e0 World Rugby<\/strong>.<\/p>\n<p class=\" wall-content\">Personnalisez votre actualit\u00e9 en ajoutant vos villes et m\u00e9dias en favori avec <a href=\"https:\/\/moncompte.actu.fr\" title=\"D\u00e9couvez Mon Actu\" rel=\"nofollow noopener\" data-trk=\"{&quot;cta&quot;:{&quot;action&quot;:&quot;https:\\\/\\\/moncompte.actu.fr&quot;,&quot;category&quot;:&quot;mon compte&quot;,&quot;from&quot;:&quot;article footer&quot;,&quot;name&quot;:&quot;Mon actu&quot;,&quot;type&quot;:&quot;cta&quot;}}\" target=\"_blank\">Mon Actu<\/a>.<\/p>\n","protected":false},"excerpt":{"rendered":"Par Cl\u00e9ment Mazella Publi\u00e9 le 30 sept. 2025 \u00e0 17h40 Il se passe toujours quelque chose, quelque part,&hellip;\n","protected":false},"author":2,"featured_media":429790,"comment_status":"","ping_status":"","sticky":false,"template":"","format":"standard","meta":{"footnotes":""},"categories":[9566],"tags":[1111,11,2430,7336,1777,674,26025,1011,27,2731,12,3788,25,479,60,477],"class_list":{"0":"post-429789","1":"post","2":"type-post","3":"status-publish","4":"format-standard","5":"has-post-thumbnail","7":"category-grenoble","8":"tag-actu","9":"tag-actualites","10":"tag-auvergne-rhone-alpes","11":"tag-castres-olympique","12":"tag-eu","13":"tag-europe","14":"tag-fc-grenoble-rugby","15":"tag-fr","16":"tag-france","17":"tag-grenoble","18":"tag-news","19":"tag-pro","20":"tag-republique-francaise","21":"tag-rugby","22":"tag-sports","23":"tag-transferts-rugby"},"share_on_mastodon":{"url":"https:\/\/pubeurope.com\/@fr\/115295933214139978","error":""},"_links":{"self":[{"href":"https:\/\/www.europesays.com\/fr\/wp-json\/wp\/v2\/posts\/429789","targetHints":{"allow":["GET"]}}],"collection":[{"href":"https:\/\/www.europesays.com\/fr\/wp-json\/wp\/v2\/posts"}],"about":[{"href":"https:\/\/www.europesays.com\/fr\/wp-json\/wp\/v2\/types\/post"}],"author":[{"embeddable":true,"href":"https:\/\/www.europesays.com\/fr\/wp-json\/wp\/v2\/users\/2"}],"replies":[{"embeddable":true,"href":"https:\/\/www.europesays.com\/fr\/wp-json\/wp\/v2\/comments?post=429789"}],"version-history":[{"count":0,"href":"https:\/\/www.europesays.com\/fr\/wp-json\/wp\/v2\/posts\/429789\/revisions"}],"wp:featuredmedia":[{"embeddable":true,"href":"https:\/\/www.europesays.com\/fr\/wp-json\/wp\/v2\/media\/429790"}],"wp:attachment":[{"href":"https:\/\/www.europesays.com\/fr\/wp-json\/wp\/v2\/media?parent=429789"}],"wp:term":[{"taxonomy":"category","embeddable":true,"href":"https:\/\/www.europesays.com\/fr\/wp-json\/wp\/v2\/categories?post=429789"},{"taxonomy":"post_tag","embeddable":true,"href":"https:\/\/www.europesays.com\/fr\/wp-json\/wp\/v2\/tags?post=429789"}],"curies":[{"name":"wp","href":"https:\/\/api.w.org\/{rel}","templated":true}]}}