{"id":429794,"date":"2025-09-30T23:53:31","date_gmt":"2025-09-30T23:53:31","guid":{"rendered":"https:\/\/www.europesays.com\/fr\/429794\/"},"modified":"2025-09-30T23:53:31","modified_gmt":"2025-09-30T23:53:31","slug":"a-strasbourg-10-sorties-stylees-pour-celebrer-octobre","status":"publish","type":"post","link":"https:\/\/www.europesays.com\/fr\/429794\/","title":{"rendered":"\u00e0 Strasbourg, 10 sorties styl\u00e9es pour c\u00e9l\u00e9brer octobre"},"content":{"rendered":"<p><b>Les jours raccourcissent, et sur les trottoirs comme dans les classes, les feuilles s\u2019entassent\u2026 Pas de doute : c\u2019est l\u2019automne. Pour rendre la saison moins monotone, on t\u2019a d\u00e9got\u00e9 quelques sorties aussi gourmandes qu\u2019originales \u00e0 faire sur Strasbourg et autour. On te parlait d\u00e9j\u00e0 du <a href=\"https:\/\/pokaa.fr\/2025\/09\/26\/raclette-fondue-et-poutine-a-strasbourg-le-fromage-fest-revient-dans-7-jours\/\" target=\"_blank\" rel=\"noopener\">Fromage Fest<\/a> : on esp\u00e8re que t\u2019as la dalle car on a aussi une F\u00eate \u00e0 la saucisse, une Hot Sauce Party, des spectacles et concerts (dont plusieurs gratuits), et m\u00eame un kraken et des toutous. Et t\u2019\u00e9loigne pas trop : l\u2019Oktoberfest et Halloween arrivent bient\u00f4t.<\/b><\/p>\n<p>La musique et les spectacles<\/p>\n<p>Magic Vision\u00a0: \u00ab\u00a0Kraken Attack \u2013 the Last Battle\u00a0\u00bb \u00e0 la P\u00e9niche M\u00e9canique<\/p>\n<p>Pour attaquer octobre, on commence avec une \u00ab\u00a0derni\u00e8re bataille\u00a0\u00bb. Ce samedi, dans la cale de la <b>P\u00e9niche M\u00e9canique<\/b>, les tentacules du kraken surgiront des abysses pour un combat final. Le <b>4 octobre<\/b>, pr\u00e9pare-toi au \u00ab\u00a0troisi\u00e8me et dernier chapitre d\u2019une trilogie devenue l\u00e9gendaire\u00a0\u00bb\u00a0: celle des soir\u00e9es de <b>Magic Vision<\/b> sur le bateau strasbourgeois.<\/p>\n<p>Pour agiter les marins d\u2019eau douce sur des vagues groove, trance et hardgroove, le collectif enverra \u00e0 la barre <b>Lavion (Ritmo Fatale, Paris)<\/b> et <b>Adou600<\/b>. Ainsi que l\u2019un de ses propres matelots\u00a0: <b>Peut Etre<\/b>. \u00c0 l\u2019abordage\u00a0!<\/p>\n<p align=\"CENTER\"><b>Quand et o\u00f9\u00a0?<br \/><\/b>Samedi 4 octobre de 22h30 \u00e0 3h30<br \/>\u00c0 la P\u00e9niche M\u00e9canique<br \/><a href=\"https:\/\/fb.me\/e\/8eBzXGgrN\" target=\"_blank\" rel=\"noopener\">L\u2019\u00e9v\u00e9nement Facebook<\/a><\/p>\n<p>                <img width=\"376\" height=\"500\" src=\"https:\/\/www.europesays.com\/fr\/wp-content\/uploads\/2025\/09\/pxl-20240907-0109142251-376x500.jpg\" class=\"attachment-gallery size-gallery\" alt=\"PXL_20240907_010914225(1)\" data-full-url=\"https:\/\/pokaa.fr\/wp-content\/uploads\/2025\/01\/31\/pxl-20240907-0109142251.jpg\" decoding=\"async\" loading=\"lazy\"  \/>            <\/p>\n<p>                <img width=\"749\" height=\"500\" src=\"https:\/\/www.europesays.com\/fr\/wp-content\/uploads\/2025\/09\/msblu-aepycen-photographe-e1707954539952-749x500.jpg\" class=\"attachment-gallery size-gallery\" alt=\"Magic Vision\" data-full-url=\"https:\/\/pokaa.fr\/wp-content\/uploads\/2024\/02\/14\/msblu-aepycen-photographe-1500x1002.jpg\" decoding=\"async\" loading=\"lazy\"  \/>            <\/p>\n<p>                    Magic Vision \u00e0 la P\u00e9niche : 1. \u00a9 Fanny Soriano \/ Pokaa ; 2. \u00a9 MsBlu &#8211; \u00c6pycen Photographe \/ Document remis<\/p>\n<p>Y a du monde au balcon \u2013 10e \u00e9dition, au Neudorf<\/p>\n<p>Le lendemain, apr\u00e8s les eaux agit\u00e9es par le kraken, direction <b>le Neudorf<\/b>\u00a0pour voguer jusqu\u2019\u00e0 <b>la rue du Ruisseau-Bleu<\/b>\u2026 S\u2019y tiendra <b>la 10e \u00e9dition, d\u00e9j\u00e0, de \u00ab\u00a0Y a du monde au balcon\u00a0\u00bb<\/b>. Un dimanche artistique dans la rue la plus festive du quartier, \u00ab\u00a0o\u00f9 rien ne se vend, rien ne s\u2019ach\u00e8te, tout se partage\u00a0\u00bb.<\/p>\n<p>Toute l\u2019apr\u00e8s-midi s\u2019encha\u00eeneront au balcon\u00a0: \u00ab\u00a0du <b>th\u00e9\u00e2tre<\/b> qui fait r\u00e9fl\u00e9chir\u00a0\u00bb avec la compagnie Reviens pour Discuter, du \u00ab\u00a0piano Rag\u2019n Boogie qui groove\u00a0\u00bb avec S\u00e9bastien Troendl\u00e9 et de \u00ab\u00a0la danse participative qui bouge son popotin\u00a0\u00bb avec <b>Boum Baby Gang.<\/b>\u00a0<b>N\u00f6x\u00efm\u00e4 Marley<\/b> sera ma\u00eetresse de c\u00e9r\u00e9monie !<\/p>\n<p>Et bien d\u2019autres artistes et groupes locaux bien connus tels que <b>Goldencut<\/b>, <b>Yojimbo<\/b>, <b>La Jawqa<\/b>, <b>The Flouk\u2019s<\/b> ou m\u00eame Basile et Nils pour un \u00ab\u00a0petit duo techno qui d\u00e9pote\u00a0\u00bb.<\/p>\n<p align=\"CENTER\"><b>Quand et o\u00f9\u00a0?<br \/><\/b>Dimanche 5 octobre de 14h30 \u00e0 20h30<br \/>Rue du Ruisseau-Bleu au Neudorf<br \/><a href=\"https:\/\/fb.me\/e\/34vPcqlxq\" target=\"_blank\" rel=\"noopener\">L\u2019\u00e9v\u00e9nement Facebook<\/a><\/p>\n<\/p>\n<p>    <img width=\"800\" height=\"533\" src=\"https:\/\/www.europesays.com\/fr\/wp-content\/uploads\/2025\/09\/y-a-du-monde-au-balcon1-800x533.jpg\" class=\"attachment-image-size-L size-image-size-L\" alt=\"Y a du monde au balcon\" decoding=\"async\" loading=\"lazy\"  \/>         \u00a9 Y a du monde au balcon \/ Document remis <\/p>\n<p>Festival O.Q.P. \u2013 10e \u00e9dition, \u00e0 Strasbourg<\/p>\n<p>En voil\u00e0 une autre de <b>10e \u00e9dition<\/b>\u00a0: celle du <b>festival O.Q.P. (Op\u00e9ration Quartiers Populaires)<\/b>\u00a0qui se d\u00e9roule <b>jusqu\u2019au 5 octobre<\/b>.<\/p>\n<p>Le festival s\u2019inscrit cette ann\u00e9e \u00ab\u00a0dans le contexte des 80 ans de la Lib\u00e9ration de la Seconde Guerre mondiale\u00a0\u00bb, et propose \u00e0 cette occasion <b>un cycle m\u00e9moriel autour du spectacle <\/b><b>\u00c0 nos morts\u2026, \u00ab l\u2019hommage du hip-hop aux tirailleurs \u00bb<\/b> et qui f\u00eate lui, ses 20 ans, apr\u00e8s avoir voyag\u00e9 en Europe et en Afrique.<\/p>\n<p>Apr\u00e8s avoir reprogramm\u00e9 le spectacle, le festival qui, lui aussi, \u00ab\u00a0fait \u00e9merger les r\u00e9cits de celles et ceux que l\u2019histoire officielle oublie souvent\u00a0\u00bb, propose de <b>nombreux rendez-vous gratuits <\/b>(r\u00e9servation conseill\u00e9e). Workshop, table ronde, <b>spectacles de danse ou d\u2019humour<\/b>, projection de <b>courts-m\u00e9trages<\/b>\u2026 Checke la prog\u2019, et rends-toi dispo pour finir \u00ab\u00a0O.Q.P.\u00a0\u00bb\u00a0!<\/p>\n<p align=\"CENTER\"><b>Quand et o\u00f9\u00a0?<br \/><\/b>Jusqu\u2019au 5 octobre<br \/>Dans divers lieux \u00e0 Strasbourg et l\u2019Eurom\u00e9tropole<br \/><a href=\"https:\/\/fb.me\/e\/3tRkIYRkj\" target=\"_blank\" rel=\"noopener\">L\u2019\u00e9v\u00e9nement Facebook<\/a><\/p>\n<p>    <img width=\"800\" height=\"533\" src=\"https:\/\/www.europesays.com\/fr\/wp-content\/uploads\/2025\/09\/a-nos-morts-jeanlouishess1-800x533.jpg\" class=\"attachment-image-size-L size-image-size-L\" alt=\"\u00c0 nos morts + cie m\u00e9moires vives\" decoding=\"async\" loading=\"lazy\"  \/>         \u00ab \u00c0 nos morts&#8230; \u00bb de la Cie M\u00e9moires Vives. \u00a9 Jean-Louis Hess \/ Document remis <\/p>\n<p>Le Labo by Cabaret Madame \u00e0 Hey Mama Gare<\/p>\n<p>Le<b> Cabaret Madame<\/b> fait sa rentr\u00e9e avec un format qui interroge : <b>\u00ab\u00a0Le Labo\u00a0\u00bb<\/b>. <b>\u00ab\u00a0Un espace public de cr\u00e9ation\u00a0\u00bb<\/b> qui nous questionnera sur la performance, et <b>l\u2019art du cabaret <\/b>car chez Madame, celui-ci \u00ab\u00a0s\u2019exp\u00e9rimente plus qu\u2019il ne se regarde\u00a0\u00bb, nous dit-on.<\/p>\n<p>Un <b>rendez-vous bimensuel et th\u00e9matique<\/b> r\u00e9unissant <b>plusieurs artistes<\/b>, et inaugur\u00e9 le mois dernier. Pour ce mois-ci, il reviendra <b>les mercredis 8 et 22 octobre \u00e0 Hey Mama Gare<\/b>, avec respectivement \u00ab Witches \u00bb et \u00ab Creatures of the night \u00bb pour les th\u00e8mes.<\/p>\n<p align=\"CENTER\"><b>Quand et o\u00f9\u00a0?<br \/><\/b>Les mercredis 8 et 22 octobre de 19h30 \u00e0 21h30<br \/>\u00c0 Hey Mama Gare<br \/><a href=\"https:\/\/fb.me\/e\/6RTYQXH5X\" target=\"_blank\" rel=\"noopener\">L\u2019\u00e9v\u00e9nement Facebook<\/a><\/p>\n<p>                <img width=\"333\" height=\"500\" src=\"https:\/\/www.europesays.com\/fr\/wp-content\/uploads\/2025\/09\/alice-massey-min-333x500.jpg\" class=\"attachment-gallery size-gallery\" alt=\"Le Cabaret Madame\" data-full-url=\"https:\/\/pokaa.fr\/wp-content\/uploads\/2024\/12\/09\/alice-massey-min-1500x2250.jpg\" decoding=\"async\" loading=\"lazy\"  \/>            <\/p>\n<p>                <img width=\"375\" height=\"500\" src=\"https:\/\/www.europesays.com\/fr\/wp-content\/uploads\/2025\/09\/spok-min-375x500.jpeg\" class=\"attachment-gallery size-gallery\" alt=\"Le Cabaret Madame\" data-full-url=\"https:\/\/pokaa.fr\/wp-content\/uploads\/2024\/12\/09\/spok-min-1500x2000.jpeg\" decoding=\"async\" loading=\"lazy\"  \/>            <\/p>\n<p>                    \u00a9 Le Cabaret Madame \/ Documents remis<\/p>\n<p>La food<br \/>\n\u00ab\u00a0La F\u00eate \u00e0 la saucisse\u00a0\u00bb \u00e0 La Grenze<\/p>\n<p>\u00c0 Strasbourg, la knack, \u00e7a nous conna\u00eet\u00a0! Et <b>\u00e0 la Grenze<\/b>, on y d\u00e9die m\u00eame une soir\u00e9e\u00a0: <b>\u00ab\u00a0La F\u00eate \u00e0 la saucisse\u00a0\u00bb<\/b>. Le <b>samedi 4 octobre<\/b>, la terrasse la plus culturelle de la ville rebalance la sauce pour une seconde \u00e9dition.<\/p>\n<p>Au menu de cette ann\u00e9e\u00a0? Une d\u00e9clinaison de <b>knacks et de saucisses (option v\u00e9g\u00e9\u2019 et carn\u00e9es)<\/b>, \u00e9videmment. Et comme dans \u00ab La F\u00eate \u00e0 la saucisse \u00bb, y a aussi \u00ab la f\u00eate \u00bb, la Grenze r\u00e9gale avec de nombreuses animations pour faire les andouilles :<b> atelier de dessin de saucisses, une kermesse-saucisse<\/b>\u2026<\/p>\n<p>Ainsi que<b> La Fanfare de Meufs <\/b>\u00ab\u00a0qui joue[ra] de la musique qui tabasse\u00a0\u00bb en terrasse, <b>le Boum Baby Gang<\/b> pour agiter les gambettes, et un <b>Karaok\u00e9 Saucisse<\/b> (\u00ab un karaok\u00e9 tout ce qu\u2019il y a de plus karaok\u00e9, \u00e0 part que quelques saucisses se sont gliss\u00e9es dans les paroles \u00bb \u00e0 base de \u00ab\u00a0Bohemian Rhapsaucisse\u00a0\u00bb ou \u00ab\u00a0Quand la saucisse est bonne\u00a0\u00bb).<\/p>\n<p align=\"CENTER\"><b>Quand et o\u00f9\u00a0?<br \/><\/b>Samedi 4 octobre de 18h \u00e0 minuit<br \/>\u00c0 La Grenze<br \/><a href=\"https:\/\/fb.me\/e\/62gGrflxo\" target=\"_blank\" rel=\"noopener\">L\u2019\u00e9v\u00e9nement Facebook<\/a><\/p>\n<p>    <img width=\"800\" height=\"600\" src=\"https:\/\/www.europesays.com\/fr\/wp-content\/uploads\/2025\/07\/la-grenze14-francoisfreundlich-800x600.jpg\" class=\"attachment-image-size-L size-image-size-L\" alt=\"La Grenze\" decoding=\"async\" loading=\"lazy\"  \/>         La Grenze. \u00a9 Fran\u00e7ois Freundlich \/ Document remis <\/p>\n<p>Hot Sauce Party \u00e0 la Brasserie Kooma<\/p>\n<p>Apr\u00e8s les saucisses\u2026 Une<b> \u00ab\u00a0Hot Sauce Party\u00a0\u00bb<\/b>\u00a0! Le <b>jeudi 9 octobre<\/b>, <b>Al\u00e9lor<\/b> s\u2019installera \u00e0 la Brasserie Kooma. Un \u00e9v\u00e9nement original et spicy, pour c\u00e9l\u00e9brer le lancement de leurs <b>nouvelles sauces piquantes <\/b><b>made in Alsace<\/b>.<\/p>\n<p>\u00c7a balancera la sauce d\u00e8s l\u2019ap\u00e9ro avec : de la <b>street food alsacienne <\/b>(hot-dog, sp\u00e4tzle, tartes flamb\u00e9es \u2013 \u00ab\u00a0version hot (mais pas trop)\u00a0\u00bb nous promet-on), des <b>cocktails in\u00e9dits<\/b>, des <b>d\u00e9fis \u00e9pic\u00e9s<\/b>, des animations \u2013 dont <b>un tirage au sort<\/b> pour remporter des lots\u00a0!<\/p>\n<p>Pour pimenter la soir\u00e9e\u00a0? Un <b>DJ set<\/b> par le collectif strasbourgeois <b>Spectr.\u00a0<\/b><\/p>\n<p align=\"CENTER\"><b>Quand et o\u00f9\u00a0?<br \/><\/b>Jeudi 9 octobre de 18h30 \u00e0 1h<br \/>\u00c0 la Brasserie Kooma<br \/><a href=\"https:\/\/shotgun.live\/fr\/events\/soiree-hot\" target=\"_blank\" rel=\"noopener\">+ d\u2019infos<\/a><\/p>\n<p>                <img width=\"750\" height=\"500\" src=\"https:\/\/www.europesays.com\/fr\/wp-content\/uploads\/2025\/05\/10-pokaa-126-750x500.jpg\" class=\"attachment-gallery size-gallery\" alt=\"10 ans Pokaa \u00e9v\u00e9nement anniversaire\" data-full-url=\"https:\/\/pokaa.fr\/wp-content\/uploads\/2024\/09\/30\/10-pokaa-126.jpg\" decoding=\"async\" loading=\"lazy\"  \/>            <\/p>\n<p>                <img width=\"667\" height=\"500\" src=\"https:\/\/www.europesays.com\/fr\/wp-content\/uploads\/2025\/09\/img-4707-scaled-e1732640150272-667x500.jpg\" class=\"attachment-gallery size-gallery\" alt=\"Kooma + No\u00ebl + Manufacture + rooftop\" data-full-url=\"https:\/\/pokaa.fr\/wp-content\/uploads\/2024\/11\/26\/img-4707-1500x1125.jpg\" decoding=\"async\" loading=\"lazy\"  \/>            <\/p>\n<p>                    1. \u00a9 David Lev\u00eaque \/ Pokaa ; 2. \u00a9 Coraline Lafon \/ Pokaa<\/p>\n<p>    <img width=\"480\" height=\"600\" src=\"https:\/\/www.europesays.com\/fr\/wp-content\/uploads\/2025\/09\/rebecca-ph1-480x600.jpg\" class=\"attachment-image-size-M size-image-size-M\" alt=\"spectr\" decoding=\"async\" loading=\"lazy\"  \/>         Spectr. \u00a9 @rebecca_ph \/ Document remis <\/p>\n<p>Les week-ends \u00e0 la cool<br \/>\n\u00ab\u00a0Comme des Woof\u00a0\u00bb au Phare Citadelle<\/p>\n<p>Voil\u00e0 un \u00e9v\u00e9nement qui a du chien\u00a0! <b>Ce dimanche<\/b>, le <b>Phare Citadelle<\/b> accueillera la nouvelle \u00e9dition de <b>\u00ab\u00a0Comme des Woof\u00a0\u00bb<\/b>, un \u00ab\u00a0apr\u00e8s-midi d\u00e9di\u00e9 aux <b>toutous<\/b> et \u00e0 leurs humain(e)s\u00a0\u00bb.<\/p>\n<p>Au programme\u00a0? Plein d\u2019activit\u00e9s pour reprendre du poil de la b\u00eate\u00a0: des <b>activit\u00e9s, des jeux \u00e0 faire en duo<\/b>\u2026 Mais aussi des <b>concours<\/b>, et \u00ab\u00a0des <b>friandises et cocktails canins <\/b>maison\u00a0\u00bb. Pour rencontrer les \u00ab\u00a0toutous les plus mignons de ta r\u00e9gion\u00a0\u00bb.<\/p>\n<p align=\"CENTER\"><b>Quand et o\u00f9\u00a0?<br \/><\/b>Dimanche 5 octobre de 12h \u00e0 20h<br \/>Au Phare Citadelle<br \/><a href=\"https:\/\/fb.me\/e\/hrPggevGJ\" target=\"_blank\" rel=\"noopener\">L\u2019\u00e9v\u00e9nement Facebook<\/a><\/p>\n<p>                <img width=\"693\" height=\"500\" src=\"https:\/\/www.europesays.com\/fr\/wp-content\/uploads\/2025\/07\/img-9750-693x500.jpg\" class=\"attachment-gallery size-gallery\" alt=\"phare citadelle\" data-full-url=\"https:\/\/pokaa.fr\/wp-content\/uploads\/2025\/02\/11\/img-9750.jpg\" decoding=\"async\" loading=\"lazy\"  \/>            <\/p>\n<p>                <img width=\"746\" height=\"500\" src=\"https:\/\/www.europesays.com\/fr\/wp-content\/uploads\/2025\/09\/covidog-chiens-coronavirus-pokaa-3.jpg\" class=\"attachment-gallery size-gallery\" alt=\"covidog chiens coronavirus pokaa 3\" data-full-url=\"https:\/\/www.europesays.com\/fr\/wp-content\/uploads\/2025\/09\/covidog-chiens-coronavirus-pokaa-3.jpg\" decoding=\"async\" loading=\"lazy\"  \/>            <\/p>\n<p>                <img width=\"667\" height=\"500\" src=\"https:\/\/www.europesays.com\/fr\/wp-content\/uploads\/2025\/09\/img-8632-667x500.jpg\" class=\"attachment-gallery size-gallery\" alt=\"phare citadelle\" data-full-url=\"https:\/\/pokaa.fr\/wp-content\/uploads\/2025\/02\/11\/img-8632.jpg\" decoding=\"async\" loading=\"lazy\"  \/>            <\/p>\n<p>                    1. \u00a9 Coraline Lafon \/ Pokaa ; 2. \u00a9 Nicolas Kaspar \/ Pokaa ; 3. \u00a9 Bastien Pietronave \/ Pokaa<\/p>\n<p>Vide-dressing \u00e0 La Lanterne<\/p>\n<p>Avec le changement de saison, on a envie de faire les magasins pour refaire son armoire. Pour consommer autrement, et faire de bonnes affaires avant l\u2019hiver : on pense \u00e0 l\u2019occasion.<\/p>\n<p>Cela tombe bien\u00a0: <b>le dimanche 5 octobre, La Lanterne fait son vide-dressing<\/b>. Avec <b>des sapes, des accessoires de seconde-main<\/b>\u00a0et <b>des bijoux de cr\u00e9atrices<\/b>.<\/p>\n<p align=\"CENTER\"><b>Quand et o\u00f9\u00a0?<br \/><\/b>Dimanche 5 octobre de 12h \u00e0 18h<br \/>\u00c0 la Brasserie de la Lanterne<br \/><a href=\"https:\/\/fb.me\/e\/9bMdZqYnC\" target=\"_blank\" rel=\"noopener\">L\u2019\u00e9v\u00e9nement Facebook<\/a><\/p>\n<p>    <img width=\"800\" height=\"800\" src=\"https:\/\/www.europesays.com\/fr\/wp-content\/uploads\/2025\/09\/345593629-6118295478287087-8676627746750159297-n-800x800.jpg\" class=\"attachment-image-size-L size-image-size-L\" alt=\"La Lanterne\" decoding=\"async\" loading=\"lazy\"  \/>         \u00a9 La Lanterne \/ Document remis <\/p>\n<p>Le Piou Piou Market au Garage Graffalgar<\/p>\n<p>Plus grand encore\u00a0: le <b>Piou Piou Market<\/b> qui revient \u00e0 Strasbourg \u00ab\u00a0avec sa <b>m\u00e9ga s\u00e9lection vintage &amp; seconde main \u00e0 partir de 2\u20ac<\/b>\u00a0\u00bb, ainsi qu\u2019un coin <b>bijoux<\/b> (seconde main ou de la marque Milo), et un espace beaut\u00e9 avec du <b>tatouage<\/b>, des <b>strass dentaires<\/b> et du<b> nail ar<\/b><strong>t<\/strong>.<\/p>\n<p>Et en bonus pour cette \u00e9dition\u00a0: un \u00ab\u00a0jardin nomade\u00a0\u00bb constitu\u00e9 de plus de <b>4000 plantes en vente \u00e0 petits prix<\/b>. \u00c0 d\u00e9nicher <b>les 11 et 12 octobre au Garage du Graffalgar<\/b>.<\/p>\n<p align=\"CENTER\"><b>Quand et o\u00f9\u00a0?<br \/><\/b>Samedi 11 et dimanche 12 octobre de 12h \u00e0 20h<br \/>Au Garage de l\u2019h\u00f4tel Graffalgar<br \/><a href=\"https:\/\/fb.me\/e\/armDPw64M\" target=\"_blank\" rel=\"noopener\">L\u2019\u00e9v\u00e9nement Facebook<\/a><\/p>\n<p>GameFest &#8211; 2e \u00e9dition, au Parc des Expos (Wacken)<\/p>\n<p>Dans un tout autre genre, le <b>GameFest <\/b>arrive le m\u00eame week-end <b>au Parc des Expos \u00e0 Strasbourg<\/b>. <b>Les 11 et 12 octobre<\/b> s\u2019y tiendra la 2e \u00e9dition de ce <b>festival de pop culture <\/b>pour les fans de cin\u00e9, jeux vid\u00e9o, cosplay, SF, etc.<\/p>\n<p>Sur place\u00a0? <b>Des stands de fan-art et autres merch et goodies<\/b> pour alimenter ses passions et collections\u2026 Mais aussi de nombreuses animations\u00a0: <b>des concerts<\/b> (Disney avec Meg A Wish, Pok\u00e9mon avec Jean-Marc Anthony Kabeya), un <b>concours de cosplay<\/b>, des conf\u00e9rences, des d\u00e9dicaces, des ateliers\u2026 Et m\u00eame <b>un escape game g\u00e9ant<\/b>, une murder party, du <b>airsoft sur cible<\/b>, une initiation au <b>sabre laser<\/b>, et de l\u2019\u00a0<b>\u00ab\u00a0hypnose geek\u00a0\u00bb<\/b>.<\/p>\n<p align=\"CENTER\"><b>Quand et o\u00f9\u00a0?<br \/><\/b>Samedi 11 et dimanche 12 octobre de 10h \u00e0 18h<br \/>Au Parc des Expositions de Strasbourg (Wacken)<br \/><a href=\"https:\/\/fb.me\/e\/4cwPv4XRi\" target=\"_blank\" rel=\"noopener\">L\u2019\u00e9v\u00e9nement Facebook<\/a><br \/><a href=\"https:\/\/www.gamefest-strasbourg.fr\/\" target=\"_blank\" rel=\"noopener\">+ d\u2019infos<\/a><\/p>\n<p>    <img width=\"400\" height=\"600\" src=\"https:\/\/www.europesays.com\/fr\/wp-content\/uploads\/2025\/09\/gamefest-2023-concours-cosplay-hinamycosplay-dristudio-photography-400x600.jpg\" class=\"attachment-image-size-M size-image-size-M\" alt=\"Un automne pas monotone : \u00e0 Strasbourg, 10 sorties styl\u00e9es pour c\u00e9l\u00e9brer octobre\" decoding=\"async\" loading=\"lazy\"  \/>         GameFest 2023 concours cosplay (avec @hinamy.cosplay). \u00a9 DriStudio Photography \/ Document remis <\/p>\n","protected":false},"excerpt":{"rendered":"Les jours raccourcissent, et sur les trottoirs comme dans les classes, les feuilles s\u2019entassent\u2026 Pas de doute :&hellip;\n","protected":false},"author":2,"featured_media":429795,"comment_status":"","ping_status":"","sticky":false,"template":"","format":"standard","meta":{"footnotes":""},"categories":[2820],"tags":[1111,11,4763,4850,1697,251,12084,1777,674,652,849,1011,27,55807,1661,775,326,1757,12,21919,3907,25,3140,640,10235,16831,4064],"class_list":{"0":"post-429794","1":"post","2":"type-post","3":"status-publish","4":"format-standard","5":"has-post-thumbnail","7":"category-strasbourg","8":"tag-actu","9":"tag-actualites","10":"tag-agenda","11":"tag-chien","12":"tag-concert","13":"tag-culture","14":"tag-dj-set","15":"tag-eu","16":"tag-europe","17":"tag-famille","18":"tag-festival","19":"tag-fr","20":"tag-france","21":"tag-fripe","22":"tag-gastronomie","23":"tag-grand-est","24":"tag-gratuit","25":"tag-insolite","26":"tag-news","27":"tag-ou-sortir","28":"tag-que-faire","29":"tag-republique-francaise","30":"tag-spectacle","31":"tag-strasbourg","32":"tag-techno","33":"tag-vintage","34":"tag-week-end"},"share_on_mastodon":{"url":"https:\/\/pubeurope.com\/@fr\/115295946328562997","error":""},"_links":{"self":[{"href":"https:\/\/www.europesays.com\/fr\/wp-json\/wp\/v2\/posts\/429794","targetHints":{"allow":["GET"]}}],"collection":[{"href":"https:\/\/www.europesays.com\/fr\/wp-json\/wp\/v2\/posts"}],"about":[{"href":"https:\/\/www.europesays.com\/fr\/wp-json\/wp\/v2\/types\/post"}],"author":[{"embeddable":true,"href":"https:\/\/www.europesays.com\/fr\/wp-json\/wp\/v2\/users\/2"}],"replies":[{"embeddable":true,"href":"https:\/\/www.europesays.com\/fr\/wp-json\/wp\/v2\/comments?post=429794"}],"version-history":[{"count":0,"href":"https:\/\/www.europesays.com\/fr\/wp-json\/wp\/v2\/posts\/429794\/revisions"}],"wp:featuredmedia":[{"embeddable":true,"href":"https:\/\/www.europesays.com\/fr\/wp-json\/wp\/v2\/media\/429795"}],"wp:attachment":[{"href":"https:\/\/www.europesays.com\/fr\/wp-json\/wp\/v2\/media?parent=429794"}],"wp:term":[{"taxonomy":"category","embeddable":true,"href":"https:\/\/www.europesays.com\/fr\/wp-json\/wp\/v2\/categories?post=429794"},{"taxonomy":"post_tag","embeddable":true,"href":"https:\/\/www.europesays.com\/fr\/wp-json\/wp\/v2\/tags?post=429794"}],"curies":[{"name":"wp","href":"https:\/\/api.w.org\/{rel}","templated":true}]}}