{"id":429806,"date":"2025-09-30T23:59:14","date_gmt":"2025-09-30T23:59:14","guid":{"rendered":"https:\/\/www.europesays.com\/fr\/429806\/"},"modified":"2025-09-30T23:59:14","modified_gmt":"2025-09-30T23:59:14","slug":"port-de-bordeaux-je-souhaite-a-mon-successeur-de-pouvoir-sappuyer-sur-linnovation-industrielle","status":"publish","type":"post","link":"https:\/\/www.europesays.com\/fr\/429806\/","title":{"rendered":"Port de Bordeaux. \u00ab Je souhaite \u00e0 mon successeur de pouvoir s&rsquo;appuyer sur l&rsquo;innovation industrielle \u00bb"},"content":{"rendered":"<p class=\"legende\">\n\t\t\t\t\t\t\t\t\tJean-Fr\u00e9d\u00e9ric Laurent prendra ses nouvelles fonctions \u00e0 Paris, en d\u00e9cembre. Cr\u00e9dit : Anthony Michel\n\t\t\t\t\t\t\t\t<\/p>\n<p class=\"excerpt\">Jean-Fr\u00e9d\u00e9ric Laurent, directeur du port de Bordeaux,  vient d&rsquo;\u00eatre nomm\u00e9 \u00e0 la t\u00eate de l&rsquo;Union des Ports de France apr\u00e8s avoir men\u00e9, depuis cinq ans, le redressement \u00e9conomique de l&rsquo;\u00e9tablissement portuaire bordelais.<\/p>\n<p>Cet article premium vous int\u00e9resse ?<\/p>\n<p>Rejoignez nos 1000 adh\u00e9rents<\/p>\n<p>\n\t\t\t\t\t\t\t\t\t\t\t\t\t\tGagnez en visibilit\u00e9 et profitez d\u2019un r\u00e9seau de plusieurs centaines d\u2019adh\u00e9rents.\n\t\t\t\t\t\t\t\t\t\t\t\t\t<\/p>\n","protected":false},"excerpt":{"rendered":"Jean-Fr\u00e9d\u00e9ric Laurent prendra ses nouvelles fonctions \u00e0 Paris, en d\u00e9cembre. Cr\u00e9dit : Anthony Michel Jean-Fr\u00e9d\u00e9ric Laurent, directeur du&hellip;\n","protected":false},"author":2,"featured_media":429807,"comment_status":"","ping_status":"","sticky":false,"template":"","format":"standard","meta":{"footnotes":""},"categories":[2817],"tags":[1111,11,1997,1777,674,1011,27,12,2219,5645,25],"class_list":{"0":"post-429806","1":"post","2":"type-post","3":"status-publish","4":"format-standard","5":"has-post-thumbnail","7":"category-bordeaux","8":"tag-actu","9":"tag-actualites","10":"tag-bordeaux","11":"tag-eu","12":"tag-europe","13":"tag-fr","14":"tag-france","15":"tag-news","16":"tag-nouvelle-aquitaine","17":"tag-placco-placeco","18":"tag-republique-francaise"},"share_on_mastodon":{"url":"https:\/\/pubeurope.com\/@fr\/115295968902079718","error":""},"_links":{"self":[{"href":"https:\/\/www.europesays.com\/fr\/wp-json\/wp\/v2\/posts\/429806","targetHints":{"allow":["GET"]}}],"collection":[{"href":"https:\/\/www.europesays.com\/fr\/wp-json\/wp\/v2\/posts"}],"about":[{"href":"https:\/\/www.europesays.com\/fr\/wp-json\/wp\/v2\/types\/post"}],"author":[{"embeddable":true,"href":"https:\/\/www.europesays.com\/fr\/wp-json\/wp\/v2\/users\/2"}],"replies":[{"embeddable":true,"href":"https:\/\/www.europesays.com\/fr\/wp-json\/wp\/v2\/comments?post=429806"}],"version-history":[{"count":0,"href":"https:\/\/www.europesays.com\/fr\/wp-json\/wp\/v2\/posts\/429806\/revisions"}],"wp:featuredmedia":[{"embeddable":true,"href":"https:\/\/www.europesays.com\/fr\/wp-json\/wp\/v2\/media\/429807"}],"wp:attachment":[{"href":"https:\/\/www.europesays.com\/fr\/wp-json\/wp\/v2\/media?parent=429806"}],"wp:term":[{"taxonomy":"category","embeddable":true,"href":"https:\/\/www.europesays.com\/fr\/wp-json\/wp\/v2\/categories?post=429806"},{"taxonomy":"post_tag","embeddable":true,"href":"https:\/\/www.europesays.com\/fr\/wp-json\/wp\/v2\/tags?post=429806"}],"curies":[{"name":"wp","href":"https:\/\/api.w.org\/{rel}","templated":true}]}}