{"id":429814,"date":"2025-10-01T00:04:16","date_gmt":"2025-10-01T00:04:16","guid":{"rendered":"https:\/\/www.europesays.com\/fr\/429814\/"},"modified":"2025-10-01T00:04:16","modified_gmt":"2025-10-01T00:04:16","slug":"previsions-du-mercredi-1er-octobre-2025-5","status":"publish","type":"post","link":"https:\/\/www.europesays.com\/fr\/429814\/","title":{"rendered":"pr\u00e9visions du mercredi 1er octobre 2025"},"content":{"rendered":"<p class=\"mb-4 text-lg md:leading-8 break-words\"><strong>M\u00e9t\u00e9o &#8211; Le temps va progressivement s&rsquo;am\u00e9liorer dans la journ\u00e9e et laisser place \u00e0 des \u00e9claircies. Les temp\u00e9ratures seront de 14\u00b0C le matin et de 19\u00b0C l&rsquo;apr\u00e8s-midi&#8230;<\/strong><\/p>\n<p class=\"mb-4 text-lg md:leading-8 break-words\">\u00c0 Lille les temp\u00e9ratures afficheront entre 10 et 19\u00b0C aujourd&rsquo;hui. Cette matin\u00e9e rimera avec grand soleil. Il va faire en moyenne 14\u00b0C. Un petit vent de nord-est soufflera. Apr\u00e8s un bref \u00e9pisode nuageux, petits et grands pourront passer leur apr\u00e8s-midi sous un ciel un peu nuageux. Une m\u00e9t\u00e9o plus chaude est attendue puisque les temp\u00e9ratures vont enregistrer une l\u00e9g\u00e8re augmentation. Les valeurs s&rsquo;\u00e9chelonneront entre 17\u00b0C et 19\u00b0C. Une fois la nuit tomb\u00e9e, le ciel sera limpide.<\/p>\n<p class=\"mb-4 text-lg md:leading-8 break-words\">Demain, les Lillois vont pouvoir b\u00e9n\u00e9ficier d&rsquo;un soleil radieux. L&rsquo;air ambiant va se r\u00e9chauffer avec une hausse de quelques degr\u00e9s. Le mercure affichera 16\u00b0C en moyenne. Une modeste brise de sud-est sera ressentie par les habitants. Les temp\u00e9ratures vont conna\u00eetre une augmentation de quelques degr\u00e9s dans l&rsquo;apr\u00e8s-midi. Les valeurs seront comprises entre 17 et 20\u00b0C. On annonce une embellie pour cette soir\u00e9e.<\/p>\n<p class=\"mb-4 text-lg md:leading-8 break-words\">Le temps va se d\u00e9grader dans les jours qui suivent. Il fera 13\u00b0C en moyenne pour des journ\u00e9es avec une m\u00e9t\u00e9o pluvieuse.<\/p>\n<p class=\"mb-4 text-lg md:leading-8 break-words\"><a href=\"https:\/\/www.20minutes.fr\/planete\/previsions-meteo\/4176305-20251001-meteo-lille-previsions-mercredi-1er-octobre-2025?at_medium=RSS%20feed&amp;at_campaign=ynews&amp;utm_source=yahoo&amp;utm_medium=rss&amp;utm_campaign=news_feed&amp;utm_content=read_more_link&quot;\" rel=\"nofollow noopener\" target=\"_blank\" data-ylk=\"slk:Lire la suite sur 20minutes;elm:context_link;itc:0;sec:content-canvas\" class=\"link \">Lire la suite sur 20minutes<\/a><\/p>\n","protected":false},"excerpt":{"rendered":"M\u00e9t\u00e9o &#8211; Le temps va progressivement s&rsquo;am\u00e9liorer dans la journ\u00e9e et laisser place \u00e0 des \u00e9claircies. Les temp\u00e9ratures&hellip;\n","protected":false},"author":2,"featured_media":429815,"comment_status":"","ping_status":"","sticky":false,"template":"","format":"standard","meta":{"footnotes":""},"categories":[2815],"tags":[1111,11,1777,674,1011,27,811,55813,1307,2487,12,25],"class_list":{"0":"post-429814","1":"post","2":"type-post","3":"status-publish","4":"format-standard","5":"has-post-thumbnail","7":"category-lille","8":"tag-actu","9":"tag-actualites","10":"tag-eu","11":"tag-europe","12":"tag-fr","13":"tag-france","14":"tag-hauts-de-france","15":"tag-la-nuit-tombee","16":"tag-lille","17":"tag-meteo","18":"tag-news","19":"tag-republique-francaise"},"share_on_mastodon":{"url":"https:\/\/pubeurope.com\/@fr\/115295988505049681","error":""},"_links":{"self":[{"href":"https:\/\/www.europesays.com\/fr\/wp-json\/wp\/v2\/posts\/429814","targetHints":{"allow":["GET"]}}],"collection":[{"href":"https:\/\/www.europesays.com\/fr\/wp-json\/wp\/v2\/posts"}],"about":[{"href":"https:\/\/www.europesays.com\/fr\/wp-json\/wp\/v2\/types\/post"}],"author":[{"embeddable":true,"href":"https:\/\/www.europesays.com\/fr\/wp-json\/wp\/v2\/users\/2"}],"replies":[{"embeddable":true,"href":"https:\/\/www.europesays.com\/fr\/wp-json\/wp\/v2\/comments?post=429814"}],"version-history":[{"count":0,"href":"https:\/\/www.europesays.com\/fr\/wp-json\/wp\/v2\/posts\/429814\/revisions"}],"wp:featuredmedia":[{"embeddable":true,"href":"https:\/\/www.europesays.com\/fr\/wp-json\/wp\/v2\/media\/429815"}],"wp:attachment":[{"href":"https:\/\/www.europesays.com\/fr\/wp-json\/wp\/v2\/media?parent=429814"}],"wp:term":[{"taxonomy":"category","embeddable":true,"href":"https:\/\/www.europesays.com\/fr\/wp-json\/wp\/v2\/categories?post=429814"},{"taxonomy":"post_tag","embeddable":true,"href":"https:\/\/www.europesays.com\/fr\/wp-json\/wp\/v2\/tags?post=429814"}],"curies":[{"name":"wp","href":"https:\/\/api.w.org\/{rel}","templated":true}]}}