{"id":429826,"date":"2025-10-01T00:11:14","date_gmt":"2025-10-01T00:11:14","guid":{"rendered":"https:\/\/www.europesays.com\/fr\/429826\/"},"modified":"2025-10-01T00:11:14","modified_gmt":"2025-10-01T00:11:14","slug":"le-gouvernement-espagnol-veut-faire-de-la-violence-vicariante-contre-les-femmes-un-delit-a-part-une-premiere","status":"publish","type":"post","link":"https:\/\/www.europesays.com\/fr\/429826\/","title":{"rendered":"Le gouvernement espagnol veut faire de la violence vicariante contre les femmes un d\u00e9lit \u00e0 part, une premi\u00e8re"},"content":{"rendered":"<p>                          <img loading=\"lazy\" decoding=\"async\" src=\"https:\/\/www.europesays.com\/fr\/wp-content\/uploads\/2025\/10\/eab2d71_ftp-import-images-1-1mjwtpqp2kcb-2025-09-30t150336z-687175694-rc28i4aet0pe-rtrmadp-3-spain-w.jpeg\" alt=\" Ana Redondo, ministre de l\u2019\u00e9galit\u00e9 espagnole, pose devant le palais de la Moncloa \u00e0 Madrid, en Espagne, le 22\u00a0novembre 2023. \"   width=\"664\" height=\"443\"\/>    Ana Redondo, ministre de l\u2019\u00e9galit\u00e9 espagnole, pose devant le palais de la Moncloa \u00e0 Madrid, en Espagne, le 22\u00a0novembre 2023.  JUAN MEDINA \/ REUTERS                          <\/p>\n<p class=\"article__paragraph  \">Le gouvernement espagnol a approuv\u00e9 mardi 30\u00a0septembre un avant-projet de loi contre la violence vicariante, exerc\u00e9e contre des femmes par un partenaire ou un ex-partenaire \u00e0 travers des tiers, en g\u00e9n\u00e9ral des enfants, et qui en ferait pour la premi\u00e8re fois un d\u00e9lit \u00e0 part.<\/p>\n<p class=\"article__paragraph  \">\u00ab\u00a0C\u2019est une violence qui ne fait pas partie de notre ordre juridique, et il nous semble\u00a0\u00bb qu\u2019il \u00ab\u00a0est indispensable de la qualifier, de l\u2019y incorporer et de la d\u00e9finir\u00a0\u00bb, a d\u00e9clar\u00e9 apr\u00e8s le conseil des ministres Ana Redondo, en charge de l\u2019\u00e9galit\u00e9. Depuis le d\u00e9but des statistiques sur le sujet en\u00a02013, 65 enfants ont \u00e9t\u00e9 assassin\u00e9s en Espagne dans ce cadre, a rappel\u00e9 la ministre.<\/p>\n<p class=\"article__paragraph  \">L\u2019avant-projet de loi organique \u2212 approuv\u00e9 en premi\u00e8re lecture et qui devra ensuite suivre la proc\u00e9dure parlementaire \u2212 d\u00e9finit la violence vicariante comme \u00ab\u00a0exerc\u00e9e envers une femme par son partenaire ou ex-partenaire \u00e0 travers une personne interm\u00e9diaire\u00a0\u00bb, la plupart du temps les enfants, mais aussi d\u2019autres membres proches de la famille ou le partenaire actuel de la victime, a-t-elle expliqu\u00e9.<\/p>\n<p class=\"article__paragraph  \">La modification propos\u00e9e du code p\u00e9nal inclurait la violence vicariante en tant que d\u00e9lit \u00e0 part avec une circonstance aggravante de genre et impliquerait, en principe, une peine allant de six mois \u00e0 trois ans de prison. Elle introduit une nouvelle peine pour interdire \u00e0 l\u2019agresseur de publier des informations ou documents susceptibles de causer davantage de douleur \u00e0 la victime.<\/p>\n<p>                                       Lire aussi (2021) |  Article r\u00e9serv\u00e9 \u00e0 nos abonn\u00e9s  <a href=\"https:\/\/www.lemonde.fr\/international\/article\/2021\/06\/25\/l-espagne-se-dote-d-une-loi-pionniere-de-protection-de-l-enfance_6085711_3210.html\" class=\"js-article-read-also catcher--favoris__link\" data-premium=\"1\" id=\"article-title-3228910\" rel=\"nofollow noopener\" target=\"_blank\">L\u2019Espagne se dote d\u2019une loi pionni\u00e8re de protection de l\u2019enfance<\/a>    <\/p>\n<p>   Lire plus tard  <\/p>\n<p>                          L\u2019infanticide, cas extr\u00eame de violence vicariante                    <\/p>\n<p class=\"article__paragraph  \">Cette nouvelle disposition permettrait d\u2019emp\u00eacher la publication de livres comme le controvers\u00e9 El Odio (\u00ab\u00a0La haine\u00a0\u00bb), qui analysait un double infanticide commis par un p\u00e8re pour se venger de son ex-partenaire au d\u00e9but de la d\u00e9cennie pass\u00e9e, en Andalousie, et qui avait boulevers\u00e9 l\u2019Espagne parce qu\u2019il incluait le t\u00e9moignage du meurtrier.<\/p>\n<p class=\"article__paragraph  \">La tentative de publication, finalement \u00e9cart\u00e9e par l\u2019\u00e9diteur, avait suscit\u00e9 une vive pol\u00e9mique en d\u00e9but d\u2019ann\u00e9e apr\u00e8s que la m\u00e8re des enfants a demand\u00e9 son interdiction. \u00ab\u00a0Heureusement, la soci\u00e9t\u00e9 a soutenu la victime. La soci\u00e9t\u00e9, \u00e0 ce moment-l\u00e0, a m\u00eame devanc\u00e9 la loi\u00a0\u00bb, a soulign\u00e9 Ana Redondo.<\/p>\n<p class=\"article__paragraph  \">La violence vicariante peut \u00eatre extr\u00eame, comme dans le cas de l\u2019infanticide, mais elle peut \u00e9galement prendre des formes plus quotidiennes, comme ne pas donner \u00e0 un enfant le traitement m\u00e9dical prescrit, ne pas l\u2019emmener aux activit\u00e9s sportives qu\u2019il appr\u00e9cie, ou le rendre \u00e0 sa m\u00e8re avec des v\u00eatements sales. L\u2019Espagne, pays souvent pris comme mod\u00e8le dans la lutte pour les droits des femmes, a adopt\u00e9 il y a deux d\u00e9cennies l\u2019une des lois pionni\u00e8res contre la violence de genre.<\/p>\n<p>                                       Lire notre article en 2004 |  Article r\u00e9serv\u00e9 \u00e0 nos abonn\u00e9s  <a href=\"https:\/\/www.lemonde.fr\/archives\/article\/2004\/10\/07\/une-loi-sur-les-violences-faites-aux-femmes-adoptee-en-espagne_382161_1819218.html\" class=\"js-article-read-also catcher--favoris__link\" data-premium=\"1\" id=\"article-title-834092\" rel=\"nofollow noopener\" target=\"_blank\">Une loi sur les violences faites aux femmes adopt\u00e9e en Espagne                                                                                                                                                                                                  <\/a>    <\/p>\n<p>   Lire plus tard  <\/p>\n<p class=\"author__detail\">  Le Monde avec AFP  <\/p>\n<p>                  <a href=\"https:\/\/www.lemonde.fr\/syndication\/\" class=\"reuse__content\" title=\"R\u00e9utiliser ce contenu\" target=\"_blank\" rel=\"nofollow noopener\">R\u00e9utiliser ce contenu<\/a>      <\/p>\n","protected":false},"excerpt":{"rendered":"Ana Redondo, ministre de l\u2019\u00e9galit\u00e9 espagnole, pose devant le palais de la Moncloa \u00e0 Madrid, en Espagne, le&hellip;\n","protected":false},"author":2,"featured_media":429827,"comment_status":"","ping_status":"","sticky":false,"template":"","format":"standard","meta":{"footnotes":""},"categories":[1888],"tags":[1111,1928,11,1927,1777,674,1011,27,12,1926,626,1925,25],"class_list":{"0":"post-429826","1":"post","2":"type-post","3":"status-publish","4":"format-standard","5":"has-post-thumbnail","7":"category-paris","8":"tag-actu","9":"tag-actu-paris","10":"tag-actualites","11":"tag-actualites-paris","12":"tag-eu","13":"tag-europe","14":"tag-fr","15":"tag-france","16":"tag-news","17":"tag-news-paris","18":"tag-paris","19":"tag-paris-news","20":"tag-republique-francaise"},"share_on_mastodon":{"url":"https:\/\/pubeurope.com\/@fr\/115296016220651807","error":""},"_links":{"self":[{"href":"https:\/\/www.europesays.com\/fr\/wp-json\/wp\/v2\/posts\/429826","targetHints":{"allow":["GET"]}}],"collection":[{"href":"https:\/\/www.europesays.com\/fr\/wp-json\/wp\/v2\/posts"}],"about":[{"href":"https:\/\/www.europesays.com\/fr\/wp-json\/wp\/v2\/types\/post"}],"author":[{"embeddable":true,"href":"https:\/\/www.europesays.com\/fr\/wp-json\/wp\/v2\/users\/2"}],"replies":[{"embeddable":true,"href":"https:\/\/www.europesays.com\/fr\/wp-json\/wp\/v2\/comments?post=429826"}],"version-history":[{"count":0,"href":"https:\/\/www.europesays.com\/fr\/wp-json\/wp\/v2\/posts\/429826\/revisions"}],"wp:featuredmedia":[{"embeddable":true,"href":"https:\/\/www.europesays.com\/fr\/wp-json\/wp\/v2\/media\/429827"}],"wp:attachment":[{"href":"https:\/\/www.europesays.com\/fr\/wp-json\/wp\/v2\/media?parent=429826"}],"wp:term":[{"taxonomy":"category","embeddable":true,"href":"https:\/\/www.europesays.com\/fr\/wp-json\/wp\/v2\/categories?post=429826"},{"taxonomy":"post_tag","embeddable":true,"href":"https:\/\/www.europesays.com\/fr\/wp-json\/wp\/v2\/tags?post=429826"}],"curies":[{"name":"wp","href":"https:\/\/api.w.org\/{rel}","templated":true}]}}