{"id":429828,"date":"2025-10-01T00:12:14","date_gmt":"2025-10-01T00:12:14","guid":{"rendered":"https:\/\/www.europesays.com\/fr\/429828\/"},"modified":"2025-10-01T00:12:14","modified_gmt":"2025-10-01T00:12:14","slug":"previsions-du-mercredi-1er-octobre-2025-6","status":"publish","type":"post","link":"https:\/\/www.europesays.com\/fr\/429828\/","title":{"rendered":"pr\u00e9visions du mercredi 1er octobre 2025"},"content":{"rendered":"<p class=\"mb-4 text-lg md:leading-8 break-words\"><strong>M\u00e9t\u00e9o &#8211; Un beau soleil est attendu aujourd&rsquo;hui. Les temp\u00e9ratures seront de 15\u00b0C la matin\u00e9e et de 20\u00b0C l&rsquo;apr\u00e8s-midi&#8230;<\/strong><\/p>\n<p class=\"mb-4 text-lg md:leading-8 break-words\">Paris va conna\u00eetre une magnifique journ\u00e9e tr\u00e8s ensoleill\u00e9e. Les temp\u00e9ratures afficheront entre 11 et 20\u00b0C. Un vent de nord-est soufflera l\u00e9g\u00e8rement, avec 6 km\/h. Les temp\u00e9ratures vont enregistrer une augmentation de plusieurs degr\u00e9s dans l&rsquo;apr\u00e8s-midi. Les maximales atteindront les 20\u00b0C tandis que les minimales seront de 19\u00b0C. Le soir, le vent va progressivement chasser la grisaille. Les temp\u00e9ratures seront de 17\u00b0C. Pour les amateurs d&rsquo;astronomie, sachez que la nuit sera claire.<\/p>\n<p class=\"mb-4 text-lg md:leading-8 break-words\">Demain, un important soleil brillera sur Paris. Il fera en moyenne 16\u00b0C. Une l\u00e9g\u00e8re brise de sud-est sera ressentie par les habitants. Les valeurs tourneront autour des 15\u00b0C au cours de la matin\u00e9e. Demain apr\u00e8s-midi, c&rsquo;est une hausse de quelques degr\u00e9s que vont conna\u00eetre les temp\u00e9ratures. Ces valeurs seront comprises entre 17 et 20\u00b0C. Un ciel voil\u00e9 avec un d\u00e9veloppement de nuages est pr\u00e9vu dans la soir\u00e9e.<\/p>\n<p class=\"mb-4 text-lg md:leading-8 break-words\">La m\u00e9t\u00e9o des journ\u00e9es qui suivent va \u00e9voluer peu \u00e0 peu. M\u00eame si le beau temps persistera quelque peu vendredi, il faut pr\u00e9voir une d\u00e9gradation par la suite.<\/p>\n<p class=\"mb-4 text-lg md:leading-8 break-words\"><a href=\"https:\/\/www.20minutes.fr\/planete\/previsions-meteo\/4176303-20251001-meteo-paris-previsions-mercredi-1er-octobre-2025?at_medium=RSS%20feed&amp;at_campaign=ynews&amp;utm_source=yahoo&amp;utm_medium=rss&amp;utm_campaign=news_feed&amp;utm_content=read_more_link&quot;\" rel=\"nofollow noopener\" target=\"_blank\" data-ylk=\"slk:Lire la suite sur 20minutes;elm:context_link;itc:0;sec:content-canvas\" class=\"link \">Lire la suite sur 20minutes<\/a><\/p>\n","protected":false},"excerpt":{"rendered":"M\u00e9t\u00e9o &#8211; Un beau soleil est attendu aujourd&rsquo;hui. Les temp\u00e9ratures seront de 15\u00b0C la matin\u00e9e et de 20\u00b0C&hellip;\n","protected":false},"author":2,"featured_media":429829,"comment_status":"","ping_status":"","sticky":false,"template":"","format":"standard","meta":{"footnotes":""},"categories":[1888],"tags":[1111,1928,11,1927,1777,674,1011,27,51394,2487,12,1926,626,1925,25],"class_list":{"0":"post-429828","1":"post","2":"type-post","3":"status-publish","4":"format-standard","5":"has-post-thumbnail","7":"category-paris","8":"tag-actu","9":"tag-actu-paris","10":"tag-actualites","11":"tag-actualites-paris","12":"tag-eu","13":"tag-europe","14":"tag-fr","15":"tag-france","16":"tag-la-matinee","17":"tag-meteo","18":"tag-news","19":"tag-news-paris","20":"tag-paris","21":"tag-paris-news","22":"tag-republique-francaise"},"share_on_mastodon":{"url":"https:\/\/pubeurope.com\/@fr\/115296020044618366","error":""},"_links":{"self":[{"href":"https:\/\/www.europesays.com\/fr\/wp-json\/wp\/v2\/posts\/429828","targetHints":{"allow":["GET"]}}],"collection":[{"href":"https:\/\/www.europesays.com\/fr\/wp-json\/wp\/v2\/posts"}],"about":[{"href":"https:\/\/www.europesays.com\/fr\/wp-json\/wp\/v2\/types\/post"}],"author":[{"embeddable":true,"href":"https:\/\/www.europesays.com\/fr\/wp-json\/wp\/v2\/users\/2"}],"replies":[{"embeddable":true,"href":"https:\/\/www.europesays.com\/fr\/wp-json\/wp\/v2\/comments?post=429828"}],"version-history":[{"count":0,"href":"https:\/\/www.europesays.com\/fr\/wp-json\/wp\/v2\/posts\/429828\/revisions"}],"wp:featuredmedia":[{"embeddable":true,"href":"https:\/\/www.europesays.com\/fr\/wp-json\/wp\/v2\/media\/429829"}],"wp:attachment":[{"href":"https:\/\/www.europesays.com\/fr\/wp-json\/wp\/v2\/media?parent=429828"}],"wp:term":[{"taxonomy":"category","embeddable":true,"href":"https:\/\/www.europesays.com\/fr\/wp-json\/wp\/v2\/categories?post=429828"},{"taxonomy":"post_tag","embeddable":true,"href":"https:\/\/www.europesays.com\/fr\/wp-json\/wp\/v2\/tags?post=429828"}],"curies":[{"name":"wp","href":"https:\/\/api.w.org\/{rel}","templated":true}]}}