{"id":429832,"date":"2025-10-01T00:14:19","date_gmt":"2025-10-01T00:14:19","guid":{"rendered":"https:\/\/www.europesays.com\/fr\/429832\/"},"modified":"2025-10-01T00:14:19","modified_gmt":"2025-10-01T00:14:19","slug":"mort-de-nathi-mthethwa-ambassadeur-dafrique-du-sud-a-paris-ce-que-lon-sait","status":"publish","type":"post","link":"https:\/\/www.europesays.com\/fr\/429832\/","title":{"rendered":"Mort de Nathi Mthethwa, ambassadeur d&rsquo;Afrique du Sud \u00e0 Paris : ce que l&rsquo;on sait"},"content":{"rendered":"<p>            Par<br \/>\n        <strong><br \/>\n            <a href=\"https:\/\/actu.fr\/auteur\/redaction-paris\" title=\"Consulter tous les articles de R\u00e9daction Paris\" target=\"_blank\" rel=\"noopener\">R\u00e9daction Paris<\/a><br \/>\n        <\/strong><\/p>\n<p>        Publi\u00e9 le<\/p>\n<p>            30 sept. 2025 \u00e0 19h53        <\/p>\n<p>L\u2019ambassadeur d\u2019Afrique du Sud en France, Nathi Mthethwa, a \u00e9t\u00e9 <a href=\"https:\/\/actu.fr\/ile-de-france\/paris_75056\/paris-l-ambassadeur-d-afrique-du-sud-retrouve-mort-en-bas-de-l-hotel-hayat_63233488.html\" target=\"_blank\" rel=\"noopener\">retrouv\u00e9 mort<\/a> au pied d\u2019un h\u00f4tel parisien, alors qu\u2019il avait confi\u00e9 \u00e0 son \u00e9pouse \u00ab\u2009l\u2019<strong>intention de mettre fin \u00e0 ses jours<\/strong>\u2009\u00bb, a indiqu\u00e9 mardi 30\u00a0septembre 2025 la <a href=\"https:\/\/actu.fr\/ile-de-france\/paris_75056\/affaire-sarkozy-vive-inquietude-sur-l-etat-de-droit-apres-des-menaces-de-mort-sur-les-magistrats_63232316.html\" target=\"_blank\" rel=\"noopener\">procureure de Paris Laure Beccuau<\/a>.<\/p>\n<p>Hommage \u00e0 un homme qui a \u00ab\u2009servi la nation\u2009\u00bb<\/p>\n<p class=\" wall-content\">Lundi, son \u00e9pouse avait \u00ab\u2009re\u00e7u un message de sa part peu apr\u00e8s 21h30, dans lequel<strong> il lui pr\u00e9sentait ses excuses<\/strong> et manifestait l\u2019intention de mettre fin \u00e0 ses jours\u2009\u00bb, \u00e9crit la magistrate dans un communiqu\u00e9.<\/p>\n<p class=\" wall-content\">Ce qui corrobore les dires d\u2019une source proche du dossier ayant d\u00e9crit \u00e0 l\u2019AFP cet <strong>ambassadeur de 58\u00a0ans<\/strong> comme quelqu\u2019un de d\u00e9pressif qui pourrait avoir mis fin \u00e0 ses jours.<\/p>\n<p class=\" wall-content\">Le pr\u00e9sident sud-africain Cyril Ramaphosa a salu\u00e9, dans un communiqu\u00e9, la m\u00e9moire de l\u2019ambassadeur \u00ab\u2009ayant servi la nation\u2009\u00bb au \u00ab\u2009cours d\u2019une vie qui s\u2019est termin\u00e9e pr\u00e9matur\u00e9ment et de mani\u00e8re traumatisante\u2009\u00bb.<\/p>\n<p>\u00ab\u2009Aucune trace de lutte\u2009\u00bb<\/p>\n<p class=\" wall-content\">Le personnel de l\u2019h\u00f4tel a constat\u00e9 que dans sa chambre, \u00ab\u2009situ\u00e9e au 22e \u00e9tage\u2009\u00bb, le \u00ab<strong>\u2009m\u00e9canisme de s\u00e9curit\u00e9 anti-ouverture<\/strong> de la fen\u00eatre <strong>avait \u00e9t\u00e9 forc\u00e9<\/strong> avec des ciseaux laiss\u00e9s sur place\u2009\u00bb, d\u00e9veloppe la procureure. Les enqu\u00eateurs n\u2019ont relev\u00e9 \u00ab\u2009aucune trace de lutte ni trace de m\u00e9dicament ou de stup\u00e9fiant\u2009\u00bb, souligne-t-elle.<\/p>\n<p class=\" wall-content\">Le parquet de Paris a ouvert une<strong> enqu\u00eate en recherche des causes de la mort<\/strong>, confi\u00e9e au 1er district de police judiciaire de la pr\u00e9fecture de police. \u00ab\u2009Si les premi\u00e8res investigations laissent penser qu\u2019<strong>il pourrait s\u2019agir d\u2019un acte d\u00e9lib\u00e9r\u00e9<\/strong>, sans intervention d\u2019un tiers, cette enqu\u00eate a pour objectif de recueillir tout \u00e9l\u00e9ment utile \u00e0 la compr\u00e9hension des faits\u2009\u00bb, pr\u00e9cise la procureure.<\/p>\n<p class=\" wall-content\">Le corps sans vie de ce proche de l\u2019ancien pr\u00e9sident sud-africain, Jacob Zuma, a \u00e9t\u00e9 retrouv\u00e9 dans la cour int\u00e9rieure de l\u2019h\u00f4tel lundi. Nkosinathi Emmanuel Nathi Mthethwa (son patronyme complet) avait r\u00e9serv\u00e9 \u00ab\u2009une chambre dans cet \u00e9tablissement une dizaine de jours auparavant et s\u2019y est pr\u00e9sent\u00e9 d\u00e8s 16h30 (lundi), juste apr\u00e8s avoir quitt\u00e9 son domicile parisien\u2009\u00bb, pr\u00e9cise encore la procureure.<\/p>\n<p>Votre r\u00e9gion, votre actu !<\/p>\n<p>Recevez chaque jour les infos qui comptent pour vous.<\/p>\n<p>\t<a href=\"https:\/\/actu.fr\/newsletter\" class=\"ac-btn ac-btn--corner ac-btn--medium ac-btn--blue800\" target=\"_blank\" rel=\"noopener\">S&rsquo;incrire<\/a><\/p>\n<p class=\" wall-content\">Le gouvernement sud-africain a fait part dans un communiqu\u00e9 de sa \u00ab\u2009profonde tristesse\u2009\u00bb, parlant d\u2019une \u00ab\u2009disparition pr\u00e9matur\u00e9e\u2009\u00bb qui \u00ab\u2009n\u2019est pas seulement une perte nationale mais est \u00e9galement ressentie au sein de la communaut\u00e9 diplomatique internationale\u2009\u00bb.<\/p>\n<p class=\" wall-content\">M. Mthethwa a \u00e9t\u00e9<strong> ministre des Arts et de la Culture<\/strong> de la R\u00e9publique d\u2019Afrique du Sud de 2014 \u00e0 2019, puis <strong>ministre des Sports, des Arts et de la Culture<\/strong> jusqu\u2019en 2023, selon le site de son ambassade.<\/p>\n<p class=\" wall-content\">En juillet\u00a02019, il avait prononc\u00e9 un discours lors d\u2019une c\u00e9r\u00e9monie d\u2019hommage apr\u00e8s la <a href=\"https:\/\/actu.fr\/loisirs-culture\/le-musicien-sud-africain-johnny-clegg-est-decede_25949033.html\" target=\"_blank\" rel=\"noopener\">disparition du chanteur Johnny Clegg<\/a>, dit le \u00ab\u2009Zoulou blanc\u2009\u00bb, une des grandes voix de la lutte contre l\u2019apartheid\u2009: \u00ab\u2009Par sa musique, il nous a inspir\u00e9 courage alors que nous luttions pour sortir d\u2019une longue nuit de d\u00e9sespoir\u2009\u00bb.<\/p>\n<p class=\" wall-content\">Entre\u00a02007 et\u00a02022, il a \u00e9t\u00e9 un<strong> haut responsable du Congr\u00e8s national africain (ANC)<\/strong>, parti au pouvoir depuis les premi\u00e8res \u00e9lections d\u00e9mocratiques en 1994. Il avait \u0153uvr\u00e9 dans la clandestinit\u00e9 au sein de l\u2019aile militaire de l\u2019ANC durant l\u2019apartheid et avait notamment \u00e9t\u00e9 arr\u00eat\u00e9 pendant l\u2019\u00e9tat d\u2019urgence en 1989 (fin de l\u2019apartheid en 1991).<\/p>\n<p class=\" wall-content\">Personnalisez votre actualit\u00e9 en ajoutant vos villes et m\u00e9dias en favori avec <a href=\"https:\/\/moncompte.actu.fr\" title=\"D\u00e9couvez Mon Actu\" rel=\"nofollow noopener\" data-trk=\"{&quot;cta&quot;:{&quot;action&quot;:&quot;https:\\\/\\\/moncompte.actu.fr&quot;,&quot;category&quot;:&quot;mon compte&quot;,&quot;from&quot;:&quot;article footer&quot;,&quot;name&quot;:&quot;Mon actu&quot;,&quot;type&quot;:&quot;cta&quot;}}\" target=\"_blank\">Mon Actu<\/a>.<\/p>\n","protected":false},"excerpt":{"rendered":"Par R\u00e9daction Paris Publi\u00e9 le 30 sept. 2025 \u00e0 19h53 L\u2019ambassadeur d\u2019Afrique du Sud en France, Nathi Mthethwa,&hellip;\n","protected":false},"author":2,"featured_media":429833,"comment_status":"","ping_status":"","sticky":false,"template":"","format":"standard","meta":{"footnotes":""},"categories":[1888],"tags":[11,1777,674,118,1011,27,1391,12,626,25],"class_list":{"0":"post-429832","1":"post","2":"type-post","3":"status-publish","4":"format-standard","5":"has-post-thumbnail","7":"category-paris","8":"tag-actualites","9":"tag-eu","10":"tag-europe","11":"tag-faits-divers","12":"tag-fr","13":"tag-france","14":"tag-necrologie","15":"tag-news","16":"tag-paris","17":"tag-republique-francaise"},"share_on_mastodon":{"url":"https:\/\/pubeurope.com\/@fr\/115296027596217540","error":""},"_links":{"self":[{"href":"https:\/\/www.europesays.com\/fr\/wp-json\/wp\/v2\/posts\/429832","targetHints":{"allow":["GET"]}}],"collection":[{"href":"https:\/\/www.europesays.com\/fr\/wp-json\/wp\/v2\/posts"}],"about":[{"href":"https:\/\/www.europesays.com\/fr\/wp-json\/wp\/v2\/types\/post"}],"author":[{"embeddable":true,"href":"https:\/\/www.europesays.com\/fr\/wp-json\/wp\/v2\/users\/2"}],"replies":[{"embeddable":true,"href":"https:\/\/www.europesays.com\/fr\/wp-json\/wp\/v2\/comments?post=429832"}],"version-history":[{"count":0,"href":"https:\/\/www.europesays.com\/fr\/wp-json\/wp\/v2\/posts\/429832\/revisions"}],"wp:featuredmedia":[{"embeddable":true,"href":"https:\/\/www.europesays.com\/fr\/wp-json\/wp\/v2\/media\/429833"}],"wp:attachment":[{"href":"https:\/\/www.europesays.com\/fr\/wp-json\/wp\/v2\/media?parent=429832"}],"wp:term":[{"taxonomy":"category","embeddable":true,"href":"https:\/\/www.europesays.com\/fr\/wp-json\/wp\/v2\/categories?post=429832"},{"taxonomy":"post_tag","embeddable":true,"href":"https:\/\/www.europesays.com\/fr\/wp-json\/wp\/v2\/tags?post=429832"}],"curies":[{"name":"wp","href":"https:\/\/api.w.org\/{rel}","templated":true}]}}