{"id":429836,"date":"2025-10-01T00:16:27","date_gmt":"2025-10-01T00:16:27","guid":{"rendered":"https:\/\/www.europesays.com\/fr\/429836\/"},"modified":"2025-10-01T00:16:27","modified_gmt":"2025-10-01T00:16:27","slug":"pourquoi-volodymyr-zelensky-sinquiete-pour-la-centrale-nucleaire-de-zaporijjia","status":"publish","type":"post","link":"https:\/\/www.europesays.com\/fr\/429836\/","title":{"rendered":"Pourquoi Volodymyr Zelensky s\u2019inqui\u00e8te pour la centrale nucl\u00e9aire de Zaporijjia"},"content":{"rendered":"<p>        <img decoding=\"async\" loading=\"lazy\" src=\"https:\/\/www.europesays.com\/fr\/wp-content\/uploads\/2025\/10\/2b6d9f6_upload-1-af49jpjwj3zf-afp-20250927-76y97t3-v1-midres-ukrainerussiaconflictwar.jpg\"  width=\"728\" height=\"410\" alt=\"Volodymyr Zelensky juge la situation \u00ab\u00a0critique\u00a0\u00bb alors que la centrale nucl\u00e9aire de Zaporijjia est d\u00e9connect\u00e9e depuis une semaine, lors d\u2019un discours ce mardi 30\u00a0septembre.\"\/>  <\/p>\n<p>TETIANA DZHAFAROVA \/ AFP<\/p>\n<p>Volodymyr Zelensky juge la situation \u00ab\u00a0critique\u00a0\u00bb alors que la centrale nucl\u00e9aire de Zaporijjia est d\u00e9connect\u00e9e depuis une semaine, lors d\u2019un discours ce mardi 30\u00a0septembre.<\/p>\n<p class=\"asset asset-text\">GUERRE EN UKRAINE &#8211;  Il juge la situation \u00ab\u00a0critique\u00a0\u00bb et potentiellement dangereuse. Le pr\u00e9sident ukrainien<a href=\"https:\/\/www.huffingtonpost.fr\/international\/article\/guerre-en-ukraine-zelensky-expose-comment-il-envisage-son-avenir-politique-en-cas-de-paix_255264.html\" target=\"_blank\" rel=\"noopener\"> Volodymyr Zelensky <\/a>a indiqu\u00e9 ce mardi 30\u00a0septembre que la<a href=\"https:\/\/www.huffingtonpost.fr\/international\/article\/guerre-en-ukraine-incendie-en-cours-dans-la-centrale-nucleaire-de-zaporijjia-kiev-et-moscou-s-accusent_238277.html\" target=\"_blank\" rel=\"noopener\"> centrale nucl\u00e9aire de Zaporijjia<\/a>, occup\u00e9e par les forces russes, \u00e9tait d\u00e9sormais d\u00e9connect\u00e9e du r\u00e9seau \u00e9lectrique ukrainien depuis sept jours cons\u00e9cutifs.<\/p>\n<p class=\"asset asset-text\">\u00ab En raison des attaques russes, la centrale a \u00e9t\u00e9 coup\u00e9e de son alimentation \u00e9lectrique et du r\u00e9seau. Elle est aliment\u00e9e en \u00e9lectricit\u00e9 par des g\u00e9n\u00e9rateurs diesel\u00a0\u00bb, a expliqu\u00e9 Volodymur Zelensky, dans son discours quotidien. \u00ab\u00a0Ce sont les Russes qui emp\u00eachent la r\u00e9paration des lignes \u00e9lectriques menant \u00e0 la centrale et la restauration de la s\u00e9curit\u00e9 de base par leurs frappes. Et c\u2019est une menace pour absolument tout le monde\u00a0\u00bb, a-t-il ajout\u00e9.<\/p>\n<p class=\"asset asset-text\">Il s\u2019agit de la plus longue coupure d\u2019\u00e9lectricit\u00e9 \u00e0 Zaporijjia depuis que la Russie a pris le contr\u00f4le de la centrale nucl\u00e9aire, la plus grande d\u2019Europe, en 2022. Les six r\u00e9acteurs, qui produisaient avant la guerre environ un cinqui\u00e8me de l\u2019\u00e9lectricit\u00e9 ukrainienne, ont \u00e9t\u00e9 arr\u00eat\u00e9s apr\u00e8s la prise de contr\u00f4le. Mais la centrale a besoin d\u2019\u00e9lectricit\u00e9 pour maintenir ses syst\u00e8mes de refroidissement et de s\u00e9curit\u00e9, qui emp\u00eachent la fusion des r\u00e9acteurs et donc un grave accident nucl\u00e9aire.<\/p>\n<p>    \u00ab\u00a0Voler\u00a0\u00bb la centrale    <\/p>\n<p class=\"asset asset-text\">Samedi, Kiev avait d\u00e9j\u00e0 accus\u00e9 Moscou d\u2019avoir coup\u00e9 la centrale nucl\u00e9aire du r\u00e9seau \u00e9lectrique ukrainien depuis mardi 23\u00a0septembre pour la \u00ab\u00a0voler\u00a0\u00bb en la rattachant au r\u00e9seau sous contr\u00f4le russe, en d\u00e9pit de risques pour de s\u00e9curit\u00e9.<\/p>\n<p class=\"asset asset-text\">\u00ab\u00a0Nous exhortons toutes les nations pr\u00e9occup\u00e9es par la s\u00fbret\u00e9 et la s\u00e9curit\u00e9 nucl\u00e9aires \u00e0 faire clairement comprendre \u00e0 Moscou que son pari nucl\u00e9aire doit cesser\u00a0\u00bb, avait d\u00e9clar\u00e9 le chef de la diplomatie ukrainienne, Andri\u00ef Sybiga, dans un message sur son compte X.<\/p>\n<p class=\"asset asset-text\">Samedi, l\u2019op\u00e9rateur de la centrale contr\u00f4l\u00e9 par le groupe russe Rosatom a confirm\u00e9 sur Telegram que la centrale \u00e9tait priv\u00e9e d\u2019alimentation \u00e9lectrique externe depuis mardi et que les g\u00e9n\u00e9rateurs diesel de secours assuraient actuellement ses besoins. Selon cette source, il y aurait suffisamment de r\u00e9serves de carburant pour \u00ab\u00a0un fonctionnement prolong\u00e9\u00a0\u00bb en autonomie et le refroidissement des r\u00e9acteurs serait accompli \u00ab\u00a0enti\u00e8rement\u00a0\u00bb. Mais le ministre ukrainien Andri\u00ef Sybiga a accus\u00e9 les op\u00e9rateurs russes \u00ab\u00a0d\u2019ignorer toute consid\u00e9ration de s\u00e9curit\u00e9 nucl\u00e9aire\u00a0\u00bb pour \u00ab\u00a0faire plaisir \u00e0 leurs patrons \u00e0 Moscou\u00a0\u00bb.<\/p>\n<p class=\"asset asset-text\">Selon lui, \u00ab\u00a0la Russie a construit 200 kilom\u00e8tres de lignes \u00e9lectriques en pr\u00e9paration d\u2019une tentative de voler la centrale, de la relier au r\u00e9seau (sous contr\u00f4le russe, NDLR) et de la relancer\u00a0\u00bb. Il a accus\u00e9 Moscou \u00ab\u00a0d\u2019actions irresponsables\u00a0\u00bb ayant caus\u00e9 \u00ab\u00a0beaucoup trop de risques\u00a0\u00bb nucl\u00e9aires depuis le d\u00e9but de la guerre en 2022.<\/p>\n<p>                     Attaques contre des installations \u00e9nerg\u00e9tiques    <\/p>\n<p class=\"asset asset-text\">L\u2019Ukraine a dit avoir \u00e9t\u00e9 la cible dans la nuit de lundi \u00e0 mardi de 65 attaques de drones, la plupart d\u2019entre eux ayant \u00e9t\u00e9 abattus par la d\u00e9fense a\u00e9rienne. Certains engins ont touch\u00e9 des infrastructures \u00e9nerg\u00e9tiques dans la r\u00e9gion de Tcherniguiv (nord), privant d\u2019\u00e9lectricit\u00e9 plus de 26\u00a0000 foyers, selon le chef de l\u2019administration militaire de la zone.<\/p>\n<p class=\"asset asset-text\">Dans la nuit de samedi \u00e0 dimanche, une vaste attaque de centaines de drones et missiles russes contre l\u2019Ukraine a fait au moins quatre morts \u00e0 Kiev, parmi lesquels une fillette de 12 ans, et des dizaines de bless\u00e9s \u00e0 travers le pays. Volodymyr Zelensky affirm\u00e9 que des infrastructures \u00e9nerg\u00e9tiques avaient aussi \u00e9t\u00e9 frapp\u00e9es, accusant Moscou de vouloir \u00e0 nouveau causer des coupures d\u2019\u00e9lectricit\u00e9 massives dans son pays.<\/p>\n<p class=\"asset asset-text\">La Russie a lanc\u00e9 une offensive dans la r\u00e9gion de Soumy apr\u00e8s avoir fini en avril de repousser les forces ukrainiennes de la r\u00e9gion russe de Koursk, dont elles occupaient une petite partie depuis l\u2019\u00e9t\u00e9 2024. L\u2019essentiel des combats se d\u00e9roule cependant dans l\u2019est du pays, o\u00f9 l\u2019arm\u00e9e russe a acc\u00e9l\u00e9r\u00e9 sa progression ces derniers mois face \u00e0 un adversaire moins nombreux et moins bien \u00e9quip\u00e9. Les efforts diplomatiques pour mettre fin aux combats sont pour l\u2019heure au point mort.<\/p>\n","protected":false},"excerpt":{"rendered":"TETIANA DZHAFAROVA \/ AFP Volodymyr Zelensky juge la situation \u00ab\u00a0critique\u00a0\u00bb alors que la centrale nucl\u00e9aire de Zaporijjia est&hellip;\n","protected":false},"author":2,"featured_media":429837,"comment_status":"","ping_status":"","sticky":false,"template":"","format":"standard","meta":{"footnotes":""},"categories":[1590],"tags":[11,26627,1777,674,131,14,12,132,220,134],"class_list":{"0":"post-429836","1":"post","2":"type-post","3":"status-publish","4":"format-standard","5":"has-post-thumbnail","7":"category-ukraine","8":"tag-actualites","9":"tag-centrale-nucleaire","10":"tag-eu","11":"tag-europe","12":"tag-guerre-en-ukraine","13":"tag-international","14":"tag-news","15":"tag-russie","16":"tag-ukraine","17":"tag-volodymyr-zelensky"},"share_on_mastodon":{"url":"https:\/\/pubeurope.com\/@fr\/115296035696355638","error":""},"_links":{"self":[{"href":"https:\/\/www.europesays.com\/fr\/wp-json\/wp\/v2\/posts\/429836","targetHints":{"allow":["GET"]}}],"collection":[{"href":"https:\/\/www.europesays.com\/fr\/wp-json\/wp\/v2\/posts"}],"about":[{"href":"https:\/\/www.europesays.com\/fr\/wp-json\/wp\/v2\/types\/post"}],"author":[{"embeddable":true,"href":"https:\/\/www.europesays.com\/fr\/wp-json\/wp\/v2\/users\/2"}],"replies":[{"embeddable":true,"href":"https:\/\/www.europesays.com\/fr\/wp-json\/wp\/v2\/comments?post=429836"}],"version-history":[{"count":0,"href":"https:\/\/www.europesays.com\/fr\/wp-json\/wp\/v2\/posts\/429836\/revisions"}],"wp:featuredmedia":[{"embeddable":true,"href":"https:\/\/www.europesays.com\/fr\/wp-json\/wp\/v2\/media\/429837"}],"wp:attachment":[{"href":"https:\/\/www.europesays.com\/fr\/wp-json\/wp\/v2\/media?parent=429836"}],"wp:term":[{"taxonomy":"category","embeddable":true,"href":"https:\/\/www.europesays.com\/fr\/wp-json\/wp\/v2\/categories?post=429836"},{"taxonomy":"post_tag","embeddable":true,"href":"https:\/\/www.europesays.com\/fr\/wp-json\/wp\/v2\/tags?post=429836"}],"curies":[{"name":"wp","href":"https:\/\/api.w.org\/{rel}","templated":true}]}}