{"id":429857,"date":"2025-10-01T00:31:33","date_gmt":"2025-10-01T00:31:33","guid":{"rendered":"https:\/\/www.europesays.com\/fr\/429857\/"},"modified":"2025-10-01T00:31:33","modified_gmt":"2025-10-01T00:31:33","slug":"le-film-un-simple-accident-le-livre-sur-les-ecrins-legendaires-de-la-f1-la-selection-culturelle-de-la-semaine","status":"publish","type":"post","link":"https:\/\/www.europesays.com\/fr\/429857\/","title":{"rendered":"Le film \u00abUn simple accident\u00bb, le livre sur les \u00e9crins l\u00e9gendaires de la F1&#8230; La s\u00e9lection culturelle de la semaine"},"content":{"rendered":"<p>Thriller psychologique, fable morale, charge contre le r\u00e9gime iranien\u00a0: la Palme d\u2019or du dernier <a href=\"https:\/\/www.lejdd.fr\/festival-de-cannes\" target=\"_blank\" rel=\"noopener\">Festival de Cannes<\/a> est tout cela \u00e0 la fois. L\u2019histoire d\u2019un employ\u00e9 croyant reconna\u00eetre en un p\u00e8re de famille son ancien bourreau. Le van dans lequel ce dernier est retenu, bient\u00f4t occup\u00e9 par d\u2019autres victimes, se mue en micro-soci\u00e9t\u00e9, ainsi qu\u2019en petit th\u00e9\u00e2tre de l\u2019absurde o\u00f9, entre noirceur et burlesque, se d\u00e9ploie un r\u00e9cit tourn\u00e9 clandestinement mais ultra-ma\u00eetris\u00e9. <strong>Baptiste Thion<\/strong><\/p>\n<p><strong>De Jafar Panahi, avec Vahid Mobasseri, Maryam Afshari. 1\u00a0h\u00a042.<\/strong><\/p>\n<p><strong>Sacr\u00e9-C\u0153ur<\/strong><\/p>\n<p>En d\u00e9cembre 2023, l\u2019<a href=\"https:\/\/www.lejdd.fr\/Societe\/eglise-catholique-90-nouveaux-pretres-en-2025-un-signe-desperance-malgre-la-crise-159650\" target=\"_blank\" rel=\"noopener\">\u00c9glise catholique<\/a> a c\u00e9l\u00e9br\u00e9 l\u2019ouverture du jubil\u00e9 des 350\u00a0ans des premi\u00e8res apparitions du Sacr\u00e9-C\u0153ur de J\u00e9sus \u00e0 Marguerite-Marie Alacoque. Il s\u2019est cl\u00f4tur\u00e9 en juin 2025, soit 18\u00a0mois plus tard, date anniversaire de la derni\u00e8re de l\u2019apparition de 1675. Tout en m\u00e9langeant reconstitution historique de la vie de la sainte, t\u00e9moignages de catholiques ayant exp\u00e9riment\u00e9 \u00ab\u00a0l\u2019Amour br\u00fblant du Divin-C\u0153ur de J\u00e9sus\u00a0\u00bb et explications de th\u00e9ologiens et d\u2019eccl\u00e9siastiques, ce documentaire interroge sur ce que cette d\u00e9votion populaire peut apporter dans nos soci\u00e9t\u00e9s actuelles. <strong>Barbara Th\u00e9ate<\/strong><\/p>\n<p>    La suite apr\u00e8s cette publicit\u00e9<\/p>\n<p>    <img decoding=\"async\" src=\"https:\/\/www.europesays.com\/fr\/wp-content\/uploads\/2025\/10\/sacrecoeur00950210-1.jpg\" alt=\"En salles le 1er octobre, le documentaire \u00ab Sacr\u00e9 C\u0153ur \u00bb nous plonge dans les myst\u00e8res du Sacr\u00e9 C\u0153ur de J\u00e9sus.\" loading=\"lazy\"\/><\/p>\n<p>\n      En salles le 1er octobre, le documentaire \u00ab Sacr\u00e9 C\u0153ur \u00bb nous plonge dans les myst\u00e8res du Sacr\u00e9 C\u0153ur de J\u00e9sus.<\/p>\n<p>                                \u00a9 DR<\/p>\n<p><strong>Sabrina et Steven J. Gunnell. 1\u00a0h\u00a035.<\/strong><\/p>\n<p>\u00c0 \u00e9couter<\/p>\n<p><strong>Le nom des gens<\/strong><\/p>\n<p>Beubeu, alias Beno\u00eet Crabos, est comme \u00e7a, il aime les pr\u00e9noms. Depuis quelques mois, il nous surprend r\u00e9guli\u00e8rement en ajoutant des pr\u00e9noms \u00e0 la liste de ceux sur lesquels il a d\u00e9j\u00e0 fait des pr\u00e9noms. Derni\u00e8rement, c\u2019est \u00c9milie et ses harmonies \u00e9crites la nuit qui ont succ\u00e9d\u00e9 aux doubles vies de Domi, \u00e0 la qu\u00eate de bonheur d\u2019Ines Happiness, au monde de Sabrina. Derri\u00e8re ce projet amusant et ces dr\u00f4les de chansons, des m\u00e9lodies efficaces, une \u00e9criture plus fine qu\u2019il n\u2019y para\u00eet et des arrangements qui respirent la libert\u00e9 retrouv\u00e9e, n\u00e9e de la contrainte initiale. <strong>Georges Grange<\/strong><\/p>\n<p>    <img decoding=\"async\" src=\"https:\/\/www.europesays.com\/fr\/wp-content\/uploads\/2025\/10\/beubeu-l-emilie.jpg\" alt=\"L'artiste Beubeu d\u00e9voile son nouvel album.\" loading=\"lazy\"\/><\/p>\n<p>\n      L&rsquo;artiste Beubeu d\u00e9voile son nouvel album.<\/p>\n<p>                                \u00a9 DR<\/p>\n<p><strong>L\u2019\u00c9milie, Beubeu, Comptoir des m\u00e9lodies.<\/strong><\/p>\n<p>\u00c0 lire<\/p>\n<p><strong>Les gendarmes font peau neuve<\/strong><\/p>\n<p>Pour son 273e\u00a0num\u00e9ro, la revue de la Gendarmerie nationale s\u2019offre une nouvelle maquette et gagne un titre\u00a0: Empreintes. Pour ce nouveau num\u00e9ro historique, la publication de haute vol\u00e9e des hommes en bleu pare son sommaire de noms prestigieux aux analyses toujours tr\u00e8s fines\u00a0: de l\u2019ancien CEMA <a href=\"https:\/\/www.lejdd.fr\/International\/la-russie-a-designe-la-france-comme-son-premier-adversaire-en-europe-alerte-le-general-burkhard-160063\" target=\"_blank\" rel=\"noopener\">Thierry Burkhard<\/a> au prix Goncourt Jonathan Littell, de <a href=\"https:\/\/www.lejdd.fr\/Bernard-Cazeneuve\" target=\"_blank\" rel=\"noopener\">Bernard Cazeneuve<\/a> \u00e0 Olivier Roy, cette nouvelle mouture fait la part belle aux points de vue g\u00e9opolitiques sur la r\u00e9alit\u00e9 de la gendarmerie, sans oublier les apports de l\u2019actualit\u00e9 scientifique sur la r\u00e9alit\u00e9 des enqu\u00eates. Toujours passionnant\u00a0! <strong>G. G.<\/strong><\/p>\n<p><strong>\u00ab Empreintes : Trente ans de chocs g\u00e9opolitiques \u00bb, Revue de la Gendarmerie nationale, n\u00b0273.\u00a0<\/strong><\/p>\n<p><strong>Les \u00e9crins l\u00e9gendaires de la F1<\/strong><\/p>\n<p>Indianapolis, <a href=\"https:\/\/www.lejdd.fr\/sport\/thiago-scuro-monaco-doit-viser-le-top-8-en-europe-161916\" target=\"_blank\" rel=\"noopener\">Monaco<\/a>, Le\u00a0Castellet, Rouen-les-Essarts, Silverstone, Long Beach, Imola\u2026 L\u2019album recense les grands circuits de Formule\u00a01 qui ont marqu\u00e9 l\u2019histoire du championnat du monde des monoplaces commenc\u00e9 le 13\u00a0mai 1950, \u00e0 Silverstone, pour les pilotes, et en 1958 pour les constructeurs. Certains ont disparu du calendrier mais tous ont une place mythique parce qu\u2019ils racontent l\u2019\u00e9volution du sport m\u00e9canique. Les circuits sont des \u00e9crins et les voitures des bijoux devenues trop \u00e9lectroniques. L\u2019iconographie du bel ouvrage, qui entretient \u00e0 la fois la m\u00e9moire et la nostalgie, offre un voyage \u00e0 travers le temps \u00e0 fond la caisse. Du d\u00e9cryptage contr\u00f4l\u00e9\u00a0! <strong>Bernard Morlino<\/strong><\/p>\n<p>    <img decoding=\"async\" src=\"https:\/\/www.europesays.com\/fr\/wp-content\/uploads\/2025\/10\/1163726-001-c.jpg\" alt=\"Le circuit Paul Ricard, au Castellet, a accueilli pendant plusieurs ann\u00e9es le Grand Prix de France de Formule 1.\" loading=\"lazy\"\/><\/p>\n<p>\n      Le circuit Paul Ricard, au Castellet, a accueilli pendant plusieurs ann\u00e9es le Grand Prix de France de Formule 1.<\/p>\n<p>                                \u00a9 DR<\/p>\n<p><strong>Formule\u00a01. Les circuits mythiques, Frank Hopkinson. Larousse, 240\u00a0pages, 29,99\u00a0euros.<\/strong><\/p>\n<p>Le mot rare<\/p>\n<p><strong>Psittacin\u00a0: qui r\u00e9p\u00e8te machinalement<\/strong><\/p>\n<p>Les psittacismes des psittacins sont profus, n\u2019est-ce pas\u00a0? Il s\u2019agit de r\u00e9p\u00e9ter un mot, une notion, une formule, un slogan, comme un perroquet (puisque c\u2019est ce tr\u00e8s bel quoique bavard animal qui a donn\u00e9 sa racine au mot). On pourrait croire la manie peu courante mais, s\u2019il s\u2019agit de reprendre sottement une id\u00e9e sans y avoir d\u00fbment r\u00e9fl\u00e9chi, on se rend compte combien cela peut \u00eatre courant, du pav\u00e9 d\u2019une manifestation aux sommets internationaux.<\/p>\n","protected":false},"excerpt":{"rendered":"Thriller psychologique, fable morale, charge contre le r\u00e9gime iranien\u00a0: la Palme d\u2019or du dernier Festival de Cannes est&hellip;\n","protected":false},"author":2,"featured_media":429858,"comment_status":"","ping_status":"","sticky":false,"template":"","format":"standard","meta":{"footnotes":""},"categories":[1412],"tags":[1451,1452,1453,1454,1455,1011,27,60],"class_list":{"0":"post-429857","1":"post","2":"type-post","3":"status-publish","4":"format-standard","5":"has-post-thumbnail","7":"category-f1","8":"tag-f1","9":"tag-formula-1","10":"tag-formula1","11":"tag-formule-1","12":"tag-formule1","13":"tag-fr","14":"tag-france","15":"tag-sports"},"share_on_mastodon":{"url":"https:\/\/pubeurope.com\/@fr\/115296094970282521","error":""},"_links":{"self":[{"href":"https:\/\/www.europesays.com\/fr\/wp-json\/wp\/v2\/posts\/429857","targetHints":{"allow":["GET"]}}],"collection":[{"href":"https:\/\/www.europesays.com\/fr\/wp-json\/wp\/v2\/posts"}],"about":[{"href":"https:\/\/www.europesays.com\/fr\/wp-json\/wp\/v2\/types\/post"}],"author":[{"embeddable":true,"href":"https:\/\/www.europesays.com\/fr\/wp-json\/wp\/v2\/users\/2"}],"replies":[{"embeddable":true,"href":"https:\/\/www.europesays.com\/fr\/wp-json\/wp\/v2\/comments?post=429857"}],"version-history":[{"count":0,"href":"https:\/\/www.europesays.com\/fr\/wp-json\/wp\/v2\/posts\/429857\/revisions"}],"wp:featuredmedia":[{"embeddable":true,"href":"https:\/\/www.europesays.com\/fr\/wp-json\/wp\/v2\/media\/429858"}],"wp:attachment":[{"href":"https:\/\/www.europesays.com\/fr\/wp-json\/wp\/v2\/media?parent=429857"}],"wp:term":[{"taxonomy":"category","embeddable":true,"href":"https:\/\/www.europesays.com\/fr\/wp-json\/wp\/v2\/categories?post=429857"},{"taxonomy":"post_tag","embeddable":true,"href":"https:\/\/www.europesays.com\/fr\/wp-json\/wp\/v2\/tags?post=429857"}],"curies":[{"name":"wp","href":"https:\/\/api.w.org\/{rel}","templated":true}]}}