{"id":429866,"date":"2025-10-01T00:36:20","date_gmt":"2025-10-01T00:36:20","guid":{"rendered":"https:\/\/www.europesays.com\/fr\/429866\/"},"modified":"2025-10-01T00:36:20","modified_gmt":"2025-10-01T00:36:20","slug":"le-prix-malesherbes-2025-est-decerne-a-myriam-watthee-delmotte-pour-indemne-ou-va-moby-dick","status":"publish","type":"post","link":"https:\/\/www.europesays.com\/fr\/429866\/","title":{"rendered":"Le prix Malesherbes 2025 est d\u00e9cern\u00e9 \u00e0 Myriam Watthee-Delmotte pour Indemne. O\u00f9 va Moby-Dick ?"},"content":{"rendered":"<p>Initi\u00e9 par l\u2019Atelier-Mus\u00e9e de l\u2019Imprimerie en 2021, le Prix Malesherbes, le Libraire du roi couronne, lors des journ\u00e9es europ\u00e9ennes du patrimoine, un livre sur les livres\u00a0: un roman, un essai, un r\u00e9cit, une nouvelle\u2026 qui parle des livres, publi\u00e9 en langue fran\u00e7aise dans l\u2019ann\u00e9e \u00e9coul\u00e9e. Un livre qui dit la volupt\u00e9 de lire et \u00e9crire, qui illustre le pouvoir de la litt\u00e9rature et\/ou de l\u2019\u00e9criture.<\/p>\n<p>Le jury est constitu\u00e9 de libraires, m\u00e9diath\u00e9caires, professeurs et lecteurs\/lectrices.<\/p>\n<p>Les finalistes de l&rsquo;\u00e9dition 2025 \u00e9taient:<\/p>\n<p>\u00b7 Marie NDiaye pour Le Bon Denis (Mercure de France)<\/p>\n<p>\u00b7 Catherine Cusset pour Ma Vie avec Marcel Proust (Gallimard)<\/p>\n<p>\u00b7 Philippe Desan pour Montaigne-La Bo\u00e9tie, une t\u00e9n\u00e9breuse affaire (Odile Jacob)\u00a0<\/p>\n<p>\u00b7 Myriam Watthee-Delmotte pour Indemne. O\u00f9 va Moby-Dick\u00a0? \u00a0(Actes Sud)<\/p>\n<p>\u2014<\/p>\n<p>Le Prix a \u00e9t\u00e9 remis \u00e0 l\u2019Atelier-Mus\u00e9e de l\u2019Imprimerie dans la ville de Malesherbes (Loiret) le dimanche 21 septembre 2025 \u00e0<\/p>\n<p><strong>Myriam Watthee-Delmotte, dont\u00a0<a href=\"https:\/\/www.fabula.org\/actualites\/128537\/myriam-watthee-delmotte-indemne-ou-va-moby-dick.html\" rel=\"nofollow noopener\" target=\"_blank\">Indemne. O\u00f9 va Moby-Dick\u00a0?<\/a> est un premier roman apr\u00e8s toute une vie consacr\u00e9e \u00e0 la recherche scientifique<\/strong>.\u00a0<\/p>\n<p>L\u2019intrigue suit le chef d\u2019\u0153uvre de Herman Melville de sa parution en 1851 \u00e0 nos jours, de New York \u00e0 la Belgique en passant par la France et Saint-Petersbourg. Le r\u00e9cit est, comme chez Melville, racont\u00e9 par Ishma\u00ebl, le seul rescap\u00e9 du naufrage\u00a0: il \u00a0suit les p\u00e9r\u00e9grinations du livre qui passe de mains en mains, est vendu, offert, perdu, trouv\u00e9, vol\u00e9, pr\u00eat\u00e9, enseign\u00e9, traduit, illustr\u00e9, oubli\u00e9 ou mis au rebut\u00a0; parfois aussi, il sert de talisman ou de reliquaire. Il traverse les \u00e9poques et les vicissitudes du monde en observateur. Il c\u00f4toie aussi d\u2019autres livres sur les rayonnages avec lesquels il entre en dialogue. Une occasion d\u2019\u00e9voquer les avatars d\u2019un objet-livre, qui court de multiples dangers\u00a0: l\u2019eau, le feu, la poussi\u00e8re, les bombes en temps de guerre, les crocs des animaux sont effroyables pour lui. Et de montrer qu\u2019un m\u00eame r\u00e9cit peut \u00eatre interpr\u00e9t\u00e9 de multiples mani\u00e8res, qu\u2019il peut donner des impulsions d\u2019actions, permettre d\u2019aborder de biais les sujets qui font mal dans le v\u00e9cu, servir de tremplin \u00e0 la d\u00e9couverte du monde et de soi, encourager au questionnement et \u00e0 l\u2019accomplissement plus lucide de soi. Un livre qui permet aussi d\u2019aborder l\u2019importance de la litt\u00e9rature en tant que t\u00e9moin du monde\u2026 par le r\u00e9cit litt\u00e9raire lui-m\u00eame et non par la th\u00e9orie.<\/p>\n","protected":false},"excerpt":{"rendered":"Initi\u00e9 par l\u2019Atelier-Mus\u00e9e de l\u2019Imprimerie en 2021, le Prix Malesherbes, le Libraire du roi couronne, lors des journ\u00e9es&hellip;\n","protected":false},"author":2,"featured_media":429867,"comment_status":"","ping_status":"","sticky":false,"template":"","format":"standard","meta":{"footnotes":""},"categories":[1357],"tags":[1379,58,59,1011,27,1380],"class_list":{"0":"post-429866","1":"post","2":"type-post","3":"status-publish","4":"format-standard","5":"has-post-thumbnail","7":"category-livres","8":"tag-books","9":"tag-divertissement","10":"tag-entertainment","11":"tag-fr","12":"tag-france","13":"tag-livres"},"share_on_mastodon":{"url":"https:\/\/pubeurope.com\/@fr\/115296114104951996","error":""},"_links":{"self":[{"href":"https:\/\/www.europesays.com\/fr\/wp-json\/wp\/v2\/posts\/429866","targetHints":{"allow":["GET"]}}],"collection":[{"href":"https:\/\/www.europesays.com\/fr\/wp-json\/wp\/v2\/posts"}],"about":[{"href":"https:\/\/www.europesays.com\/fr\/wp-json\/wp\/v2\/types\/post"}],"author":[{"embeddable":true,"href":"https:\/\/www.europesays.com\/fr\/wp-json\/wp\/v2\/users\/2"}],"replies":[{"embeddable":true,"href":"https:\/\/www.europesays.com\/fr\/wp-json\/wp\/v2\/comments?post=429866"}],"version-history":[{"count":0,"href":"https:\/\/www.europesays.com\/fr\/wp-json\/wp\/v2\/posts\/429866\/revisions"}],"wp:featuredmedia":[{"embeddable":true,"href":"https:\/\/www.europesays.com\/fr\/wp-json\/wp\/v2\/media\/429867"}],"wp:attachment":[{"href":"https:\/\/www.europesays.com\/fr\/wp-json\/wp\/v2\/media?parent=429866"}],"wp:term":[{"taxonomy":"category","embeddable":true,"href":"https:\/\/www.europesays.com\/fr\/wp-json\/wp\/v2\/categories?post=429866"},{"taxonomy":"post_tag","embeddable":true,"href":"https:\/\/www.europesays.com\/fr\/wp-json\/wp\/v2\/tags?post=429866"}],"curies":[{"name":"wp","href":"https:\/\/api.w.org\/{rel}","templated":true}]}}