{"id":429878,"date":"2025-10-01T00:42:11","date_gmt":"2025-10-01T00:42:11","guid":{"rendered":"https:\/\/www.europesays.com\/fr\/429878\/"},"modified":"2025-10-01T00:42:11","modified_gmt":"2025-10-01T00:42:11","slug":"arthur-revient-sur-la-vague-de-harcelement-quil-subit-depuis-le-7-octobre","status":"publish","type":"post","link":"https:\/\/www.europesays.com\/fr\/429878\/","title":{"rendered":"Arthur revient sur la vague de harc\u00e8lement qu\u2019il subit depuis le 7 octobre"},"content":{"rendered":"<p>    Arthur, invit\u00e9 de \u00abC \u00e0 vous\u00bb<br \/>\n                Capture d&rsquo;\u00e9cran<\/p>\n<p><strong>VID\u00c9O<\/strong> &#8211; L\u2019animateur et producteur t\u00e9l\u00e9 \u00e9tait l\u2019invit\u00e9 d\u2019Anne-\u00c9lisabeth Lemoine \u00e0 l\u2019occasion de la sortie, ce mercredi 1er octobre, de son livre intitul\u00e9 J\u2019ai perdu un B\u00e9douin dans Paris.<\/p>\n<p class=\"fig-paragraph\">\u00abL\u2019une des voix de la communaut\u00e9 juive de France\u00bb, annonce Anne-\u00c9lisabeth Lemoine ce mardi 30 septembre \u00e0 la pr\u00e9sentation de\u00a0<a href=\"https:\/\/www.lefigaro.fr\/tag\/arthur\" target=\"_blank\" rel=\"sponsored noopener nofollow\" data-gtm-custom-categorie=\"navigation\" data-gtm-custom-action=\"crossclick\" data-gtm-custom-label=\"Contextuel\" data-gtm-event=\"customEventSPE\">Jacques Essebag<\/a>, commun\u00e9ment appel\u00e9 Arthur. L\u2019animateur et producteur de t\u00e9l\u00e9vision \u00e9tait l\u2019invit\u00e9 de \u00abC \u00e0 vous\u00bb \u00e0 l\u2019occasion de la sortie, le 1er octobre prochain, de\u00a0<a href=\"http:\/\/tvmag.lefigaro.fr\/programme-tv\/people\/j-ai-perdu-un-bedouin-dans-paris-arthur-annonce-la-sortie-de-son-premier-roman-20250829\" target=\"_blank\" data-fig-type=\"Article\" rel=\"noopener nofollow\" data-gtm-custom-categorie=\"navigation\" data-gtm-custom-action=\"crossclick\" data-gtm-custom-label=\"Contextuel\" data-gtm-event=\"customEventSPE\" data-fig-domain=\"TVMAG\">son livre<\/a>\u00a0J\u2019ai perdu un B\u00e9douin dans Paris aux \u00e9ditions Grasset.<\/p>\n<p class=\"fig-paragraph\">Un ouvrage dans lequel Arthur partage un \u00abcri de col\u00e8re et d\u2019inqui\u00e9tude\u00bb apr\u00e8s les \u00e9v\u00e9nements du 7 octobre 2023. \u00abJe suis pass\u00e9 d\u2019animateur t\u00e9l\u00e9 \u00e0 g\u00e9opolitologue donc c\u2019est compliqu\u00e9 pour moi\u00bb, a d\u00e9plor\u00e9 l\u2019invit\u00e9 alors qu\u2019il \u00e9tait questionn\u00e9 sur l\u2019\u00e9dito de\u00a0<a href=\"https:\/\/www.lefigaro.fr\/tag\/patrick-cohen\" target=\"_blank\" rel=\"sponsored noopener nofollow\" data-gtm-custom-categorie=\"navigation\" data-gtm-custom-action=\"crossclick\" data-gtm-custom-label=\"Contextuel\" data-gtm-event=\"customEventSPE\">Patrick Cohen<\/a>\u00a0portant sur le plan de paix \u00e0 Gaza propos\u00e9 par Donald Trump, avant de rappeler qu\u2019il \u00e9tait avant tout Fran\u00e7ais et non Isra\u00e9lien. \u00abJusque-l\u00e0 on ne s\u2019\u00e9tait jamais adress\u00e9 \u00e0 moi sous le prisme de ma juda\u00eft\u00e9. [&#8230;] Puis \u00e0 des d\u00eeners, \u00e0 des soir\u00e9es, je suis devenu un peu le juif de service \u00e0 devoir justifier ce qu\u2019il se passe en Isra\u00ebl\u00bb, a-t-il regrett\u00e9.<\/p>\n<p class=\"fig-body-link\">\n            \u00c0 lire aussi<br \/>\n        <a class=\"fig-body-link__link\" href=\"http:\/\/tvmag.lefigaro.fr\/programme-tv\/actu-tele\/parfois-de-maniere-partisane-la-pique-d-arthur-sur-france-inter-qui-a-agace-benjamin-duhamel-20250930\" target=\"_blank\" data-fig-type=\"Article\" rel=\"noopener nofollow\" data-gtm-custom-categorie=\"navigation\" data-gtm-custom-action=\"crossclick\" data-gtm-custom-label=\"Contextuel\" data-gtm-event=\"customEventSPE\" data-fig-domain=\"TVMAG\">\u00abParfois de mani\u00e8re partisane\u00bb\u00a0: la pique d\u2019Arthur sur France Inter qui a agac\u00e9 Benjamin Duhamel<br \/>\n    <\/a>\n<\/p>\n<p>                                    <a class=\"fig-a11y-skip a11y-hidden\" href=\"#fig-a11y-skip-main-inarticle\"><br \/>\n        Passer la publicit\u00e9<br \/>\n    <\/a><\/p>\n<p class=\"fig-paragraph\">L\u2019animateur le reconna\u00eet. Depuis les attaques sur la bande de Gaza, sa vie a radicalement chang\u00e9. \u00abJe n\u2019ai jamais expos\u00e9 ma vie priv\u00e9e en plus de trente ans de carri\u00e8re parce que j\u2019estimais que ce n\u2019\u00e9tait pas mon r\u00f4le. Apr\u00e8s le 7 octobre, mon ADN s\u2019est mis \u00e0 bouillir. J\u2019ai \u00e9t\u00e9 tellement choqu\u00e9, traumatis\u00e9 par ce qu\u2019il s\u2019est pass\u00e9 que pour la premi\u00e8re fois j\u2019ai dit ce que j\u2019avais sur le c\u0153ur\u00bb, explique-t-il. Cette prise de parole lui a pourtant valu une vague d\u2019insultes antis\u00e9mites et de menaces, sur les r\u00e9seaux mais pas seulement.<\/p>\n<p class=\"fig-paragraph\">\u00abJe n\u2019avais jamais vu \u00e7a. Je n\u2019ai jamais v\u00e9cu un tsunami mais pour moi la violence des messages a \u00e9t\u00e9 indescriptible. \u00c0 tel point que Meta &#8211; qui s\u2019occupe des comptes Facebook et Instagram &#8211; a ferm\u00e9 mes comptes en me disant qu\u2019on \u00e9tait \u00e0 1000 menaces de mort par minute\u00bb, a confi\u00e9 Arthur avant d\u2019ajouter\u00a0: \u00abJe crois que vous n\u2019imaginez pas ce qu\u2019est un raid num\u00e9rique. Je l\u2019ai v\u00e9cu, dans ma chair et ma vie a donc chang\u00e9 automatiquement. On m\u2019a fait comprendre que ma s\u00e9curit\u00e9 devait \u00eatre renforc\u00e9e. Je vis accompagn\u00e9 24 heures sur 24. C\u2019est-\u00e0-dire que m\u00eame la nuit, pendant que je dors, il y a des gens qui surveillent ma maison.\u00bb Un dispositif que continue d\u2019halluciner l\u2019animateur. Il a d\u2019ailleurs port\u00e9 plainte contre ce flot d\u2019individus, mais d\u00e9plore que dix-huit mois apr\u00e8s aucun d\u2019entre eux n\u2019ait \u00e9t\u00e9 inqui\u00e9t\u00e9. \u00abMais rassurez-vous, personne ne passera \u00e0 l\u2019acte et je vais continuer \u00e0 vous sourire tout au long de cette \u00e9mission\u00bb, a lanc\u00e9 Arthur, tentant de d\u00e9tendre l\u2019atmosph\u00e8re.<\/p>\n","protected":false},"excerpt":{"rendered":"Arthur, invit\u00e9 de \u00abC \u00e0 vous\u00bb Capture d&rsquo;\u00e9cran VID\u00c9O &#8211; L\u2019animateur et producteur t\u00e9l\u00e9 \u00e9tait l\u2019invit\u00e9 d\u2019Anne-\u00c9lisabeth Lemoine&hellip;\n","protected":false},"author":2,"featured_media":429879,"comment_status":"","ping_status":"","sticky":false,"template":"","format":"standard","meta":{"footnotes":""},"categories":[8],"tags":[6155,14684,58,59,1011,27,3668],"class_list":{"0":"post-429878","1":"post","2":"type-post","3":"status-publish","4":"format-standard","5":"has-post-thumbnail","7":"category-divertissement","8":"tag-antisemitisme","9":"tag-arthur","10":"tag-divertissement","11":"tag-entertainment","12":"tag-fr","13":"tag-france","14":"tag-harcelement"},"share_on_mastodon":{"url":"https:\/\/pubeurope.com\/@fr\/115296137852087441","error":""},"_links":{"self":[{"href":"https:\/\/www.europesays.com\/fr\/wp-json\/wp\/v2\/posts\/429878","targetHints":{"allow":["GET"]}}],"collection":[{"href":"https:\/\/www.europesays.com\/fr\/wp-json\/wp\/v2\/posts"}],"about":[{"href":"https:\/\/www.europesays.com\/fr\/wp-json\/wp\/v2\/types\/post"}],"author":[{"embeddable":true,"href":"https:\/\/www.europesays.com\/fr\/wp-json\/wp\/v2\/users\/2"}],"replies":[{"embeddable":true,"href":"https:\/\/www.europesays.com\/fr\/wp-json\/wp\/v2\/comments?post=429878"}],"version-history":[{"count":0,"href":"https:\/\/www.europesays.com\/fr\/wp-json\/wp\/v2\/posts\/429878\/revisions"}],"wp:featuredmedia":[{"embeddable":true,"href":"https:\/\/www.europesays.com\/fr\/wp-json\/wp\/v2\/media\/429879"}],"wp:attachment":[{"href":"https:\/\/www.europesays.com\/fr\/wp-json\/wp\/v2\/media?parent=429878"}],"wp:term":[{"taxonomy":"category","embeddable":true,"href":"https:\/\/www.europesays.com\/fr\/wp-json\/wp\/v2\/categories?post=429878"},{"taxonomy":"post_tag","embeddable":true,"href":"https:\/\/www.europesays.com\/fr\/wp-json\/wp\/v2\/tags?post=429878"}],"curies":[{"name":"wp","href":"https:\/\/api.w.org\/{rel}","templated":true}]}}