{"id":429884,"date":"2025-10-01T00:45:17","date_gmt":"2025-10-01T00:45:17","guid":{"rendered":"https:\/\/www.europesays.com\/fr\/429884\/"},"modified":"2025-10-01T00:45:17","modified_gmt":"2025-10-01T00:45:17","slug":"un-an-apres-les-inondations-mortelles-de-valence-les-iles-dibiza-et-formentera-sous-des-trombes-deau","status":"publish","type":"post","link":"https:\/\/www.europesays.com\/fr\/429884\/","title":{"rendered":"un an apr\u00e8s les inondations mortelles de Valence, les \u00eeles d&rsquo;Ibiza et Formentera sous des trombes d&rsquo;eau"},"content":{"rendered":"<p>Les plages et les \u00e9coles de ces deux \u00eeles des Bal\u00e9ares ont \u00e9t\u00e9 ferm\u00e9es mardi apr\u00e8s des pr\u00e9cipitations allant jusqu\u2019\u00e0 200 litres de pluie par m\u00e8tre carr\u00e9.<\/p>\n<p class=\"fig-paragraph\">En alerte rouge face aux pluies, les touristiques \u00eeles d&rsquo;Ibiza et de Formentera en\u00a0<a href=\"http:\/\/www.lefigaro.fr\/flash-actu\/espagne-les-images-des-impressionnantes-inondations-dans-la-region-de-valence-20250929\" data-fig-type=\"NewsFlash\" data-gtm-custom-categorie=\"navigation\" data-gtm-custom-action=\"crossclick\" data-gtm-custom-label=\"Contextuel\" data-gtm-event=\"customEventSPE\" data-fig-domain=\"LEFIGARO\" target=\"_blank\" rel=\"noopener\">Espagne<\/a>\u00a0ont ferm\u00e9 leurs plages et leurs \u00e9coles mardi, pr\u00e8s d&rsquo;un an apr\u00e8s les inondations\u00a0<a href=\"http:\/\/www.lefigaro.fr\/espagne-en-video-25-000-personnes-manifestent-a-valence-pour-denoncer-la-gestion-des-inondations-20250329\" data-fig-type=\"NewsFlash\" data-gtm-custom-categorie=\"navigation\" data-gtm-custom-action=\"crossclick\" data-gtm-custom-label=\"Contextuel\" data-gtm-event=\"customEventSPE\" data-fig-domain=\"LEFIGARO\" target=\"_blank\" rel=\"noopener\">qui ont endeuill\u00e9 la r\u00e9gion de Valence<\/a>, sur la c\u00f4te en face de l&rsquo;archipel des Bal\u00e9ares. Les services d&rsquo;urgence des deux \u00eeles ont envoy\u00e9 une alerte sur les t\u00e9l\u00e9phones des habitants, leur demandant d&rsquo;\u00e9viter d\u00e9placements et activit\u00e9s en ext\u00e9rieur, ainsi que de rester pr\u00e8s des cours d&rsquo;eau ou en sous-sol.<\/p>\n<p class=\"fig-paragraph\">L&rsquo;Aemet, l&rsquo;agence m\u00e9t\u00e9orologique nationale, a indiqu\u00e9 que des pr\u00e9cipitations allant jusqu&rsquo;\u00e0 200 litres de pluie par m\u00e8tre carr\u00e9 se sont abattues sur Ibiza en raison du mouvement \u00abtr\u00e8s lent\u00bb de la temp\u00eate, a d\u00e9clar\u00e9 le gouvernement r\u00e9gional des \u00eeles Bal\u00e9ares dans un communiqu\u00e9. Des images diffus\u00e9es sur les r\u00e9seaux sociaux montraient des pi\u00e9tons traversant de l&rsquo;eau boueuse sur un front de mer d&rsquo;Ibiza bord\u00e9 de palmiers, de bars et de restaurants, tandis que les sir\u00e8nes des v\u00e9hicules d&rsquo;urgence hurlaient en arri\u00e8re-plan.<\/p>\n<p>                                    <a class=\"fig-a11y-skip a11y-hidden\" href=\"#fig-a11y-skip-main-inarticle\"><br \/>\n        Passer la publicit\u00e9<br \/>\n    <\/a><\/p>\n<p class=\"fig-paragraph\">Une eau brun\u00e2tre et trouble s&rsquo;est \u00e9galement d\u00e9vers\u00e9e dans les rues, emportant de grands conteneurs \u00e0 d\u00e9chets et obligeant les v\u00e9hicules \u00e0 avancer au ralenti. Le gouvernement des Bal\u00e9ares a signal\u00e9 132 incidents \u00e0 Ibiza, principalement li\u00e9s \u00e0 des inondations au rez-de-chauss\u00e9e, sur les routes, des chutes d&rsquo;arbres et de mat\u00e9riel urbain, et ainsi que des d\u00e9bordements des rivi\u00e8res. Aucun bless\u00e9 n&rsquo;\u00e9tait toutefois \u00e0 d\u00e9plorer mardi apr\u00e8s-midi.<\/p>\n<p>    L\u2019eau a fait dispara\u00eetre certains panneaux de signalisation \u00e0 Ibiza.<br \/>\n                Francisco Ubilla \/ REUTERS<\/p>\n<p>L\u2019unit\u00e9 d\u2019urgence de l\u2019arm\u00e9e espagnole d\u00e9ploy\u00e9e<\/p>\n<p class=\"fig-paragraph\">Les autorit\u00e9s r\u00e9gionales ont suspendu les cours \u00e0 Ibiza et Formentera, demandant aux \u00e9l\u00e8ves de rester dans les \u00e9coles pour \u00e9viter les d\u00e9placements \u00abjusqu&rsquo;\u00e0 nouvel ordre\u00bb, et ont ordonn\u00e9 la fermeture des plages. L&rsquo;unit\u00e9 d&rsquo;urgence de l&rsquo;arm\u00e9e espagnole \u00e9tait en cours de d\u00e9ploiement avec des renforts provenant de l&rsquo;\u00eele voisine de Majorque et du continent.<\/p>\n<p class=\"fig-paragraph\">L&rsquo;Aemet a r\u00e9trograd\u00e9 dans l&rsquo;apr\u00e8s-midi son alerte pour Ibiza et Formentera de rouge \u00e0 orange, comme elle l&rsquo;avait d\u00e9j\u00e0 fait dans la matin\u00e9e pour Valence, o\u00f9 de fortes pluies ont entra\u00een\u00e9 la fermeture des \u00e9coles pour plus de 500.000 \u00e9l\u00e8ves lundi. L&rsquo;alerte rouge de lundi \u00e0 Valence a raviv\u00e9 les souvenirs d&rsquo;octobre 2024, lorsque des inondations ont tu\u00e9 plus de 230 personnes.<\/p>\n<p class=\"fig-paragraph\">Les scientifiques affirment que le changement climatique caus\u00e9 par l&rsquo;activit\u00e9 humaine intensifie les ph\u00e9nom\u00e8nes m\u00e9t\u00e9orologiques extr\u00eames comme les fortes pluies qui provoquent des inondations. En r\u00e9chauffant les mers, le changement climatique rend plus probable l&rsquo;intensification rapide des temp\u00eates et augmente le risque de ph\u00e9nom\u00e8nes plus puissants, selon les scientifiques.<\/p>\n","protected":false},"excerpt":{"rendered":"Les plages et les \u00e9coles de ces deux \u00eeles des Bal\u00e9ares ont \u00e9t\u00e9 ferm\u00e9es mardi apr\u00e8s des pr\u00e9cipitations&hellip;\n","protected":false},"author":2,"featured_media":429885,"comment_status":"","ping_status":"","sticky":false,"template":"","format":"standard","meta":{"footnotes":""},"categories":[5],"tags":[11,123,1011,27,27651,2839,14,12,28],"class_list":{"0":"post-429884","1":"post","2":"type-post","3":"status-publish","4":"format-standard","5":"has-post-thumbnail","7":"category-international","8":"tag-actualites","9":"tag-espagne","10":"tag-fr","11":"tag-france","12":"tag-ibiza","13":"tag-inondations","14":"tag-international","15":"tag-news","16":"tag-world"},"share_on_mastodon":{"url":"https:\/\/pubeurope.com\/@fr\/115296149519794915","error":""},"_links":{"self":[{"href":"https:\/\/www.europesays.com\/fr\/wp-json\/wp\/v2\/posts\/429884","targetHints":{"allow":["GET"]}}],"collection":[{"href":"https:\/\/www.europesays.com\/fr\/wp-json\/wp\/v2\/posts"}],"about":[{"href":"https:\/\/www.europesays.com\/fr\/wp-json\/wp\/v2\/types\/post"}],"author":[{"embeddable":true,"href":"https:\/\/www.europesays.com\/fr\/wp-json\/wp\/v2\/users\/2"}],"replies":[{"embeddable":true,"href":"https:\/\/www.europesays.com\/fr\/wp-json\/wp\/v2\/comments?post=429884"}],"version-history":[{"count":0,"href":"https:\/\/www.europesays.com\/fr\/wp-json\/wp\/v2\/posts\/429884\/revisions"}],"wp:featuredmedia":[{"embeddable":true,"href":"https:\/\/www.europesays.com\/fr\/wp-json\/wp\/v2\/media\/429885"}],"wp:attachment":[{"href":"https:\/\/www.europesays.com\/fr\/wp-json\/wp\/v2\/media?parent=429884"}],"wp:term":[{"taxonomy":"category","embeddable":true,"href":"https:\/\/www.europesays.com\/fr\/wp-json\/wp\/v2\/categories?post=429884"},{"taxonomy":"post_tag","embeddable":true,"href":"https:\/\/www.europesays.com\/fr\/wp-json\/wp\/v2\/tags?post=429884"}],"curies":[{"name":"wp","href":"https:\/\/api.w.org\/{rel}","templated":true}]}}