{"id":429891,"date":"2025-10-01T00:53:28","date_gmt":"2025-10-01T00:53:28","guid":{"rendered":"https:\/\/www.europesays.com\/fr\/429891\/"},"modified":"2025-10-01T00:53:28","modified_gmt":"2025-10-01T00:53:28","slug":"le-tribunal-autorise-les-travaux-et-la-demolition-de-ce-batiment-classe","status":"publish","type":"post","link":"https:\/\/www.europesays.com\/fr\/429891\/","title":{"rendered":"le tribunal autorise les travaux et la d\u00e9molition de ce b\u00e2timent class\u00e9"},"content":{"rendered":"<p>            Par<br \/>\n        <strong><br \/>\n            <a href=\"https:\/\/actu.fr\/auteur\/pierre-emile-bouchy-actu-fr\" title=\"Consulter tous les articles de Paul-Emile Bouchy\" target=\"_blank\" rel=\"noopener\">Paul-Emile Bouchy<\/a><br \/>\n        <\/strong><\/p>\n<p>        Publi\u00e9 le<\/p>\n<p>            30 sept. 2025 \u00e0 18h11        <\/p>\n<p>M\u00eame si la Ville de Nancy a annonc\u00e9 en juin dernier <a href=\"https:\/\/actu.fr\/grand-est\/nancy_54395\/la-ville-de-nancy-abandonne-le-projet-du-musee-lorrain-voici-ce-qui-est-desormais-prevu_62780467.html\" target=\"_blank\" rel=\"noopener\">abandonner le projet actuel du mus\u00e9e Lorrain<\/a> pour repartir sur <strong>un nouveau projet concentr\u00e9 sur tous les niveaux du palais ducal<\/strong>, cette d\u00e9cision du tribunal administratif \u00e9tait n\u00e9anmoins attendue.<\/p>\n<p class=\" wall-content\">Alors que le juge des r\u00e9f\u00e9r\u00e9s avait choisi <a href=\"https:\/\/actu.fr\/grand-est\/nancy_54395\/nancy-a-peine-commences-les-travaux-du-musee-lorrain-suspendus-partiellement-par-la-justice_62250525.html\" target=\"_blank\" rel=\"noopener\">de suspendre partiellement les travaux en f\u00e9vrier dernier<\/a>, la juridiction a finalement <strong>rejet\u00e9 la demande des deux associations de d\u00e9fense du patrimoine qui s\u2019opposaient \u00e0 la d\u00e9molition de l\u2019ancien \u00ab\u2009b\u00e2timent scolaire\u2009\u00bb<\/strong> class\u00e9 au titre des monuments historiques.<\/p>\n<p>Le tribunal autorise la d\u00e9molition d\u2019un b\u00e2timent du mus\u00e9e Lorrain<\/p>\n<p class=\" wall-content\">Dans un communiqu\u00e9 de presse, le tribunal administratif indique que \u00ab\u2009la d\u00e9cision pr\u00e9fectorale qui autorisait les travaux sur les monuments class\u00e9s b\u00e2timents historiques, dont <strong>la d\u00e9molition de l\u2019ancien \u00ab\u2009b\u00e2timent scolaire\u2009\u00bb, n\u2019est pas contraire au code du patrimoine<\/strong>\u2009\u00bb.<\/p>\n<p class=\" wall-content\">Pour rappel, la Ville de Nancy souhaite <a href=\"https:\/\/actu.fr\/grand-est\/nancy_54395\/nancy-ce-batiment-classe-va-etre-detruit-on-vous-explique-pourquoi_59801720.html\" target=\"_blank\" rel=\"noopener\">d\u00e9truire ce b\u00e2timent datant du 19\u1d49 si\u00e8cle<\/a> puisqu\u2019il n\u2019a <strong>\u00ab\u2009aucune valeur patrimoniale\u2009\u00bb,<\/strong> a connu de nombreuses modifications et ne conserve que peu d\u2019\u00e9l\u00e9ments d\u2019origine.<\/p>\n<p class=\" wall-content\">Un autre argument pousse \u00e0 d\u00e9molir l\u2019\u00e9difice. Il se trouve contre un mur historique, <strong>le mur de Baligand, construit en 1740 par l\u2019ing\u00e9nieur du roi Stanislas.<\/strong> Or, une dalle en b\u00e9ton pr\u00e9sent dans le \u00ab\u2009b\u00e2timent scolaire\u2009\u00bb endommage le mur et le met en p\u00e9ril.<\/p>\n<p>Une modification apport\u00e9e dans le permis de construire<\/p>\n<p class=\" wall-content\">Outre la d\u00e9molition de cet \u00e9difice, le tribunal annule le permis de construire uniquement sur un point bien pr\u00e9cis\u2009: <strong>\u00ab\u2009Le changement des fen\u00eatres du b\u00e2timent dit des \u00ab\u2009petites \u00e9curies\u2009\u00bb ne respecte pas les r\u00e8gles<\/strong> du plan de sauvegarde et de mise en valeur du site patrimonial remarquable de la commune de Nancy.\u2009\u00bb<\/p>\n<p>Votre r\u00e9gion, votre actu !<\/p>\n<p>Recevez chaque jour les infos qui comptent pour vous.<\/p>\n<p>\t<a href=\"https:\/\/actu.fr\/newsletter\" class=\"ac-btn ac-btn--corner ac-btn--medium ac-btn--blue800\" target=\"_blank\" rel=\"noopener\">S&rsquo;incrire<\/a><\/p>\n<p class=\" wall-content\">Il ajoute qu\u2019une r\u00e9gularisation est \u00ab\u2009possible par le d\u00e9p\u00f4t d\u2019un permis de construire modifiant les fen\u00eatres\u2009\u00bb dans un d\u00e9lai de six mois \u00e0 partir de ce mardi 30 septembre.<\/p>\n<p class=\" wall-content\">Personnalisez votre actualit\u00e9 en ajoutant vos villes et m\u00e9dias en favori avec <a href=\"https:\/\/moncompte.actu.fr\" title=\"D\u00e9couvez Mon Actu\" rel=\"nofollow noopener\" data-trk=\"{&quot;cta&quot;:{&quot;action&quot;:&quot;https:\\\/\\\/moncompte.actu.fr&quot;,&quot;category&quot;:&quot;mon compte&quot;,&quot;from&quot;:&quot;article footer&quot;,&quot;name&quot;:&quot;Mon actu&quot;,&quot;type&quot;:&quot;cta&quot;}}\" target=\"_blank\">Mon Actu<\/a>.<\/p>\n","protected":false},"excerpt":{"rendered":"Par Paul-Emile Bouchy Publi\u00e9 le 30 sept. 2025 \u00e0 18h11 M\u00eame si la Ville de Nancy a annonc\u00e9&hellip;\n","protected":false},"author":2,"featured_media":429892,"comment_status":"","ping_status":"","sticky":false,"template":"","format":"standard","meta":{"footnotes":""},"categories":[9635],"tags":[1111,11,1777,674,1011,27,775,303,31882,1702,12,2551,25,104],"class_list":{"0":"post-429891","1":"post","2":"type-post","3":"status-publish","4":"format-standard","5":"has-post-thumbnail","7":"category-nancy","8":"tag-actu","9":"tag-actualites","10":"tag-eu","11":"tag-europe","12":"tag-fr","13":"tag-france","14":"tag-grand-est","15":"tag-justice","16":"tag-musee-lorrain","17":"tag-nancy","18":"tag-news","19":"tag-patrimoine","20":"tag-republique-francaise","21":"tag-societe"},"share_on_mastodon":{"url":"https:\/\/pubeurope.com\/@fr\/115296180883668412","error":""},"_links":{"self":[{"href":"https:\/\/www.europesays.com\/fr\/wp-json\/wp\/v2\/posts\/429891","targetHints":{"allow":["GET"]}}],"collection":[{"href":"https:\/\/www.europesays.com\/fr\/wp-json\/wp\/v2\/posts"}],"about":[{"href":"https:\/\/www.europesays.com\/fr\/wp-json\/wp\/v2\/types\/post"}],"author":[{"embeddable":true,"href":"https:\/\/www.europesays.com\/fr\/wp-json\/wp\/v2\/users\/2"}],"replies":[{"embeddable":true,"href":"https:\/\/www.europesays.com\/fr\/wp-json\/wp\/v2\/comments?post=429891"}],"version-history":[{"count":0,"href":"https:\/\/www.europesays.com\/fr\/wp-json\/wp\/v2\/posts\/429891\/revisions"}],"wp:featuredmedia":[{"embeddable":true,"href":"https:\/\/www.europesays.com\/fr\/wp-json\/wp\/v2\/media\/429892"}],"wp:attachment":[{"href":"https:\/\/www.europesays.com\/fr\/wp-json\/wp\/v2\/media?parent=429891"}],"wp:term":[{"taxonomy":"category","embeddable":true,"href":"https:\/\/www.europesays.com\/fr\/wp-json\/wp\/v2\/categories?post=429891"},{"taxonomy":"post_tag","embeddable":true,"href":"https:\/\/www.europesays.com\/fr\/wp-json\/wp\/v2\/tags?post=429891"}],"curies":[{"name":"wp","href":"https:\/\/api.w.org\/{rel}","templated":true}]}}