{"id":429908,"date":"2025-10-01T01:06:31","date_gmt":"2025-10-01T01:06:31","guid":{"rendered":"https:\/\/www.europesays.com\/fr\/429908\/"},"modified":"2025-10-01T01:06:31","modified_gmt":"2025-10-01T01:06:31","slug":"aucune-date-en-bretagne-pour-la-nouvelle-tournee-dorelsan-en-2026-on-vous-explique-pourquoi-2","status":"publish","type":"post","link":"https:\/\/www.europesays.com\/fr\/429908\/","title":{"rendered":"Aucune date en Bretagne pour la nouvelle tourn\u00e9e d\u2019Orelsan en 2026\u00a0: on vous explique pourquoi"},"content":{"rendered":"<p>Ce sera l\u2019un des \u00e9v\u00e9nements musical de l\u2019ann\u00e9e 2026\u00a0: le rappeur Orelsan a <a href=\"https:\/\/caen.maville.com\/actu\/actudet_-le-rappeur-orelsan-repart-en-tournee-en-2026-trois-dates-a-caen-et-dix-a-paris-_52656-6998159_actu.Htm\" rel=\"nofollow noopener\" target=\"_blank\">annonc\u00e9 son retour sur sc\u00e8ne<\/a>, trois ans apr\u00e8s le triomphe du Civilisation tour, achev\u00e9 en 2023. La nouvelle a \u00e9t\u00e9 donn\u00e9e par l\u2019artiste et son \u00e9quipe sur les r\u00e9seaux sociaux, lundi 29\u00a0septembre 2025. Et les premi\u00e8res places sont mises en vente ce mardi 30\u00a0septembre <a href=\"https:\/\/orelsan.show\/?fbclid=IwY2xjawNHK01leHRuA2FlbQIxMABicmlkETBxTzQ1ZzR6Q3pRc0lNcEpCAR4JuWQBPSclnur-98M-c_rTNA_43Ai7hKgkjQDo1Nu3ye1SJzkItxKODRWP6g_aem_QgfLfAH1DZI-XWLMCWRLrw\" rel=\"nofollow noopener\" target=\"_blank\">sur le site orelsan.show<\/a>. <a href=\"https:\/\/lemans.maville.com\/actu\/actudet_-carte.-orelsan-annonce-sa-tournee-en-2026-ou-le-voir-en-concert-_52734-6998427_actu.Htm\" rel=\"nofollow noopener\" target=\"_blank\">La tourn\u00e9e de 33\u00a0dates<\/a> s\u2019ouvrira en janvier au z\u00e9nith de Caen, sa ville de c\u0153ur. Et s\u2019ach\u00e8vera par une impressionnante s\u00e9rie de dix dates \u00e0 l\u2019Accor Arena de Paris en d\u00e9cembre. Entre-temps s\u2019encha\u00eeneront Bordeaux, Strasbourg, Toulouse, Nice, Nantes, Lille, Lyon, Marseille\u2026 Mais rien en Bretagne.<\/p>\n<blockquote class=\"instagram-media\" data-instgrm-captioned=\"\" data-instgrm-permalink=\"https:\/\/www.instagram.com\/reel\/DPLcCL7iKe9\/?utm_source=ig_embed&amp;utm_campaign=loading\" data-instgrm-version=\"14\" style=\" background:#FFF; border:0; border-radius:3px; box-shadow:0 0 1px 0 rgba(0,0,0,0.5),0 1px 10px 0 rgba(0,0,0,0.15); margin: 1px; max-width:540px; min-width:326px; padding:0; width:99.375%; width:-webkit-calc(100% - 2px); width:calc(100% - 2px);\" wp_automatic_readability=\"-0.24705882352941\"\/>\n<p>Pas de salle assez grande \u00e0 Rennes ou Brest<\/p>\n<p>Une anomalie, puisque la r\u00e9gion est la seule de France m\u00e9tropolitaine o\u00f9 Orelsan ne se produira pas l\u2019an prochain.\u00a0Pour sa derni\u00e8re tourn\u00e9e, le rappeur normand \u00e9tait pass\u00e9 \u00e0 trois reprises au Musik Hall, au parc-expo de Rennes, en 2022.<\/p>\n<p>Mais cette salle de 7\u00a0000\u00a0places, la plus grande jauge en int\u00e9rieur en Bretagne, ne sera pas disponible l\u2019an prochain. <a href=\"https:\/\/rennes.maville.com\/actu\/actudet_-a-rennes-voila-a-quoi-va-ressembler-le-nouveau-musik-hall-salle-de-spectacles-de-9-000-places-_7-6507565_actu.Htm\" rel=\"nofollow noopener\" target=\"_blank\">Elle va b\u00e9n\u00e9ficier d\u2019importants travaux<\/a> qui doivent d\u00e9marrer au premier trimestre 2026, et durer environ deux ans. Un chantier \u00e0 17\u00a0millions d\u2019euros, pour moderniser la salle et porter sa jauge \u00e0 9\u00a0000\u00a0spectateurs\u2026 Soit la capacit\u00e9 du z\u00e9nith de Nantes (Loire-Atlantique) <a href=\"https:\/\/nantes.maville.com\/actu\/actudet_-orelsan-en-concert-au-zenith-de-nantes-en-fevrier-2026-une-prevente-prevue-ce-mercredi-midi-_8-6998207_actu.Htm\" rel=\"nofollow noopener\" target=\"_blank\">o\u00f9 Orelsan se produira les jeudi\u00a012 et vendredi 13\u00a0f\u00e9vrier 2026<\/a>.<\/p>\n<p>En attendant cette nouvelle enceinte, la plus grande salle disponible \u00e0 Rennes sera le Libert\u00e9 et ses 5\u00a0200\u00a0places, en centre-ville. Trop petit pour les plus grandes tourn\u00e9es fran\u00e7aises.<\/p>\n<p>5\u00a0000\u00a0spectateurs, c\u2019est \u00e9galement la capacit\u00e9 maximale de la Brest Arena. La deuxi\u00e8me plus grande salle de la r\u00e9gion ne pouvait donc pas non plus accueillir le rappeur et son \u00e9quipe, qui promettent un show <strong>\u00ab\u00a0encore plus fort et inattendu, avec plein de surprises<\/strong>\u00a0\u00bb.<\/p>\n<p>En t\u00eate d\u2019affiche des festivals d\u2019\u00e9t\u00e9\u00a0?<\/p>\n<p>Les fans bretons misent d\u00e9sormais tout sur les grands festivals d\u2019\u00e9t\u00e9. Avec aucun concert d\u2019annonc\u00e9 pour l\u2019instant entre mars et d\u00e9cembre\u00a02026, nul doute que les programmateurs vont tenter de faire venir Orelsan en t\u00eate d\u2019affiche, comme aux Vieilles Charrues \u00e0 Carhaix en 2022 et \u00e0 la F\u00eate du Bruit \u00e0 Saint-Nolff en 2023.<\/p>\n<p>Un passage au Cin\u00e9ville de Vern-sur-Seiche, le 14\u00a0octobre<\/p>\n<p>En attendant, le chanteur sera de passage au cin\u00e9ville de Vern-sur-Seiche le mardi 14\u00a0octobre pour l\u2019avant-premi\u00e8re de Yoro\u00ef, le film qu\u2019il a co-cr\u00e9\u00e9 et dans lequel il joue le r\u00f4le principal (sortie le 29\u00a0octobre). Mises en vente d\u00e9but septembre, les places pour les deux s\u00e9ances <a href=\"https:\/\/rennes.maville.com\/actu\/actudet_-orelsan-sera-pres-de-rennes-en-octobre-pour-presenter-son-film-_52674-6960590_actu.Htm\" rel=\"nofollow noopener\" target=\"_blank\">avaient \u00e9t\u00e9 prises d\u2019assaut en quelques minutes.<\/a><\/p>\n<p>\u00a0<\/p>\n<p>\t\t<script async src=\"\/\/www.instagram.com\/embed.js\"><\/script><\/p>\n","protected":false},"excerpt":{"rendered":"Ce sera l\u2019un des \u00e9v\u00e9nements musical de l\u2019ann\u00e9e 2026\u00a0: le rappeur Orelsan a annonc\u00e9 son retour sur sc\u00e8ne,&hellip;\n","protected":false},"author":2,"featured_media":429909,"comment_status":"","ping_status":"","sticky":false,"template":"","format":"standard","meta":{"footnotes":""},"categories":[2821],"tags":[5734,1111,11,829,2869,1777,674,9866,1011,27,12,2043,21953,584,25,4441],"class_list":{"0":"post-429908","1":"post","2":"type-post","3":"status-publish","4":"format-standard","5":"has-post-thumbnail","7":"category-rennes","8":"tag-5734","9":"tag-actu","10":"tag-actualites","11":"tag-bretagne","12":"tag-date","13":"tag-eu","14":"tag-europe","15":"tag-explique","16":"tag-fr","17":"tag-france","18":"tag-news","19":"tag-nouvelle","20":"tag-orelsan","21":"tag-rennes","22":"tag-republique-francaise","23":"tag-tournee"},"share_on_mastodon":{"url":"https:\/\/pubeurope.com\/@fr\/115296232022812741","error":""},"_links":{"self":[{"href":"https:\/\/www.europesays.com\/fr\/wp-json\/wp\/v2\/posts\/429908","targetHints":{"allow":["GET"]}}],"collection":[{"href":"https:\/\/www.europesays.com\/fr\/wp-json\/wp\/v2\/posts"}],"about":[{"href":"https:\/\/www.europesays.com\/fr\/wp-json\/wp\/v2\/types\/post"}],"author":[{"embeddable":true,"href":"https:\/\/www.europesays.com\/fr\/wp-json\/wp\/v2\/users\/2"}],"replies":[{"embeddable":true,"href":"https:\/\/www.europesays.com\/fr\/wp-json\/wp\/v2\/comments?post=429908"}],"version-history":[{"count":0,"href":"https:\/\/www.europesays.com\/fr\/wp-json\/wp\/v2\/posts\/429908\/revisions"}],"wp:featuredmedia":[{"embeddable":true,"href":"https:\/\/www.europesays.com\/fr\/wp-json\/wp\/v2\/media\/429909"}],"wp:attachment":[{"href":"https:\/\/www.europesays.com\/fr\/wp-json\/wp\/v2\/media?parent=429908"}],"wp:term":[{"taxonomy":"category","embeddable":true,"href":"https:\/\/www.europesays.com\/fr\/wp-json\/wp\/v2\/categories?post=429908"},{"taxonomy":"post_tag","embeddable":true,"href":"https:\/\/www.europesays.com\/fr\/wp-json\/wp\/v2\/tags?post=429908"}],"curies":[{"name":"wp","href":"https:\/\/api.w.org\/{rel}","templated":true}]}}