{"id":429912,"date":"2025-10-01T01:08:48","date_gmt":"2025-10-01T01:08:48","guid":{"rendered":"https:\/\/www.europesays.com\/fr\/429912\/"},"modified":"2025-10-01T01:08:48","modified_gmt":"2025-10-01T01:08:48","slug":"le-bar-jeannette-se-reinvente-pour-feter-ses-20-ans-a-strasbourg","status":"publish","type":"post","link":"https:\/\/www.europesays.com\/fr\/429912\/","title":{"rendered":"le bar \u00ab Jeannette \u00bb se r\u00e9invente pour f\u00eater ses 20 ans \u00e0 Strasbourg"},"content":{"rendered":"<p><strong>Bient\u00f4t, Jeannette f\u00eatera ses 20 printemps, 20 ans d\u00e9j\u00e0 les ami(e)s. \u00c0 cette occasion, pour c\u00e9l\u00e9brer ce bar mythique que beaucoup de Strasbourgeois(es) portent dans leur c\u0153ur, on va festoyer. On vous parle de ses r\u00e9cents changements, de ceux \u00e0 venir, et des \u00e9v\u00e9nements qui nous rassembleront bient\u00f4t sur place autour d\u2019un verre ou deux, voire trois. Joyeux anniversaire !<\/strong><\/p>\n<p><strong>Le 25 novembre 2005<\/strong>, au c\u0153ur d\u2019un centre-ville de Strasbourg encore bourr\u00e9 de voitures, <strong>un bar au look surprenant ouvrait ses portes vitr\u00e9es.<\/strong><\/p>\n<p>Situ\u00e9 dans une rue des Tonneliers d\u00e9j\u00e0 connue \u00e0 l\u2019\u00e9poque pour ses restos, <strong>le bar arborait fi\u00e8rement sur ses murs son amour pour la mobylette<\/strong>, la bi\u00e8re et les cocktails.<\/p>\n<p>                <img width=\"375\" height=\"500\" src=\"https:\/\/www.europesays.com\/fr\/wp-content\/uploads\/2025\/10\/jeannette-et-les-cycleux-img-9986-375x500.jpeg\" class=\"attachment-gallery size-gallery\" alt=\"Jeannette et les cycleux IMG_9986\" data-full-url=\"https:\/\/pokaa.fr\/wp-content\/uploads\/2025\/09\/29\/jeannette-et-les-cycleux-img-9986.jpeg\" decoding=\"async\" loading=\"lazy\"  \/>            <\/p>\n<p>                <img width=\"375\" height=\"500\" src=\"https:\/\/www.europesays.com\/fr\/wp-content\/uploads\/2025\/10\/jeannette-et-les-cycleux-img-9977-3-375x500.jpeg\" class=\"attachment-gallery size-gallery\" alt=\"Jeannette et les cycleux IMG_9977 3\" data-full-url=\"https:\/\/pokaa.fr\/wp-content\/uploads\/2025\/09\/29\/jeannette-et-les-cycleux-img-9977-3.jpeg\" decoding=\"async\" loading=\"lazy\"  \/>            <\/p>\n<p>                <img width=\"375\" height=\"500\" src=\"https:\/\/www.europesays.com\/fr\/wp-content\/uploads\/2025\/10\/jeannette-et-les-cycleux-img-9967-3-375x500.jpeg\" class=\"attachment-gallery size-gallery\" alt=\"Jeannette et les cycleux IMG_9967 3\" data-full-url=\"https:\/\/pokaa.fr\/wp-content\/uploads\/2025\/09\/29\/jeannette-et-les-cycleux-img-9967-3.jpeg\" decoding=\"async\" loading=\"lazy\"  \/>            <\/p>\n<p>                <img width=\"375\" height=\"500\" src=\"https:\/\/www.europesays.com\/fr\/wp-content\/uploads\/2025\/10\/jeannette-et-les-cycleux-img-9949-2-375x500.jpeg\" class=\"attachment-gallery size-gallery\" alt=\"Jeannette et les cycleux IMG_9949 2\" data-full-url=\"https:\/\/pokaa.fr\/wp-content\/uploads\/2025\/09\/29\/jeannette-et-les-cycleux-img-9949-2.jpeg\" decoding=\"async\" loading=\"lazy\"  \/>            <\/p>\n<p>                <img width=\"324\" height=\"500\" src=\"https:\/\/www.europesays.com\/fr\/wp-content\/uploads\/2025\/10\/jeannette-et-les-cycleux-img-0020-2-324x500.jpeg\" class=\"attachment-gallery size-gallery\" alt=\"Jeannette et les cycleux IMG_0020 2\" data-full-url=\"https:\/\/pokaa.fr\/wp-content\/uploads\/2025\/09\/29\/jeannette-et-les-cycleux-img-0020-2.jpeg\" decoding=\"async\" loading=\"lazy\"  \/>            <\/p>\n<p>                    \u00a9 Bastien Pietronave \/ Pokaa <\/p>\n<p>Bistrot de quartier par excellence, <strong>d\u00e9cor\u00e9 de carcasses de p\u00e9trolettes d\u00e9soss\u00e9es et de plaques \u00e9maill\u00e9es<\/strong>, le lieu est tr\u00e8s rapidement devenu<strong> un rep\u00e8re rassurant pour les Strasbourgeois(es).<\/strong><\/p>\n<p>Depuis, <strong>le comptoir a pris de la patine<\/strong>, la terrasse se blinde \u00e0 chaque rayon de soleil, et on se dit qu\u2019<strong>on a de la chance, en 2025, de profiter de ce lieu qui a une \u00e2me<\/strong>, loin des standards d\u2019Instagram.<\/p>\n<p>                <img width=\"375\" height=\"500\" src=\"https:\/\/www.europesays.com\/fr\/wp-content\/uploads\/2025\/10\/jeannette-et-les-cycleux-img-0004-3-375x500.jpeg\" class=\"attachment-gallery size-gallery\" alt=\"Jeannette et les cycleux IMG_0004 3\" data-full-url=\"https:\/\/pokaa.fr\/wp-content\/uploads\/2025\/09\/29\/jeannette-et-les-cycleux-img-0004-3.jpeg\" decoding=\"async\" loading=\"lazy\"  \/>            <\/p>\n<p>                <img width=\"375\" height=\"500\" src=\"https:\/\/www.europesays.com\/fr\/wp-content\/uploads\/2025\/10\/jeannette-et-les-cycleux-img-0001-2-375x500.jpeg\" class=\"attachment-gallery size-gallery\" alt=\"Jeannette et les cycleux IMG_0001 2\" data-full-url=\"https:\/\/pokaa.fr\/wp-content\/uploads\/2025\/09\/29\/jeannette-et-les-cycleux-img-0001-2.jpeg\" decoding=\"async\" loading=\"lazy\"  \/>            <\/p>\n<p>                <img width=\"375\" height=\"500\" src=\"https:\/\/www.europesays.com\/fr\/wp-content\/uploads\/2025\/10\/jeannette-et-les-cycleux-img-0024-375x500.jpeg\" class=\"attachment-gallery size-gallery\" alt=\"Jeannette et les cycleux IMG_0024\" data-full-url=\"https:\/\/pokaa.fr\/wp-content\/uploads\/2025\/09\/29\/jeannette-et-les-cycleux-img-0024.jpeg\" decoding=\"async\" loading=\"lazy\"  \/>            <\/p>\n<p>                <img width=\"353\" height=\"500\" src=\"https:\/\/www.europesays.com\/fr\/wp-content\/uploads\/2025\/10\/jeannette-et-les-cycleux-img-9984-353x500.jpeg\" class=\"attachment-gallery size-gallery\" alt=\"Jeannette et les cycleux IMG_9984\" data-full-url=\"https:\/\/pokaa.fr\/wp-content\/uploads\/2025\/09\/29\/jeannette-et-les-cycleux-img-9984.jpeg\" decoding=\"async\" loading=\"lazy\"  \/>            <\/p>\n<p>                <img width=\"667\" height=\"500\" src=\"https:\/\/www.europesays.com\/fr\/wp-content\/uploads\/2025\/10\/jeannette-et-les-cycleuximage00050.jpeg\" class=\"attachment-gallery size-gallery\" alt=\"Jeannette et les cycleuximage00050\" data-full-url=\"https:\/\/www.europesays.com\/fr\/wp-content\/uploads\/2025\/10\/jeannette-et-les-cycleuximage00050.jpeg\" decoding=\"async\" loading=\"lazy\"  \/>            <\/p>\n<p>                    \u00a9 Bastien Pietronave \/ Pokaa <\/p>\n<p>Jeannette, 20 ans de service et c\u2019est loin d\u2019\u00eatre fini !<\/p>\n<p>Oubliez Jeannette et les Cycleux,<strong> le bar s\u2019appelle d\u00e9sormais simplement \u00ab Jeannette \u00bb. <\/strong>Jeannette, c\u2019est <strong>ce bar ouvert 7 jours sur 7, en continu, de 11h30 \u00e0 2h30 du matin certains soirs.<\/strong> Pas \u00e9tonnant qu\u2019il brasse du monde.<\/p>\n<p>Install\u00e9 <strong>dans le c\u0153ur historique de la ville<\/strong>, on y croise des habitu\u00e9(e)s de la premi\u00e8re heure, mais aussi des \u00e9tudiant(e)s,<strong> des gens de passage<\/strong> ou des curieux\/ses qui se trouvaient l\u00e0, dans les parages.<\/p>\n<p>En fait,<strong> Jeannette fait partie de ces lieux populaires, simples et accueillants<\/strong>, <strong>qui font du bien<\/strong>, et o\u00f9 l\u2019on croise souvent un visage familier.<\/p>\n<p>                <img width=\"667\" height=\"500\" src=\"https:\/\/www.europesays.com\/fr\/wp-content\/uploads\/2025\/10\/jeannette-apero-tonneau-happy-hour-bastien-pietronaveimage00014.jpeg\" class=\"attachment-gallery size-gallery\" alt=\"Jeannette ape\u0301ro tonneau happy hour Bastien Pietronaveimage00014\" data-full-url=\"https:\/\/www.europesays.com\/fr\/wp-content\/uploads\/2025\/10\/jeannette-apero-tonneau-happy-hour-bastien-pietronaveimage00014.jpeg\" decoding=\"async\" loading=\"lazy\"  \/>            <\/p>\n<p>                <img width=\"667\" height=\"500\" src=\"https:\/\/www.europesays.com\/fr\/wp-content\/uploads\/2025\/10\/jeannette-apero-tonneau-happy-hour-bastien-pietronaveimage00011-1.jpeg\" class=\"attachment-gallery size-gallery\" alt=\"Jeannette ape\u0301ro tonneau happy hour Bastien Pietronaveimage00011\" data-full-url=\"https:\/\/www.europesays.com\/fr\/wp-content\/uploads\/2025\/10\/jeannette-apero-tonneau-happy-hour-bastien-pietronaveimage00011-1.jpeg\" decoding=\"async\" loading=\"lazy\"  \/>            <\/p>\n<p>                <img width=\"667\" height=\"500\" src=\"https:\/\/www.europesays.com\/fr\/wp-content\/uploads\/2025\/10\/jeannette-et-les-cycleux-img-9968-3-667x500.jpeg\" class=\"attachment-gallery size-gallery\" alt=\"Jeannette et les cycleux IMG_9968 3\" data-full-url=\"https:\/\/pokaa.fr\/wp-content\/uploads\/2025\/09\/29\/jeannette-et-les-cycleux-img-9968-3.jpeg\" decoding=\"async\" loading=\"lazy\"  \/>            <\/p>\n<p>                <img width=\"375\" height=\"500\" src=\"https:\/\/www.europesays.com\/fr\/wp-content\/uploads\/2025\/10\/jeannette-et-les-cycleux-img-0011-4-375x500.jpeg\" class=\"attachment-gallery size-gallery\" alt=\"Jeannette et les cycleux IMG_0011 4\" data-full-url=\"https:\/\/pokaa.fr\/wp-content\/uploads\/2025\/09\/29\/jeannette-et-les-cycleux-img-0011-4.jpeg\" decoding=\"async\" loading=\"lazy\"  \/>            <\/p>\n<p>                <img width=\"667\" height=\"500\" src=\"https:\/\/www.europesays.com\/fr\/wp-content\/uploads\/2025\/10\/jeannette-et-les-cycleuximage00002.jpeg\" class=\"attachment-gallery size-gallery\" alt=\"Jeannette et les cycleuximage00002\" data-full-url=\"https:\/\/www.europesays.com\/fr\/wp-content\/uploads\/2025\/10\/jeannette-et-les-cycleuximage00002.jpeg\" decoding=\"async\" loading=\"lazy\"  \/>            <\/p>\n<p>                    \u00a9 Bastien Pietronave \/ Pokaa <\/p>\n<p>Vous aussi, quand vous passez devant, \u00e0 pied ou \u00e0 v\u00e9lo, <strong>vous jetez obligatoirement un coup d\u2019\u0153il \u00e0 l\u2019int\u00e9rieur, par curiosit\u00e9, on le sait !<\/strong><\/p>\n<p>\u00ab\u00a0<strong>J\u2019ai vraiment un rapport affectif \u00e0 ce lieu<\/strong>, et j\u2019aime profond\u00e9ment ce bar.<strong> On a fait les travaux nous-m\u00eames \u00e0 l\u2019\u00e9poque<\/strong>, alors forc\u00e9ment, <strong>avoir bient\u00f4t 20 ans, c\u2019est pas rien<\/strong>. Apr\u00e8s tout ce temps, <strong>on continue de trouver des id\u00e9es, d\u2019innover, de faire attention \u00e0 l\u2019accueil, au service<\/strong>, et on a envie qu\u2019il y ait quelque chose en plus ici. Depuis l\u2019ouverture, on n\u2019a rien l\u00e2ch\u00e9 et aujourd\u2019hui, <strong>\u00e0 la veille de notre anniversaire, on a envie de faire savoir qu\u2019il va se passer des choses bien d\u00e9biles<\/strong>, et des \u00e9v\u00e9nements originaux dans les prochains temps \u00bb :<strong> nous raconte Joseph, le patron des lieux<\/strong>, enthousiaste \u00e0 l\u2019id\u00e9e d\u2019organiser des soir\u00e9es dont il a le secret.<\/p>\n<p>Justement, <strong>parlons-en des soir\u00e9es !<\/strong><\/p>\n<p>                <img width=\"667\" height=\"500\" src=\"https:\/\/www.europesays.com\/fr\/wp-content\/uploads\/2025\/10\/img-4519-667x500.jpeg\" class=\"attachment-gallery size-gallery\" alt=\"house of Marley quiz Melankh\u00f6lia Marley Ar\u00ef Marley ebene bonda jeannette et les cycleux\" data-full-url=\"https:\/\/pokaa.fr\/wp-content\/uploads\/2025\/04\/28\/img-4519.jpeg\" decoding=\"async\" loading=\"lazy\"  \/>            <\/p>\n<p>                <img width=\"436\" height=\"500\" src=\"https:\/\/www.europesays.com\/fr\/wp-content\/uploads\/2025\/10\/jeannette-et-les-cycleux-img-9953-436x500.jpeg\" class=\"attachment-gallery size-gallery\" alt=\"Jeannette et les cycleux IMG_9953\" data-full-url=\"https:\/\/pokaa.fr\/wp-content\/uploads\/2025\/09\/29\/jeannette-et-les-cycleux-img-9953.jpeg\" decoding=\"async\" loading=\"lazy\"  \/>            <\/p>\n<p>                <img width=\"667\" height=\"500\" src=\"https:\/\/www.europesays.com\/fr\/wp-content\/uploads\/2025\/10\/jeannette-et-les-cycleuximage00112.jpeg\" class=\"attachment-gallery size-gallery\" alt=\"Jeannette et les cycleuximage00112\" data-full-url=\"https:\/\/www.europesays.com\/fr\/wp-content\/uploads\/2025\/10\/jeannette-et-les-cycleuximage00112.jpeg\" decoding=\"async\" loading=\"lazy\"  \/>            <\/p>\n<p>                <img width=\"667\" height=\"500\" src=\"https:\/\/www.europesays.com\/fr\/wp-content\/uploads\/2025\/10\/jeannette-et-les-cycleux-img-9981-667x500.jpeg\" class=\"attachment-gallery size-gallery\" alt=\"Jeannette et les cycleux IMG_9981\" data-full-url=\"https:\/\/pokaa.fr\/wp-content\/uploads\/2025\/09\/29\/jeannette-et-les-cycleux-img-9981.jpeg\" decoding=\"async\" loading=\"lazy\"  \/>            <\/p>\n<p>                <img width=\"375\" height=\"500\" src=\"https:\/\/www.europesays.com\/fr\/wp-content\/uploads\/2025\/10\/jeannette-et-les-cycleux-img-9959-3-375x500.jpeg\" class=\"attachment-gallery size-gallery\" alt=\"Jeannette et les cycleux IMG_9959 3\" data-full-url=\"https:\/\/pokaa.fr\/wp-content\/uploads\/2025\/09\/29\/jeannette-et-les-cycleux-img-9959-3.jpeg\" decoding=\"async\" loading=\"lazy\"  \/>            <\/p>\n<p>                    1. \u00a9 Anthony Jilli \/ Pokaa ; 2. \u00e0 5. \u00a9 Bastien Pietronave \/ Pokaa<\/p>\n<p>Une s\u00e9rie d\u2019\u00e9v\u00e9nements pas d\u00e9connants<\/p>\n<p>Parlons peu, parlons bien. <strong>\u00c0 l\u2019occasion des 20 ans de Jeannette qui approchent<\/strong> (la date officielle est le 25 novembre), <strong>l\u2019\u00e9quipe nous invite \u00e0 festoyer !<\/strong><\/p>\n<p><strong>Ce samedi 4 octobre<\/strong>, c\u2019est soir\u00e9e mix avec ARAK. <strong>Les 8 et 21 octobre<\/strong>, le Gentil Comedy Club fera son show (stand-up), et <strong>le 9 octobre<\/strong>, place \u00e0 un m\u00e9ga barathon.<\/p>\n<p><strong>Le 24 novembre<\/strong>, un blind test sur les 20 ans du bar sera propos\u00e9 \u2013 et ce n\u2019est pas seulement pour les habitu\u00e9(e)s.<strong> Le duo victorieux<\/strong>\u00a0repartira avec<strong> un an de mojitos gratuits<\/strong> (1 mojito par jour pendant 1 an pour les deux joueurs\/ses). \u00c9videmment, <strong>tu pourras en profiter que si tu viens au bar<\/strong>, c\u2019est-\u00e0-dire qu\u2019on ne t\u2019offre pas les mojitos pour les jours o\u00f9 tu n\u2019es pas l\u00e0, capiche ?<\/p>\n<p>                <img width=\"333\" height=\"500\" src=\"https:\/\/www.europesays.com\/fr\/wp-content\/uploads\/2025\/10\/genty-janv25-13-333x500.jpg\" class=\"attachment-gallery size-gallery\" alt=\"Gentil Comedy Club\" data-full-url=\"https:\/\/pokaa.fr\/wp-content\/uploads\/2025\/09\/30\/genty-janv25-13.jpg\" decoding=\"async\" loading=\"lazy\"  \/>            <\/p>\n<p>                <img width=\"333\" height=\"500\" src=\"https:\/\/www.europesays.com\/fr\/wp-content\/uploads\/2025\/10\/copie-de-genty-janv25-34-333x500.jpg\" class=\"attachment-gallery size-gallery\" alt=\"Gentil Comedy Club\" data-full-url=\"https:\/\/pokaa.fr\/wp-content\/uploads\/2025\/09\/30\/copie-de-genty-janv25-34.jpg\" decoding=\"async\" loading=\"lazy\"  \/>            <\/p>\n<p>                <img width=\"333\" height=\"500\" src=\"https:\/\/www.europesays.com\/fr\/wp-content\/uploads\/2025\/10\/copie-de-genty-janv25-21-333x500.jpg\" class=\"attachment-gallery size-gallery\" alt=\"Gentil Comedy Club\" data-full-url=\"https:\/\/pokaa.fr\/wp-content\/uploads\/2025\/09\/30\/copie-de-genty-janv25-21.jpg\" decoding=\"async\" loading=\"lazy\"  \/>            <\/p>\n<p>                <img width=\"333\" height=\"500\" src=\"https:\/\/www.europesays.com\/fr\/wp-content\/uploads\/2025\/10\/copie-de-genty-janv25-7-333x500.jpg\" class=\"attachment-gallery size-gallery\" alt=\"Gentil Comedy Club\" data-full-url=\"https:\/\/pokaa.fr\/wp-content\/uploads\/2025\/09\/30\/copie-de-genty-janv25-7.jpg\" decoding=\"async\" loading=\"lazy\"  \/>            <\/p>\n<p>                <img width=\"333\" height=\"500\" src=\"https:\/\/www.europesays.com\/fr\/wp-content\/uploads\/2025\/10\/genty-janv25-27-333x500.jpg\" class=\"attachment-gallery size-gallery\" alt=\"Gentil Comedy Club\" data-full-url=\"https:\/\/pokaa.fr\/wp-content\/uploads\/2025\/09\/30\/genty-janv25-27.jpg\" decoding=\"async\" loading=\"lazy\"  \/>            <\/p>\n<p>                    Le Gentil Comedy Club. \u00a9 Jeannette \/ Documents remis<\/p>\n<p><strong>Le 26 novembre<\/strong>, un grand tournoi de baby-foot sera organis\u00e9, et le duo victorieux repartira avec un cadeau plut\u00f4t sympa :<strong> le poids cumul\u00e9 de ses deux membres en bi\u00e8re ou en th\u00e9 glac\u00e9 maison<\/strong> (inscription 5\u20ac).<\/p>\n<p><strong>Le 27 novembre,<\/strong> c\u2019est soir\u00e9e drag show avec la House of Marley, et on termine<strong> le 27 novembre<\/strong> avec le DJ set Captain Acab.<\/p>\n<p>Bref, vous l\u2019avez compris,<strong> il va s\u2019en passer des choses avant la fin de l\u2019ann\u00e9e !<\/strong><\/p>\n<p>    <img width=\"800\" height=\"600\" src=\"https:\/\/www.europesays.com\/fr\/wp-content\/uploads\/2025\/10\/img-4500-800x600.jpeg\" class=\"attachment-image-size-L size-image-size-L\" alt=\"house of Marley quiz Melankh\u00f6lia Marley Ar\u00ef Marley ebene bonda jeannette et les cycleux\" decoding=\"async\" loading=\"lazy\"  \/>         \u00a9 Anthony Jilli \/ Pokaa <\/p>\n<p>Changement de carte : nouveaux cocktails et pique-nique \u00e0 gogo !<\/p>\n<p>Pour ses 20 ans, <strong>Jeannette va bient\u00f4t op\u00e9rer quelques changements, notamment dans sa d\u00e9co<\/strong>, mais encore un peu de patience. <strong>La carte a, quant \u00e0 elle, d\u00e9j\u00e0 chang\u00e9<\/strong> il y a quelques jours.<\/p>\n<p>On y trouve <strong>une nouvelle s\u00e9lection de 7 mojitos<\/strong> qui ont fait le succ\u00e8s du lieu (\u00e0 la framboise et aux fruits rouges, au gingembre et \u00e0 la fraise des bois ou encore \u00e0 la pur\u00e9e de fruit de la passion).<\/p>\n<p><strong>La liste des spritz s\u2019est aussi affin\u00e9e<\/strong> avec des cocktails au Pimm\u2019s, au Limoncello, \u00e0 la liqueur de fleur de sureau ou m\u00eame au vin blanc d\u2019Alsace.<\/p>\n<p>                <img width=\"667\" height=\"500\" src=\"https:\/\/www.europesays.com\/fr\/wp-content\/uploads\/2025\/10\/jeannette-apero-tonneau-happy-hour-bastien-pietronaveimage00010-1.jpeg\" class=\"attachment-gallery size-gallery\" alt=\"Jeannette ape\u0301ro tonneau happy hour Bastien Pietronaveimage00010\" data-full-url=\"https:\/\/www.europesays.com\/fr\/wp-content\/uploads\/2025\/10\/jeannette-apero-tonneau-happy-hour-bastien-pietronaveimage00010-1.jpeg\" decoding=\"async\" loading=\"lazy\"  \/>            <\/p>\n<p>                <img width=\"667\" height=\"500\" src=\"https:\/\/www.europesays.com\/fr\/wp-content\/uploads\/2025\/10\/jeannette-apero-tonneau-happy-hour-bastien-pietronaveimage00016.jpeg\" class=\"attachment-gallery size-gallery\" alt=\"Jeannette ape\u0301ro tonneau happy hour Bastien Pietronaveimage00016\" data-full-url=\"https:\/\/www.europesays.com\/fr\/wp-content\/uploads\/2025\/10\/jeannette-apero-tonneau-happy-hour-bastien-pietronaveimage00016.jpeg\" decoding=\"async\" loading=\"lazy\"  \/>            <\/p>\n<p>                <img width=\"667\" height=\"500\" src=\"https:\/\/www.europesays.com\/fr\/wp-content\/uploads\/2025\/10\/jeannette-et-les-cycleuximage00054.jpeg\" class=\"attachment-gallery size-gallery\" alt=\"Jeannette et les cycleuximage00054\" data-full-url=\"https:\/\/www.europesays.com\/fr\/wp-content\/uploads\/2025\/10\/jeannette-et-les-cycleuximage00054.jpeg\" decoding=\"async\" loading=\"lazy\"  \/>            <\/p>\n<p>                    \u00a9 Bastien Pietronave \/ Pokaa <\/p>\n<p>Toujours sur les cocktails, <strong>entre les cr\u00e9ations \u00ab\u00a0sour\u00a0\u00bb qui jouent sur l\u2019acidit\u00e9<\/strong>, ceux au Martini qui jouent sur l\u2019amertume,<strong> les cocktails \u00e0 base de gin ou les classiques comme le Negroni ou la Ca\u00efpi,<\/strong> la liste des est longue (plus de 35).<\/p>\n<p>C\u00f4t\u00e9 bi\u00e8re, la Meteor, la Perle et la Mutzig se partagent l\u2019affiche,<strong> avec des tarifs en happy (du lundi au vendredi de 17h \u00e0 20h)<\/strong> vraiment pas d\u00e9connants.<strong> Comptez 4\u20ac pour la pinte de Mutzig<\/strong> pendant ces heures-l\u00e0, pas mal.<\/p>\n<p>                <img width=\"411\" height=\"500\" src=\"https:\/\/www.europesays.com\/fr\/wp-content\/uploads\/2025\/10\/jeannette-et-les-cycleux-img-0167-411x500.jpeg\" class=\"attachment-gallery size-gallery\" alt=\"Jeannette et les cycleux IMG_0167\" data-full-url=\"https:\/\/pokaa.fr\/wp-content\/uploads\/2025\/09\/30\/jeannette-et-les-cycleux-img-0167.jpeg\" decoding=\"async\" loading=\"lazy\"  \/>            <\/p>\n<p>                <img width=\"402\" height=\"500\" src=\"https:\/\/www.europesays.com\/fr\/wp-content\/uploads\/2025\/10\/jeannette-et-les-cycleux-img-0166-2-402x500.jpeg\" class=\"attachment-gallery size-gallery\" alt=\"Jeannette et les cycleux IMG_0166 2\" data-full-url=\"https:\/\/pokaa.fr\/wp-content\/uploads\/2025\/09\/30\/jeannette-et-les-cycleux-img-0166-2.jpeg\" decoding=\"async\" loading=\"lazy\"  \/>            <\/p>\n<p>                <img width=\"407\" height=\"500\" src=\"https:\/\/www.europesays.com\/fr\/wp-content\/uploads\/2025\/10\/jeannette-et-les-cycleux-img-0165-2-407x500.jpeg\" class=\"attachment-gallery size-gallery\" alt=\"Jeannette et les cycleux IMG_0165 2\" data-full-url=\"https:\/\/pokaa.fr\/wp-content\/uploads\/2025\/09\/30\/jeannette-et-les-cycleux-img-0165-2.jpeg\" decoding=\"async\" loading=\"lazy\"  \/>            <\/p>\n<p>                <img width=\"405\" height=\"500\" src=\"https:\/\/www.europesays.com\/fr\/wp-content\/uploads\/2025\/10\/jeannette-et-les-cycleux-img-0163-2-405x500.jpeg\" class=\"attachment-gallery size-gallery\" alt=\"Jeannette et les cycleux IMG_0163 2\" data-full-url=\"https:\/\/pokaa.fr\/wp-content\/uploads\/2025\/09\/30\/jeannette-et-les-cycleux-img-0163-2.jpeg\" decoding=\"async\" loading=\"lazy\"  \/>            <\/p>\n<p>                <img width=\"405\" height=\"500\" src=\"https:\/\/www.europesays.com\/fr\/wp-content\/uploads\/2025\/10\/jeannette-et-les-cycleux-img-0162-2-405x500.jpeg\" class=\"attachment-gallery size-gallery\" alt=\"Jeannette et les cycleux IMG_0162 2\" data-full-url=\"https:\/\/pokaa.fr\/wp-content\/uploads\/2025\/09\/30\/jeannette-et-les-cycleux-img-0162-2.jpeg\" decoding=\"async\" loading=\"lazy\"  \/>            <\/p>\n<p>                    \u00a9 Page Instagram de Jeannette \/ Captures d&rsquo;\u00e9cran<\/p>\n<p>Au niveau de la food, l\u00e0 aussi, <strong>il y a du changement<\/strong>, et on peut <strong>bien manger pour pas trop cher chez Jeannette.<\/strong><\/p>\n<p><strong>Banh mi (v\u00e9g\u00e9 ou non), sandwich au pulled pork ou normand<\/strong> (brie, miel, beurre aux noix et granny smith), <strong>salades fa\u00e7on banh mi,<\/strong> tartines, tapenade, houmous \u00e0 l\u2019ail confit\u2026 <strong>Il y a de quoi faire \u00e0 toute heure.<\/strong><\/p>\n<p>Si vous souhaitez<strong> jeter un oeil \u00e0 la nouvelle carte<\/strong>, <a href=\"https:\/\/jeannette-et-les-cycleux.site-gusty.fr\/wp-content\/uploads\/2025\/09\/Carte-Jeannette-25.10.pdf\" target=\"_blank\" rel=\"noopener\">c\u2019est par ici<\/a>.<\/p>\n<p><strong>Bref, que vous soyez familier\/\u00e8re avec ce lieu<\/strong>, curieux\/se de le d\u00e9couvrir ou nostalgique des ann\u00e9es pass\u00e9es,<strong> vous savez quoi faire : rendre visite \u00e0 Jeannette<\/strong>, une adresse que l\u2019on aime beaucoup et qui n\u2019a pas fini de se r\u00e9inventer.<\/p>\n<p>            Jeannette <\/p>\n<p>            Quoi ?<br \/>\n            Bar \/ bistrot de potes        <\/p>\n<p>            o\u00f9 ?<br \/>\n            30 rue des Tonneliers, \u00e0 Strasbourg         <\/p>\n<p>                Plus d&rsquo;infos ?<\/p>\n<p><strong><a href=\"https:\/\/www.google.com\/url?sa=t&amp;source=web&amp;rct=j&amp;opi=89978449&amp;url=https:\/\/lenetdejeannette.com\/&amp;ved=2ahUKEwjoiLvnloCQAxXEdaQEHbfuB_UQFnoECE4QAQ&amp;usg=AOvVaw14Xej_KFu9lp0AqjNpph8b\" target=\"_blank\" rel=\"noopener\">Le site web<\/a><\/strong><\/p>\n<p><strong><a href=\"https:\/\/www.google.com\/url?sa=t&amp;source=web&amp;rct=j&amp;opi=89978449&amp;url=https:\/\/www.facebook.com\/Jeannette.et.les.Cycleux\/%3Flocale%3Dfr_FR&amp;ved=2ahUKEwjoiLvnloCQAxXEdaQEHbfuB_UQFnoECEsQAQ&amp;usg=AOvVaw0EZuSe27mjTYQLFJ_OW-4D\" target=\"_blank\" rel=\"noopener\">La page Facebook<\/a><\/strong><\/p>\n<p><strong><a href=\"https:\/\/www.instagram.com\/jeannette_strasbourg\/\" target=\"_blank\" rel=\"noopener\">La page Instagram<\/a><\/strong><\/p>\n<p>T\u00e9l : 03 88 23 02 71<\/p>\n<p><script async src=\"\/\/www.instagram.com\/embed.js\"><\/script><\/p>\n","protected":false},"excerpt":{"rendered":"Bient\u00f4t, Jeannette f\u00eatera ses 20 printemps, 20 ans d\u00e9j\u00e0 les ami(e)s. \u00c0 cette occasion, pour c\u00e9l\u00e9brer ce bar&hellip;\n","protected":false},"author":2,"featured_media":429913,"comment_status":"","ping_status":"","sticky":false,"template":"","format":"standard","meta":{"footnotes":""},"categories":[2820],"tags":[6873,1111,11,3581,1777,674,3696,1011,27,775,55820,55821,12,25,640],"class_list":{"0":"post-429912","1":"post","2":"type-post","3":"status-publish","4":"format-standard","5":"has-post-thumbnail","7":"category-strasbourg","8":"tag-20-ans","9":"tag-actu","10":"tag-actualites","11":"tag-anniversaire","12":"tag-eu","13":"tag-europe","14":"tag-evenements","15":"tag-fr","16":"tag-france","17":"tag-grand-est","18":"tag-jeannette","19":"tag-jeannette-et-les-cycleux","20":"tag-news","21":"tag-republique-francaise","22":"tag-strasbourg"},"share_on_mastodon":{"url":"https:\/\/pubeurope.com\/@fr\/115296245734130666","error":""},"_links":{"self":[{"href":"https:\/\/www.europesays.com\/fr\/wp-json\/wp\/v2\/posts\/429912","targetHints":{"allow":["GET"]}}],"collection":[{"href":"https:\/\/www.europesays.com\/fr\/wp-json\/wp\/v2\/posts"}],"about":[{"href":"https:\/\/www.europesays.com\/fr\/wp-json\/wp\/v2\/types\/post"}],"author":[{"embeddable":true,"href":"https:\/\/www.europesays.com\/fr\/wp-json\/wp\/v2\/users\/2"}],"replies":[{"embeddable":true,"href":"https:\/\/www.europesays.com\/fr\/wp-json\/wp\/v2\/comments?post=429912"}],"version-history":[{"count":0,"href":"https:\/\/www.europesays.com\/fr\/wp-json\/wp\/v2\/posts\/429912\/revisions"}],"wp:featuredmedia":[{"embeddable":true,"href":"https:\/\/www.europesays.com\/fr\/wp-json\/wp\/v2\/media\/429913"}],"wp:attachment":[{"href":"https:\/\/www.europesays.com\/fr\/wp-json\/wp\/v2\/media?parent=429912"}],"wp:term":[{"taxonomy":"category","embeddable":true,"href":"https:\/\/www.europesays.com\/fr\/wp-json\/wp\/v2\/categories?post=429912"},{"taxonomy":"post_tag","embeddable":true,"href":"https:\/\/www.europesays.com\/fr\/wp-json\/wp\/v2\/tags?post=429912"}],"curies":[{"name":"wp","href":"https:\/\/api.w.org\/{rel}","templated":true}]}}