{"id":429914,"date":"2025-10-01T01:09:22","date_gmt":"2025-10-01T01:09:22","guid":{"rendered":"https:\/\/www.europesays.com\/fr\/429914\/"},"modified":"2025-10-01T01:09:22","modified_gmt":"2025-10-01T01:09:22","slug":"a-strasbourg-un-cine-va-diffuser-des-films-danimation-etudiants","status":"publish","type":"post","link":"https:\/\/www.europesays.com\/fr\/429914\/","title":{"rendered":"\u00e0 Strasbourg, un cin\u00e9 va diffuser des films d\u2019animation \u00e9tudiants"},"content":{"rendered":"<p>    <img loading=\"lazy\" width=\"1800\" height=\"900\" src=\"https:\/\/www.europesays.com\/fr\/wp-content\/uploads\/2025\/08\/jeanne-callthepolice.jpg\" class=\"attachment-full size-full\" alt=\"\" id=\"imageLove\" decoding=\"async\"  \/><\/p>\n<p id=\"breadcrumbs\"><a href=\"https:\/\/pokaa.fr\/\" target=\"_blank\" rel=\"noopener\">Accueil<\/a> \/ <a href=\"https:\/\/pokaa.fr\/categories\/ses-sorties\/\" target=\"_blank\" rel=\"noopener\">Sorties<\/a> \/ C\u2019est 100% gratuit : \u00e0 Strasbourg, un cin\u00e9 va diffuser des films d\u2019animation \u00e9tudiants<\/p>\n<p>                    Sorties<\/p>\n<p><strong>Envie de se faire une toile pas comme les autres ? On a le bon plan, car le 9 octobre \u00e0 partir de 20h, les \u00e9tudiant(e)s de l\u2019\u00e9cole E-artsup pr\u00e9sentent leurs cr\u00e9ations au cin\u00e9ma Vox. Au programme : projection de courts-m\u00e9trages d\u2019animation, pour d\u00e9couvrir des univers cr\u00e9atifs uniques et les talents de demain, le tout gratuitement. On vous dit tout. <\/strong><\/p>\n<p><strong>E-artsup,<\/strong> c\u2019est l\u2019\u00e9cole strasbourgeoise qui forme les cr\u00e9atifs\/ves dans le domaine visuel. <strong>Cin\u00e9ma, jeux vid\u00e9o, animation, communication visuelle\u2026<\/strong> Toute l\u2019ann\u00e9e, les \u00e9tudiant(e)s apprennent aupr\u00e8s de formateurs\/rices issu(e)s de l\u2019industrie, tout en se consacrant \u00e0 des projets concrets.<\/p>\n<p><strong>Le 9 octobre<\/strong> sera l\u2019occasion de d\u00e9couvrir l\u2019un d\u2019eux, puisque l\u2019\u00e9v\u00e9nement <strong>\u00ab E-artsup fait son cin\u00e9ma<\/strong>\u00a0\u00bb revient pour une deuxi\u00e8me \u00e9dition. Le principe\u00a0? <strong>D\u00e8s 20h au cin\u00e9ma Vox, les films d\u2019animation r\u00e9alis\u00e9s par les \u00e9tudiant(e)s seront visibles sur grand \u00e9cran.\u00a0<\/strong><\/p>\n<p>    <img width=\"800\" height=\"533\" src=\"https:\/\/www.europesays.com\/fr\/wp-content\/uploads\/2025\/10\/e-artsup-1-800x533.jpg\" class=\"attachment-image-size-L size-image-size-L\" alt=\"E-artsup (1)\" decoding=\"async\" loading=\"lazy\"  \/>         \u00a9 Bartosch Salmanski \/ Document remis <\/p>\n<p>De Strasbourg aux festivals internationaux<\/p>\n<p>Ce projet est avant tout <strong>l\u2019aboutissement d\u2019une p\u00e9dagogie ax\u00e9e sur la r\u00e9alisation de projets, <\/strong>soutenus et encadr\u00e9s par des professionnel(le)s.<\/p>\n<p>Les courts-m\u00e9trages pr\u00e9sent\u00e9s sont le fruit d\u2019une formation qui est bas\u00e9e sur plusieurs disciplines, la ma\u00eetrise des nouvelles technologies, et le souci absolu du d\u00e9tail.<\/p>\n<p>                <img width=\"888\" height=\"500\" src=\"https:\/\/www.europesays.com\/fr\/wp-content\/uploads\/2025\/10\/protocole-eveil-e-artsup-1-888x500.png\" class=\"attachment-gallery size-gallery\" alt=\"Protocole \u00e9veil e-artsup (1)\" data-full-url=\"https:\/\/pokaa.fr\/wp-content\/uploads\/2025\/09\/29\/protocole-eveil-e-artsup-1.png\" decoding=\"async\" loading=\"lazy\"  \/>            <\/p>\n<p>                <img width=\"888\" height=\"500\" src=\"https:\/\/www.europesays.com\/fr\/wp-content\/uploads\/2025\/10\/protocole-eveil-e-artsup-2-888x500.png\" class=\"attachment-gallery size-gallery\" alt=\"Protocole \u00e9veil e-artsup (2)\" data-full-url=\"https:\/\/pokaa.fr\/wp-content\/uploads\/2025\/09\/29\/protocole-eveil-e-artsup-2.png\" decoding=\"async\" loading=\"lazy\"  \/>            <\/p>\n<p>                    Extraits de \u00ab\u00a0Protocole \u00e9veil \u00bb, qui sera \u00e0 l&rsquo;affiche. \u00a9 Documents remis<\/p>\n<p>L\u2019occasion de d\u00e9couvrir des cr\u00e9ations o\u00f9 chaque plan, effet, animation ou ressort narratif a \u00e9t\u00e9 travaill\u00e9 avec le plus grand soin, pour le bonheur de vos mirettes. <strong>Le moment, aussi, de d\u00e9couvrir en exclusivit\u00e9 des petites p\u00e9pites, dont certaines risquent de voyager \u00e0 travers le monde\u2026<\/strong> Puisque l\u2019an dernier, certaines ont \u00e9t\u00e9 s\u00e9lectionn\u00e9es par des festivals internationaux\u00a0!<\/p>\n<p>    <img width=\"450\" height=\"600\" src=\"https:\/\/www.europesays.com\/fr\/wp-content\/uploads\/2025\/10\/img-4616-450x600.png\" class=\"attachment-image-size-M size-image-size-M\" alt=\"Cin\u00e9ma Vox\" decoding=\"async\" loading=\"lazy\"  \/>         \u00a9 Vivien Latuner \/ Pokaa <\/p>\n<p>De quoi <strong>en apprendre plus sur des m\u00e9tiers innovants, <\/strong>et peut-\u00eatre m\u00eame vous laisser tenter pour <strong>d\u00e9couvrir les formations que propose l\u2019\u00e9cole \u2013 dont les <a href=\"https:\/\/www.e-artsup.net\/journees-portes-ouvertes\/?CampaignId=701Tx00000cs3nxIAA\" target=\"_blank\" rel=\"noopener\">journ\u00e9es portes ouvertes<\/a> sont organis\u00e9es le 4 octobre prochain.<\/strong><\/p>\n<p>L\u2019\u00e9v\u00e9nement est totalement<strong> gratuit<\/strong>, mais il faut penser \u00e0 <a href=\"https:\/\/www.youtube.com\/shorts\/CstYREHFIuU\" target=\"_blank\" rel=\"noopener\"><strong>s\u2019inscrire par ici<\/strong><\/a>. Alors, vous venez soutenir la jeune cr\u00e9ation ?<\/p>\n<p>            E-artsup fait son cin\u00e9ma #2<\/p>\n<p>            Quoi ? <\/p>\n<p>Projection de films d\u2019animation r\u00e9alis\u00e9s par les \u00e9tudiant(e)s<\/p>\n<p>                Quand ?<\/p>\n<p>Le 9 octobre \u00e0 20h<\/p>\n<p>            o\u00f9 ?<\/p>\n<p>Cin\u00e9ma Vox, 17 rue des Francs-Bourgeois, \u00e0 Strasbourg<\/p>\n<p>                Plus d&rsquo;infos ?<\/p>\n<p><a href=\"https:\/\/www.e-artsup.net\/\" target=\"_blank\" rel=\"noopener\">Le site web de l\u2019\u00e9cole E-artsup<\/a><\/p>\n<p><a href=\"https:\/\/forms.office.com\/pages\/responsepage.aspx?id=3y4feas4bEyzI-qU3ZiP3ois4i7riMBOu_sTUwqjsvNUMjlBTUhUWkhaNkFCWEhaWFNWQUpLOEYyUi4u&amp;CampaignId=701Tx00000da903IAA&amp;route=shorturl\" target=\"_blank\" rel=\"noopener\">Formulaire d\u2019inscription \u00e0 l\u2019\u00e9v\u00e9nement (gratuit)<\/a><\/p>\n<p>    <img width=\"800\" height=\"533\" src=\"https:\/\/www.europesays.com\/fr\/wp-content\/uploads\/2025\/10\/e-artsup-2-800x533.jpg\" class=\"attachment-image-size-L size-image-size-L\" alt=\"E-artsup (2)\" decoding=\"async\" loading=\"lazy\"  \/>         \u00a9 Bartosch Salmanski \/ Document remis <\/p>\n","protected":false},"excerpt":{"rendered":"Accueil \/ Sorties \/ C\u2019est 100% gratuit : \u00e0 Strasbourg, un cin\u00e9 va diffuser des films d\u2019animation \u00e9tudiants&hellip;\n","protected":false},"author":2,"featured_media":429915,"comment_status":"","ping_status":"","sticky":false,"template":"","format":"standard","meta":{"footnotes":""},"categories":[2820],"tags":[1111,11,650,22460,55822,1777,674,55823,1011,27,775,12,25,640],"class_list":{"0":"post-429914","1":"post","2":"type-post","3":"status-publish","4":"format-standard","5":"has-post-thumbnail","7":"category-strasbourg","8":"tag-actu","9":"tag-actualites","10":"tag-cinema","11":"tag-courts-metrages","12":"tag-e-artsup","13":"tag-eu","14":"tag-europe","15":"tag-films-danimation","16":"tag-fr","17":"tag-france","18":"tag-grand-est","19":"tag-news","20":"tag-republique-francaise","21":"tag-strasbourg"},"share_on_mastodon":{"url":"https:\/\/pubeurope.com\/@fr\/115296245996262906","error":""},"_links":{"self":[{"href":"https:\/\/www.europesays.com\/fr\/wp-json\/wp\/v2\/posts\/429914","targetHints":{"allow":["GET"]}}],"collection":[{"href":"https:\/\/www.europesays.com\/fr\/wp-json\/wp\/v2\/posts"}],"about":[{"href":"https:\/\/www.europesays.com\/fr\/wp-json\/wp\/v2\/types\/post"}],"author":[{"embeddable":true,"href":"https:\/\/www.europesays.com\/fr\/wp-json\/wp\/v2\/users\/2"}],"replies":[{"embeddable":true,"href":"https:\/\/www.europesays.com\/fr\/wp-json\/wp\/v2\/comments?post=429914"}],"version-history":[{"count":0,"href":"https:\/\/www.europesays.com\/fr\/wp-json\/wp\/v2\/posts\/429914\/revisions"}],"wp:featuredmedia":[{"embeddable":true,"href":"https:\/\/www.europesays.com\/fr\/wp-json\/wp\/v2\/media\/429915"}],"wp:attachment":[{"href":"https:\/\/www.europesays.com\/fr\/wp-json\/wp\/v2\/media?parent=429914"}],"wp:term":[{"taxonomy":"category","embeddable":true,"href":"https:\/\/www.europesays.com\/fr\/wp-json\/wp\/v2\/categories?post=429914"},{"taxonomy":"post_tag","embeddable":true,"href":"https:\/\/www.europesays.com\/fr\/wp-json\/wp\/v2\/tags?post=429914"}],"curies":[{"name":"wp","href":"https:\/\/api.w.org\/{rel}","templated":true}]}}