{"id":429918,"date":"2025-10-01T01:11:14","date_gmt":"2025-10-01T01:11:14","guid":{"rendered":"https:\/\/www.europesays.com\/fr\/429918\/"},"modified":"2025-10-01T01:11:14","modified_gmt":"2025-10-01T01:11:14","slug":"celine-kopp-a-la-direction-du-mamac-nice","status":"publish","type":"post","link":"https:\/\/www.europesays.com\/fr\/429918\/","title":{"rendered":"C\u00e9line Kopp \u00e0 la direction du MAMAC Nice"},"content":{"rendered":"<p>\u00c0 quatre ans de sa r\u00e9ouverture, le MAMAC, mus\u00e9e d\u2019art moderne et d\u2019art contemporain de Nice, se dote d\u2019une nouvelle directrice, C\u00e9line Kopp (n\u00e9e en 1981), directrice du Magasin de Grenoble depuis 2022. Elle prendra ses fonctions le 1er\u00a0janvier\u00a02026\u00a0et succ\u00e9dera \u00e0 H\u00e9l\u00e8ne Guenin, qui, apr\u00e8s neuf ans en fonction, est partie diriger la Fondation Yves Klein en avril dernier. Johanne Lindskog, directrice du mus\u00e9e des Beaux-Arts de Nice, assure l\u2019int\u00e9rim jusqu\u2019\u00e0 l\u2019arriv\u00e9e de C\u00e9line Kopp, alors que\u2026<\/p>\n","protected":false},"excerpt":{"rendered":"\u00c0 quatre ans de sa r\u00e9ouverture, le MAMAC, mus\u00e9e d\u2019art moderne et d\u2019art contemporain de Nice, se dote&hellip;\n","protected":false},"author":2,"featured_media":429919,"comment_status":"","ping_status":"","sticky":false,"template":"","format":"standard","meta":{"footnotes":""},"categories":[2819],"tags":[1111,11,1396,55829,55827,1777,674,1011,27,55825,55824,55828,884,7107,12,2401,882,25,55826,55830],"class_list":{"0":"post-429918","1":"post","2":"type-post","3":"status-publish","4":"format-standard","5":"has-post-thumbnail","7":"category-nice","8":"tag-actu","9":"tag-actualites","10":"tag-art-contemporain","11":"tag-celine-kopp","12":"tag-curatrices","13":"tag-eu","14":"tag-europe","15":"tag-fr","16":"tag-france","17":"tag-julien-creuzet","18":"tag-le-magasin-de-grenoble","19":"tag-mamac-nice","20":"tag-marseille","21":"tag-musees","22":"tag-news","23":"tag-nice","24":"tag-provence-alpes-cote-dazur","25":"tag-republique-francaise","26":"tag-residences-dartiste","27":"tag-triangle-asterides"},"share_on_mastodon":{"url":"","error":""},"_links":{"self":[{"href":"https:\/\/www.europesays.com\/fr\/wp-json\/wp\/v2\/posts\/429918","targetHints":{"allow":["GET"]}}],"collection":[{"href":"https:\/\/www.europesays.com\/fr\/wp-json\/wp\/v2\/posts"}],"about":[{"href":"https:\/\/www.europesays.com\/fr\/wp-json\/wp\/v2\/types\/post"}],"author":[{"embeddable":true,"href":"https:\/\/www.europesays.com\/fr\/wp-json\/wp\/v2\/users\/2"}],"replies":[{"embeddable":true,"href":"https:\/\/www.europesays.com\/fr\/wp-json\/wp\/v2\/comments?post=429918"}],"version-history":[{"count":0,"href":"https:\/\/www.europesays.com\/fr\/wp-json\/wp\/v2\/posts\/429918\/revisions"}],"wp:featuredmedia":[{"embeddable":true,"href":"https:\/\/www.europesays.com\/fr\/wp-json\/wp\/v2\/media\/429919"}],"wp:attachment":[{"href":"https:\/\/www.europesays.com\/fr\/wp-json\/wp\/v2\/media?parent=429918"}],"wp:term":[{"taxonomy":"category","embeddable":true,"href":"https:\/\/www.europesays.com\/fr\/wp-json\/wp\/v2\/categories?post=429918"},{"taxonomy":"post_tag","embeddable":true,"href":"https:\/\/www.europesays.com\/fr\/wp-json\/wp\/v2\/tags?post=429918"}],"curies":[{"name":"wp","href":"https:\/\/api.w.org\/{rel}","templated":true}]}}