{"id":429923,"date":"2025-10-01T01:14:18","date_gmt":"2025-10-01T01:14:18","guid":{"rendered":"https:\/\/www.europesays.com\/fr\/429923\/"},"modified":"2025-10-01T01:14:18","modified_gmt":"2025-10-01T01:14:18","slug":"vingt-nouvelles-places-en-creche-a-bordeaux-euratlantique-une-goutte-deau-dans-locean-des-demandes-selon-lopposition","status":"publish","type":"post","link":"https:\/\/www.europesays.com\/fr\/429923\/","title":{"rendered":"Vingt nouvelles places en cr\u00e8che \u00e0 Bordeaux Euratlantique, \u00ab\u00a0une goutte d\u2019eau dans l\u2019oc\u00e9an des demandes\u00a0\u00bb selon l\u2019opposition"},"content":{"rendered":"<p>Le d\u00e9bat <a href=\"https:\/\/www.sudouest.fr\/gironde\/bordeaux\/le-vrai-du-faux-y-a-t-il-vraiment-moins-de-places-en-creche-a-bordeaux-25682277.php\" target=\"_blank\" rel=\"follow nofollow noopener\">sur le nombre de place dans les cr\u00e8ches publiques \u00e0 Bordeaux<\/a> ne cesse de rebondir. Au printemps 2025, le d\u00e9put\u00e9 Renaissance Thomas Cazenave avait affirm\u00e9 qu\u2019il y a moins de places dans les cr\u00e8ches qu\u2019au d\u00e9but du mandat. Ce mardi 30\u00a0septembre, une d\u00e9lib\u00e9ration plut\u00f4t anodine sur une garantie d\u2019emprunt accord\u00e9e par la municipalit\u00e9 \u00e0 l\u2019association Canaillous pour la cr\u00e9ation de 20 places en cr\u00e8che dans le quartier d\u2019Euratlantique relance les hostilit\u00e9s.<\/p>\n<p>Pendant plus d\u2019une heure, la salle du conseil municipal a servi de table de ping-pong entre la majorit\u00e9 et l\u2019opposition. En 2020, fra\u00eechement \u00e9lu, le maire avait promis la cr\u00e9ation de 500 places sur la dur\u00e9e du mandat. Depuis, l\u2019opposition n\u2019a de cesse de tenir la comptabilit\u00e9 des cr\u00e9ations, et de contester les chiffres officiels. Elle le fait sciemment en cette rentr\u00e9e o\u00f9, selon le centriste Fabien Robert, de nombreuses familles seraient confront\u00e9es \u00e0 une v\u00e9ritable p\u00e9nurie de places en cr\u00e8che.<\/p>\n<p>P\u00e9nurie de personnel<\/p>\n<p>Selon l\u2019adjointe \u00e0 la petite enfance Fannie Le Boulanger, 496 places ont \u00e9t\u00e9 cr\u00e9\u00e9es depuis 2020 soit en direct par la municipalit\u00e9, soit via son soutien \u00e0 des structures associatives, soit, enfin, en r\u00e9servant des berceaux publics dans des cr\u00e8ches priv\u00e9es. Pas tr\u00e8s loin, donc, des 500 places promises. Sauf que pr\u00e8s de 250 places ont \u00e9t\u00e9 ferm\u00e9es dans le m\u00eame temps. Quelque 178 places ont \u00e9t\u00e9 ferm\u00e9es dans les cr\u00e8ches publiques, dont 60 dans la seule cr\u00e8che Albert-Barraud en raison de locaux inadapt\u00e9s. Dans le milieu associatif, les \u00e9tablissements sont confront\u00e9s \u00e0 la p\u00e9nurie de personnel, ce qui peut entra\u00eener des fermetures\u00a0: 52 places cr\u00e9\u00e9es depuis 2020, mais 38 fermetures. C\u00f4t\u00e9 cr\u00e8ches priv\u00e9es enfin, il y a eu 80 r\u00e9servations de berceaux par la mairie, mais 30 fermetures.<\/p>\n<p>\u00ab\u00a0 La politique familiale n\u2019a jamais \u00e9t\u00e9 prioritaire \u00bb<\/p>\n<p>Membre du groupe droite et centre, G\u00e9raldine Amouroux note que \u00ab\u00a0le nombre de places en cr\u00e8ches a baiss\u00e9 de 2\u00a0%, alors que la population augmente de 3\u00a0% par an. Nous saluons l\u2019initiative \u00e0 Euratlantique, mais c\u2019est une goutte d\u2019eau dans l\u2019oc\u00e9an des demandes. C\u2019est la m\u00eame chose avec l\u2019accueil p\u00e9riscolaire du mercredi. Faute de place, on jongle avec les grands-parents, les amis, certains parents prennent des cong\u00e9s sans solde pour garder les enfants. La politique familiale n\u2019a jamais \u00e9t\u00e9 prioritaire.\u00a0\u00bb Anne Fahmy (Renaissance) ajoute que \u00ab\u00a0vous allez communiquer sur les 250 places nouvelles, mais vous en aviez promis 500\u00a0\u00bb.<\/p>\n<blockquote><p>\u00ab\u00a0Faute de place, on jongle avec les grands-parents, les amis, certains parents prennent des cong\u00e9s sans solde\u00a0\u00bb<\/p><\/blockquote>\n<p>Adjointe au scolaire, Sylvie Schmitt monte en d\u00e9fense\u00a0: \u00ab\u00a0Nous avons une dynamique de l\u2019accueil de l\u2019enfance. La population augmente de 3\u00a0%, le budget enfance de +\u00a032\u00a0%. Nous avons aujourd\u2019hui 1\u00a0258 places de plus sur l\u2019accueil du mercredi, et 800 pendant les vacances, c\u2019est un effort exceptionnel.\u00a0\u00bb Fannie Le Boulanger ajoute que dans le p\u00e9rim\u00e8tre d\u2019Euratlantique, objet de la d\u00e9lib\u00e9ration du jour, la majorit\u00e9 pr\u00e9c\u00e9dente \u00ab\u00a0n\u2019avait pr\u00e9vu aucune place nouvelle en cr\u00e8ches, il a fallu r\u00e9server des berceaux ailleurs\u00a0\u00bb.<\/p>\n<p>Fabien Robert lance une derni\u00e8re pique, en forme de supplique\u00a0: \u00ab\u00a0On vous demande de tenir compte des difficult\u00e9s des familles.\u00a0\u00bb<\/p>\n","protected":false},"excerpt":{"rendered":"Le d\u00e9bat sur le nombre de place dans les cr\u00e8ches publiques \u00e0 Bordeaux ne cesse de rebondir. Au&hellip;\n","protected":false},"author":2,"featured_media":429924,"comment_status":"","ping_status":"","sticky":false,"template":"","format":"standard","meta":{"footnotes":""},"categories":[2817],"tags":[1111,11,1997,1777,674,1011,27,12,2219,25],"class_list":{"0":"post-429923","1":"post","2":"type-post","3":"status-publish","4":"format-standard","5":"has-post-thumbnail","7":"category-bordeaux","8":"tag-actu","9":"tag-actualites","10":"tag-bordeaux","11":"tag-eu","12":"tag-europe","13":"tag-fr","14":"tag-france","15":"tag-news","16":"tag-nouvelle-aquitaine","17":"tag-republique-francaise"},"share_on_mastodon":{"url":"https:\/\/pubeurope.com\/@fr\/115296263466967824","error":""},"_links":{"self":[{"href":"https:\/\/www.europesays.com\/fr\/wp-json\/wp\/v2\/posts\/429923","targetHints":{"allow":["GET"]}}],"collection":[{"href":"https:\/\/www.europesays.com\/fr\/wp-json\/wp\/v2\/posts"}],"about":[{"href":"https:\/\/www.europesays.com\/fr\/wp-json\/wp\/v2\/types\/post"}],"author":[{"embeddable":true,"href":"https:\/\/www.europesays.com\/fr\/wp-json\/wp\/v2\/users\/2"}],"replies":[{"embeddable":true,"href":"https:\/\/www.europesays.com\/fr\/wp-json\/wp\/v2\/comments?post=429923"}],"version-history":[{"count":0,"href":"https:\/\/www.europesays.com\/fr\/wp-json\/wp\/v2\/posts\/429923\/revisions"}],"wp:featuredmedia":[{"embeddable":true,"href":"https:\/\/www.europesays.com\/fr\/wp-json\/wp\/v2\/media\/429924"}],"wp:attachment":[{"href":"https:\/\/www.europesays.com\/fr\/wp-json\/wp\/v2\/media?parent=429923"}],"wp:term":[{"taxonomy":"category","embeddable":true,"href":"https:\/\/www.europesays.com\/fr\/wp-json\/wp\/v2\/categories?post=429923"},{"taxonomy":"post_tag","embeddable":true,"href":"https:\/\/www.europesays.com\/fr\/wp-json\/wp\/v2\/tags?post=429923"}],"curies":[{"name":"wp","href":"https:\/\/api.w.org\/{rel}","templated":true}]}}