{"id":429928,"date":"2025-10-01T01:17:13","date_gmt":"2025-10-01T01:17:13","guid":{"rendered":"https:\/\/www.europesays.com\/fr\/429928\/"},"modified":"2025-10-01T01:17:13","modified_gmt":"2025-10-01T01:17:13","slug":"un-week-end-avec-shows-de-sports-aeriens-ateliers-stands-et-animations-pour-octobre-rose","status":"publish","type":"post","link":"https:\/\/www.europesays.com\/fr\/429928\/","title":{"rendered":"un week-end avec shows de sports a\u00e9riens, ateliers, stands et animations pour Octobre rose"},"content":{"rendered":"<p>            Par<br \/>\n        <strong><br \/>\n            <a href=\"https:\/\/actu.fr\/auteur\/valentine-gaxieu-actu-fr\" title=\"Consulter tous les articles de Valentine Gaxieu\" target=\"_blank\" rel=\"noopener\">Valentine Gaxieu<\/a><br \/>\n        <\/strong><\/p>\n<p>        Publi\u00e9 le<\/p>\n<p>            30 sept. 2025 \u00e0 20h21        <\/p>\n<p>Apr\u00e8s avoir r\u00e9colt\u00e9<b> 5\u2009845\u00a0\u20ac <\/b>pour l\u2019Oncopole de Toulouse en 2024, l\u2019\u00e9ducatrice sportive Audrey Lavit, \u00e0 travers son association <a href=\"https:\/\/www.facebook.com\/LGARDELAFORME\/?locale=fr_FR\" target=\"_blank\" rel=\"noopener\">L\u2019Garde la forme<\/a>, r\u00e9organise cette ann\u00e9e un <b>week-end festif<\/b>, sportif et de bien-\u00eatre \u00e0 <a href=\"https:\/\/actu.fr\/occitanie\/ayguesvives_31004\" target=\"_blank\" rel=\"noopener\">Ayguesvives<\/a>, les samedi\u00a04 et dimanche 5\u00a0octobre, dans le cadre d\u2019<b>Octobre rose<\/b> et toujours au profit de l\u2019\u00e9tablissement. \u00ab\u2009Pour moi, c\u2019\u00e9tait tr\u00e8s important de <b>lier le sport, le bien-\u00eatre et le m\u00e9dical<\/b>, pour que les visiteurs puissent avoir le plus de r\u00e9ponses possibles \u00e0 leurs questions\u2009\u00bb, explique-t-elle \u00e0 <a href=\"https:\/\/actu.fr\/voix-du-midi-lauragais\/\" target=\"_blank\" rel=\"noopener\">Voix du Midi Lauragais<\/a>.<\/p>\n<p class=\" wall-content\">Pour rappel, cette campagne annuelle mondiale de communication, qui dure tout le mois d\u2019octobre, est destin\u00e9e \u00e0 sensibiliser les femmes au <b>d\u00e9pistage du cancer du sein<\/b> et \u00e0 r\u00e9colter des fonds pour la recherche.<\/p>\n<p>Conf\u00e9rence et soir\u00e9e festive<\/p>\n<p class=\" wall-content\">Un <b>d\u00e9fil\u00e9<\/b> et des spectacles de <b>sports a\u00e9riens<\/b> (pole dance, cerceau et hamac) sont pr\u00e9vus le samedi 4\u00a0octobre \u00e0 partir de 18\u2009h, dans la salle de l\u2019Orangerie. Ils seront suivis d\u2019une <b>conf\u00e9rence de pr\u00e9vention et de sensibilisation<\/b>, avec un gyn\u00e9cologue, une kin\u00e9siologue, une nutritionniste et des infirmi\u00e8res.<\/p>\n<p class=\" wall-content\">Un<b> <\/b>repas (paella ou poulet basque \u00e0 la cr\u00e8me, dessert et vin) <b>sur r\u00e9servation<\/b> est organis\u00e9 \u00e0 20\u2009h, ainsi qu\u2019une <b>soir\u00e9e festive<\/b> anim\u00e9e par le duo pop rock Seize the Day (p\u00e8re et fille).<\/p>\n<p>Vid\u00e9os : en ce moment sur ActuDes circuits pour marcher et une trentaine de stands<\/p>\n<p class=\" wall-content\">Le dimanche 5\u00a0octobre, <b>deux circuits de marche<\/b> sont propos\u00e9s, sur inscription, au d\u00e9part de l\u2019Orangerie. La premi\u00e8re boucle, de <b>10\u00a0km<\/b>, d\u00e9butera \u00e0 9\u2009h\u200930 (7\u00a0\u20ac), et la deuxi\u00e8me, de <b>5\u00a0km<\/b>, \u00e0 10\u2009h\u200930 (5\u00a0\u20ac).<\/p>\n<p class=\" wall-content\">En parall\u00e8le, <b>plus de 30 stands<\/b> seront pr\u00e9sents \u00e0 l\u2019int\u00e9rieur de la salle. Le <b>corps m\u00e9dical<\/b> sera repr\u00e9sent\u00e9 avec l\u2019Oncopole, un gyn\u00e9cologue, des infirmiers, des sages-femmes, une nutritionniste ou encore une exposante qui vend des <b>proth\u00e8ses mammaires<\/b> pour les personnes atteintes ou anciennement atteintes du cancer du sein.<\/p>\n<p>Votre r\u00e9gion, votre actu !<\/p>\n<p>Recevez chaque jour les infos qui comptent pour vous.<\/p>\n<p>\t<a href=\"https:\/\/actu.fr\/newsletter\" class=\"ac-btn ac-btn--corner ac-btn--medium ac-btn--blue800\" target=\"_blank\" rel=\"noopener\">S&rsquo;incrire<\/a><br \/>\nUn espace bien-\u00eatre et des ateliers<\/p>\n<p class=\" wall-content\">Le public pourra aussi profiter d\u2019un coin <b>vente-artisanat<\/b> avec des bijoux et accessoires, du cosm\u00e9tique, des perruques ou encore des v\u00eatements, mais \u00e9galement d\u2019un <b>espace bien-\u00eatre<\/b> avec une sophrologue, une kin\u00e9siologue, une hypnotiseuse, une \u00e9nerg\u00e9ticienne, une tatoueuse ou encore une naturopathe.<\/p>\n<p class=\" wall-content\">Des<b> animations<\/b> seront \u00e9galement pr\u00e9vues toute la journ\u00e9e, comme des <b>ateliers d\u00e9couverte<\/b> de nutrition, d\u2019auto-palpation (intimit\u00e9 respect\u00e9e), de bungyPump, de fitball ou encore de fit stick, ainsi que des<b> massages<\/b>, de l\u2019hypnose, de la danse et des <b>mini-conf\u00e9rences<\/b>.<\/p>\n<p><b>Infos pratiques<\/b><br \/>Les samedi\u00a04 et dimanche 5\u00a0octobre \u00e0 la salle de l\u2019Orangerie \u2013 11 place du Fort, \u00e0 Ayguesvives.<br \/>R\u00e9servation au 06\u200919\u200939\u200975\u200973 ou \u00e0 l\u2019adresse <a href=\"https:\/\/actu.fr\/cdn-cgi\/l\/email-protection\" class=\"__cf_email__\" data-cfemail=\"abc7cccad9cfcec7cacdc4d9c6ce989aebccc6cac2c785c8c4c6\" target=\"_blank\" rel=\"noopener\">[email\u00a0protected]<\/a>. Si le repas est complet, possibilit\u00e9 de participer aux autres animations.<br \/>Pour la journ\u00e9e du dimanche, buvette et restauration sur place, ainsi qu\u2019une tombola. Plus d\u2019infos et programme complet \u00e0 l\u2019adresse <a href=\"https:\/\/lgardelaforme.s2.yapla.com\/fr\/\" target=\"_blank\" rel=\"noopener\">ici<\/a>.<\/p>\n<p class=\" wall-content\">Personnalisez votre actualit\u00e9 en ajoutant vos villes et m\u00e9dias en favori avec <a href=\"https:\/\/moncompte.actu.fr\" title=\"D\u00e9couvez Mon Actu\" rel=\"nofollow noopener\" data-trk=\"{&quot;cta&quot;:{&quot;action&quot;:&quot;https:\\\/\\\/moncompte.actu.fr&quot;,&quot;category&quot;:&quot;mon compte&quot;,&quot;from&quot;:&quot;article footer&quot;,&quot;name&quot;:&quot;Mon actu&quot;,&quot;type&quot;:&quot;cta&quot;}}\" target=\"_blank\">Mon Actu<\/a>.<\/p>\n","protected":false},"excerpt":{"rendered":"Par Valentine Gaxieu Publi\u00e9 le 30 sept. 2025 \u00e0 20h21 Apr\u00e8s avoir r\u00e9colt\u00e9 5\u2009845\u00a0\u20ac pour l\u2019Oncopole de Toulouse&hellip;\n","protected":false},"author":2,"featured_media":429929,"comment_status":"","ping_status":"","sticky":false,"template":"","format":"standard","meta":{"footnotes":""},"categories":[2816],"tags":[1111,11,1063,101,1777,674,1011,27,12,2680,54321,25,104,2312],"class_list":{"0":"post-429928","1":"post","2":"type-post","3":"status-publish","4":"format-standard","5":"has-post-thumbnail","7":"category-toulouse","8":"tag-actu","9":"tag-actualites","10":"tag-animations","11":"tag-cancer","12":"tag-eu","13":"tag-europe","14":"tag-fr","15":"tag-france","16":"tag-news","17":"tag-occitanie","18":"tag-octobre-rose","19":"tag-republique-francaise","20":"tag-societe","21":"tag-toulouse"},"share_on_mastodon":{"url":"https:\/\/pubeurope.com\/@fr\/115296275269274866","error":""},"_links":{"self":[{"href":"https:\/\/www.europesays.com\/fr\/wp-json\/wp\/v2\/posts\/429928","targetHints":{"allow":["GET"]}}],"collection":[{"href":"https:\/\/www.europesays.com\/fr\/wp-json\/wp\/v2\/posts"}],"about":[{"href":"https:\/\/www.europesays.com\/fr\/wp-json\/wp\/v2\/types\/post"}],"author":[{"embeddable":true,"href":"https:\/\/www.europesays.com\/fr\/wp-json\/wp\/v2\/users\/2"}],"replies":[{"embeddable":true,"href":"https:\/\/www.europesays.com\/fr\/wp-json\/wp\/v2\/comments?post=429928"}],"version-history":[{"count":0,"href":"https:\/\/www.europesays.com\/fr\/wp-json\/wp\/v2\/posts\/429928\/revisions"}],"wp:featuredmedia":[{"embeddable":true,"href":"https:\/\/www.europesays.com\/fr\/wp-json\/wp\/v2\/media\/429929"}],"wp:attachment":[{"href":"https:\/\/www.europesays.com\/fr\/wp-json\/wp\/v2\/media?parent=429928"}],"wp:term":[{"taxonomy":"category","embeddable":true,"href":"https:\/\/www.europesays.com\/fr\/wp-json\/wp\/v2\/categories?post=429928"},{"taxonomy":"post_tag","embeddable":true,"href":"https:\/\/www.europesays.com\/fr\/wp-json\/wp\/v2\/tags?post=429928"}],"curies":[{"name":"wp","href":"https:\/\/api.w.org\/{rel}","templated":true}]}}