{"id":42993,"date":"2025-04-22T03:17:22","date_gmt":"2025-04-22T03:17:22","guid":{"rendered":"https:\/\/www.europesays.com\/fr\/42993\/"},"modified":"2025-04-22T03:17:22","modified_gmt":"2025-04-22T03:17:22","slug":"teji-savanier-pousse-par-montpellier-vers-la-sortie-2","status":"publish","type":"post","link":"https:\/\/www.europesays.com\/fr\/42993\/","title":{"rendered":"T\u00e9ji Savanier pouss\u00e9 par Montpellier vers la sortie"},"content":{"rendered":"<p>Une page de l\u2019histoire r\u00e9cente du MHSC va se tourner cet \u00e9t\u00e9. Quasiment condamn\u00e9 \u00e0 la rel\u00e9gation en Ligue 2 apr\u00e8s <a href=\"https:\/\/rmcsport.bfmtv.com\/football\/clubs\/olympique-marseille\/direct-om-montpellier-suivez-le-match-de-la-30e-journee-de-ligue-1-au-velodrome-en-live_LS-202504190172.html\" rel=\"nofollow noopener\" target=\"_blank\" data-ylk=\"slk:le lourd revers (1-5) conc\u00e9d\u00e9 \u00e0 Marseille;elm:context_link;itc:0;sec:content-canvas\" class=\"link \">le lourd revers (1-5) conc\u00e9d\u00e9 \u00e0 Marseille<\/a>, le club h\u00e9raultais va se s\u00e9parer de son meneur de jeu <a href=\"https:\/\/fr.news.yahoo.com\/sport\/montpellier-brassard-retir%C3%A9-banc-face-163115797.html\" data-ylk=\"slk:T\u00e9ji Savanier;elm:context_link;itc:0;sec:content-canvas;outcm:mb_qualified_link;_E:mb_qualified_link;ct:story;\" class=\"link  yahoo-link\" target=\"_blank\" rel=\"noopener\">T\u00e9ji Savanier<\/a> \u00e0 l\u2019issue de la saison, rapporte le quotidien L\u2019Equipe. Les dirigeants du MHSC ont annonc\u00e9 \u00e0 l\u2019enfant de la cit\u00e9 G\u00e9ly de Figuerolles qu\u2019ils ne compteraient plus sur lui la saison prochaine, en Ligue 2.<\/p>\n<p>Au club depuis 2019, le petit g\u00e9nie qui a enchant\u00e9 la Mosson de ses dribbles et de sa technique balle au pied est sous contrat jusqu\u2019en 2026 avec le MHSC. Courtis\u00e9 par l\u2019Arabie saoudite en janvier, T\u00e9ji Savanier \u00e9tait finalement rest\u00e9 cet hiver malgr\u00e9 une offre s\u00e9duisante du club d\u2019Al-Taawoun.<\/p>\n<p>Dans le dur sur le plan financier en raison notamment de la baisse des recettes li\u00e9es aux droits TV, Montpellier va devoir adapter son train de vie \u00e0 celui d\u2019un club de Ligue 2, avec un budget qui devrait subir quelques coupes, \u00e0 commencer par la masse salariale, le club \u00e9tant en plus autoris\u00e9 par les r\u00e8glements \u00e0 diminuer le montant des contrats de ses joueurs professionnels (de 20% en cas de descente en Ligue 2). D\u2019autres tauliers du club seront encourag\u00e9s \u00e0 partir.<\/p>\n<p>D\u00e9chu du statut de capitaine<\/p>\n<p>Longtemps indiscutable \u00e0 Montpellier en d\u00e9pit de ses exc\u00e8s, le meneur de jeu embl\u00e9matique du MHSC a travers\u00e9 une saison 2024-2025 parsem\u00e9e de contre-performances et de pol\u00e9miques. <a href=\"https:\/\/fr.news.yahoo.com\/sport\/peux-avoir-cinq-voire-huit-111504631.html\" data-ylk=\"slk:Tanc\u00e9 par son ancien coach Michel Der Zakarian;elm:context_link;itc:0;sec:content-canvas;outcm:mb_qualified_link;_E:mb_qualified_link;ct:story;\" class=\"link  yahoo-link\" target=\"_blank\" rel=\"noopener\">Tanc\u00e9 par son ancien coach Michel Der Zakarian<\/a> dans une interview \u00e0 So Foot pour son manque de professionnalisme et une hygi\u00e8ne de vie qui tranche avec les exigences du haut niveau, T\u00e9ji Savanier a perdu son statut de capitaine apr\u00e8s un incident en Coupe de France.<\/p>\n<p>Invectiv\u00e9 et chambr\u00e9 par un fan lors de l\u2019\u00e9limination contre les amateurs du Puy (N2), T\u00e9ji Savanier avait estim\u00e9 ne pas \u00eatre trop d\u00e9rang\u00e9 en touchant \u00ab\u00a0210.000 euros par mois\u00a0\u00bb (son salaire \u00e0 Montpellier). Le milieu offensif avait ensuite \u00e9t\u00e9 sanctionn\u00e9 par sa direction, puis Jean-Louis Gasset lui avait retir\u00e9 le brassard.<\/p>\n<p>Rest\u00e9 sur le banc contre l\u2019OM, Zoumana Camara lui pr\u00e9f\u00e9rant depuis son arriv\u00e9e sur le banc des jeunes joueurs qui repr\u00e9sentent l\u2019avenir, T\u00e9ji Savanier n\u2019a inscrit que deux petits buts et donn\u00e9 cinq passes d\u00e9cisives en 28 rencontres cette saison, toutes comp\u00e9titions confondues. Au cr\u00e9puscule de leur aventure commune, le divorce entre T\u00e9ji Savanier et Montpellier sera ex\u00e9cut\u00e9 dans une atmosph\u00e8re qui ne respire pas vraiment la s\u00e9r\u00e9nit\u00e9 tant le comportement du joueur semble susciter des crispations en interne.<\/p>\n<p><a href=\"https:\/\/rmcsport.bfmtv.com\/football\/ligue-1\/mercato-teji-savanier-pousse-par-montpellier-vers-la-sortie_AV-202504200197.html#xtor=AL-68\" rel=\"nofollow noopener\" target=\"_blank\" data-ylk=\"slk:Article original publi\u00e9 sur RMC Sport;elm:context_link;itc:0;sec:content-canvas\" class=\"link \">Article original publi\u00e9 sur RMC Sport<\/a><\/p>\n","protected":false},"excerpt":{"rendered":"Une page de l\u2019histoire r\u00e9cente du MHSC va se tourner cet \u00e9t\u00e9. Quasiment condamn\u00e9 \u00e0 la rel\u00e9gation en&hellip;\n","protected":false},"author":2,"featured_media":42994,"comment_status":"","ping_status":"","sticky":false,"template":"","format":"standard","meta":{"footnotes":""},"categories":[9599],"tags":[1111,11,1777,674,1011,27,446,463,2208,12,2680,25,13006,13007],"class_list":{"0":"post-42993","1":"post","2":"type-post","3":"status-publish","4":"format-standard","5":"has-post-thumbnail","7":"category-montpellier","8":"tag-actu","9":"tag-actualites","10":"tag-eu","11":"tag-europe","12":"tag-fr","13":"tag-france","14":"tag-ligue-2","15":"tag-mhsc","16":"tag-montpellier","17":"tag-news","18":"tag-occitanie","19":"tag-republique-francaise","20":"tag-teji-savanier","21":"tag-zoumana-camara"},"share_on_mastodon":{"url":"https:\/\/pubeurope.com\/@fr\/114379452790138672","error":""},"_links":{"self":[{"href":"https:\/\/www.europesays.com\/fr\/wp-json\/wp\/v2\/posts\/42993","targetHints":{"allow":["GET"]}}],"collection":[{"href":"https:\/\/www.europesays.com\/fr\/wp-json\/wp\/v2\/posts"}],"about":[{"href":"https:\/\/www.europesays.com\/fr\/wp-json\/wp\/v2\/types\/post"}],"author":[{"embeddable":true,"href":"https:\/\/www.europesays.com\/fr\/wp-json\/wp\/v2\/users\/2"}],"replies":[{"embeddable":true,"href":"https:\/\/www.europesays.com\/fr\/wp-json\/wp\/v2\/comments?post=42993"}],"version-history":[{"count":0,"href":"https:\/\/www.europesays.com\/fr\/wp-json\/wp\/v2\/posts\/42993\/revisions"}],"wp:featuredmedia":[{"embeddable":true,"href":"https:\/\/www.europesays.com\/fr\/wp-json\/wp\/v2\/media\/42994"}],"wp:attachment":[{"href":"https:\/\/www.europesays.com\/fr\/wp-json\/wp\/v2\/media?parent=42993"}],"wp:term":[{"taxonomy":"category","embeddable":true,"href":"https:\/\/www.europesays.com\/fr\/wp-json\/wp\/v2\/categories?post=42993"},{"taxonomy":"post_tag","embeddable":true,"href":"https:\/\/www.europesays.com\/fr\/wp-json\/wp\/v2\/tags?post=42993"}],"curies":[{"name":"wp","href":"https:\/\/api.w.org\/{rel}","templated":true}]}}