{"id":429934,"date":"2025-10-01T01:20:24","date_gmt":"2025-10-01T01:20:24","guid":{"rendered":"https:\/\/www.europesays.com\/fr\/429934\/"},"modified":"2025-10-01T01:20:24","modified_gmt":"2025-10-01T01:20:24","slug":"manuel-bompard-et-sebastien-delogu-lfi-proposent-une-loi-pour-ouvrir-une-salle-de-shoot-a-marseille","status":"publish","type":"post","link":"https:\/\/www.europesays.com\/fr\/429934\/","title":{"rendered":"Manuel Bompard et S\u00e9bastien Delogu (LFI) proposent une loi pour ouvrir une \u00ab\u00a0salle de shoot\u00a0\u00bb \u00e0 Marseille"},"content":{"rendered":"<p>Les d\u00e9put\u00e9s insoumis Manuel Bompard et S\u00e9bastien Delogu ont voulu coucher noir sur blanc le fond de leur pens\u00e9e\u00a0: \u00ab\u00a0La <a href=\"https:\/\/www.laprovence.com\/article\/region\/1264035811074315\/consommation-de-drogue-a-marseille-cest-du-jamais-vu-travailleurs-de-rue-et-militants-associatifs-sont-a-bout\" target=\"_blank\" rel=\"noopener\">consommation de drogues<\/a> dans l\u2019espace public, en <a href=\"https:\/\/www.laprovence.com\/article\/region\/84003800051387\/consommation-de-crack-a-marseille-je-sais-que-je-vais-fumer-jusqua-mourir\" target=\"_blank\" rel=\"noopener\">particulier de crack<\/a>, constitue un probl\u00e8me de sant\u00e9 publique majeur. Elle engendre des risques graves pour les personnes en situation d\u2019addiction, comme pour les riverains des quartiers concern\u00e9s.\u00a0\u00bb<\/p>\n<p>Dans une lettre ouverte, ils condamnent \u00ab\u00a0l\u2019impasse dans laquelle s\u2019enferme le pr\u00e9fet des Bouches-du-Rh\u00f4ne\u00a0\u00bb, ce dernier <a href=\"https:\/\/www.laprovence.com\/article\/region\/31653528322488\/marseille-le-prefet-enterre-le-projet-de-salle-de-shoot\" target=\"_blank\" rel=\"noopener\">s\u2019\u00e9tant fermement oppos\u00e9, jeudi 25\u00a0septembre, \u00e0 toute ouverture d\u2019une halte soins addictions (HSA)<\/a>, salle de consommation \u00e0 moindre risque pour les usagers de drogue, en centre-ville.<\/p>\n<p>Les deux \u00e9lus accusent Georges-Fran\u00e7ois Leclerc de \u00ab\u00a0condamner les personnes malades et les riverains \u00e0 subir les cons\u00e9quences d\u2019un probl\u00e8me sanitaire qui ne peut \u00eatre r\u00e9solu que par des solutions sanitaires\u00a0\u00bb en privil\u00e9giant la <a href=\"https:\/\/www.laprovence.com\/article\/societe\/102003110789814\/consommation-de-drogues-a-marseille-une-marche-contre-la-repression\" target=\"_blank\" rel=\"noopener\">r\u00e9pression<\/a> polici\u00e8re et la lutte contre les points de deal. Et ils appellent la mairie de Marseille, l\u2019Agence r\u00e9gionale de sant\u00e9 (ARS) et le minist\u00e8re de la Sant\u00e9 &#8211; \u00e0 l\u2019origine du dispositif exp\u00e9rimental des \u00ab\u00a0salles de shoot\u00a0\u00bb &#8211; \u00e0 en ouvrir une en urgence, \u00ab\u00a0face \u00e0 la recrudescence de la consommation de dro&#8230;<\/p>\n","protected":false},"excerpt":{"rendered":"Les d\u00e9put\u00e9s insoumis Manuel Bompard et S\u00e9bastien Delogu ont voulu coucher noir sur blanc le fond de leur&hellip;\n","protected":false},"author":2,"featured_media":429935,"comment_status":"","ping_status":"","sticky":false,"template":"","format":"standard","meta":{"footnotes":""},"categories":[2814],"tags":[17,1111,11,31037,17418,1777,674,1011,27,780,42952,884,12,50732,882,16,25,17417,96],"class_list":{"0":"post-429934","1":"post","2":"type-post","3":"status-publish","4":"format-standard","5":"has-post-thumbnail","7":"category-marseille","8":"tag-17","9":"tag-actu","10":"tag-actualites","11":"tag-bompard","12":"tag-delogu","13":"tag-eu","14":"tag-europe","15":"tag-fr","16":"tag-france","17":"tag-lfi","18":"tag-manuel","19":"tag-marseille","20":"tag-news","21":"tag-proposent","22":"tag-provence-alpes-cote-dazur","23":"tag-region","24":"tag-republique-francaise","25":"tag-sebastien","26":"tag-une"},"share_on_mastodon":{"url":"https:\/\/pubeurope.com\/@fr\/115296287218278992","error":""},"_links":{"self":[{"href":"https:\/\/www.europesays.com\/fr\/wp-json\/wp\/v2\/posts\/429934","targetHints":{"allow":["GET"]}}],"collection":[{"href":"https:\/\/www.europesays.com\/fr\/wp-json\/wp\/v2\/posts"}],"about":[{"href":"https:\/\/www.europesays.com\/fr\/wp-json\/wp\/v2\/types\/post"}],"author":[{"embeddable":true,"href":"https:\/\/www.europesays.com\/fr\/wp-json\/wp\/v2\/users\/2"}],"replies":[{"embeddable":true,"href":"https:\/\/www.europesays.com\/fr\/wp-json\/wp\/v2\/comments?post=429934"}],"version-history":[{"count":0,"href":"https:\/\/www.europesays.com\/fr\/wp-json\/wp\/v2\/posts\/429934\/revisions"}],"wp:featuredmedia":[{"embeddable":true,"href":"https:\/\/www.europesays.com\/fr\/wp-json\/wp\/v2\/media\/429935"}],"wp:attachment":[{"href":"https:\/\/www.europesays.com\/fr\/wp-json\/wp\/v2\/media?parent=429934"}],"wp:term":[{"taxonomy":"category","embeddable":true,"href":"https:\/\/www.europesays.com\/fr\/wp-json\/wp\/v2\/categories?post=429934"},{"taxonomy":"post_tag","embeddable":true,"href":"https:\/\/www.europesays.com\/fr\/wp-json\/wp\/v2\/tags?post=429934"}],"curies":[{"name":"wp","href":"https:\/\/api.w.org\/{rel}","templated":true}]}}