{"id":429938,"date":"2025-10-01T01:22:14","date_gmt":"2025-10-01T01:22:14","guid":{"rendered":"https:\/\/www.europesays.com\/fr\/429938\/"},"modified":"2025-10-01T01:22:14","modified_gmt":"2025-10-01T01:22:14","slug":"gregory-doucet-gagne-le-soutien-de-raphael-glucksmann-pour-sa-campagne","status":"publish","type":"post","link":"https:\/\/www.europesays.com\/fr\/429938\/","title":{"rendered":"Gr\u00e9gory Doucet gagne le soutien de Rapha\u00ebl Glucksmann pour sa campagne"},"content":{"rendered":"<p>            Par<br \/>\n        <strong><br \/>\n            <a href=\"https:\/\/actu.fr\/auteur\/nicolas-zaugra\" title=\"Consulter tous les articles de Nicolas Zaugra\" target=\"_blank\" rel=\"noopener\">Nicolas Zaugra<\/a><br \/>\n        <\/strong><\/p>\n<p>        Publi\u00e9 le<\/p>\n<p>            30 sept. 2025 \u00e0 18h33        <\/p>\n<p>Le jeu des alliances continue \u00e0 <a href=\"https:\/\/actu.fr\/auvergne-rhone-alpes\/lyon_69123\" target=\"_blank\" rel=\"noopener\">Lyon<\/a> en vue des <strong>municipales 2026<\/strong>. Apr\u00e8s des annonces de soutiens \u00e0 droite et au centre derri\u00e8re <a href=\"https:\/\/actu.fr\/auvergne-rhone-alpes\/lyon_69123\/lyon-municipales-aulas-veut-verser-des-aides-et-promet-des-cheques-a-certains-lyonnais_63227192.html\" target=\"_blank\" rel=\"noopener\">Jean-Michel Aulas<\/a>, c\u2019est d\u00e9sormais au tour de <a href=\"https:\/\/actu.fr\/auvergne-rhone-alpes\/lyon_69123\/lyon-drapeau-de-palestine-hisse-sur-la-mairie-gregory-doucet-retoque-en-justice_63214039.html\" target=\"_blank\" rel=\"noopener\">Gr\u00e9gory Doucet<\/a> d\u2019engranger un premier ralliement en vue de sa campagne. Le maire \u00e9cologiste, qui vise un deuxi\u00e8me mandat, devrait se lancer d\u2019ici la fin de l\u2019ann\u00e9e. <br \/>Le parti <strong>Place Publique<\/strong> de <a href=\"https:\/\/actu.fr\/ile-de-france\/paris_75056\/municipales-a-paris-en-2026-raphael-glucksmann-assure-que-la-gauche-devra-compter-sur-place-publique_62168356.html\" target=\"_blank\" rel=\"noopener\">Rapha\u00ebl Glucksmann<\/a> d\u00e9clare se ranger derri\u00e8re les \u00e9cologistes avant une annonce du PS attendue en octobre. Les communistes devraient aussi suivre. La France insoumise, quant \u00e0 elle, va briser l\u2019union de la gauche et pr\u00e9senter des listes d\u00e8s le premier tour.<\/p>\n<p>\u00ab\u00a0Place Publique\u00a0\u00bb tend la main aux \u00e9cologistes<\/p>\n<p class=\" wall-content\">Le mouvement de Rapha\u00ebl Glucksmann, dont la liste est arriv\u00e9e en t\u00eate aux europ\u00e9ennes 2026 \u00e0 Lyon (18,80%) devant LFI et les \u00c9cologistes, a d\u00e9cid\u00e9 de \u00ab\u00a0tendre\u00a0\u00bb la main \u00e0 la majorit\u00e9 sortante de Gr\u00e9gory Doucet. Dans une lettre ouverte publi\u00e9e mardi 30 septembre, le parti assure : \u00ab\u00a0Nous ne souhaitons pas affaiblir la gauche en divisant l\u2019offre politique. En responsabilit\u00e9, nous pr\u00e9f\u00e9rons vous tendre la main pour travailler avec vous.\u00a0\u00bb\u00a0<\/p>\n<p class=\" wall-content\">Place Publique veut \u00ab\u00a0construire un projet et une \u00e9quipe solide autour d\u2019une vision partag\u00e9e\u00a0\u00bb face \u00e0 \u00ab\u00a0la d\u00e9ferlante populiste et d\u00e9magogique lanc\u00e9e par la candidature de Jean-Michel Aulas\u00a0\u00bb.<\/p>\n<p class=\" wall-content\">Les discussions doivent encore se poursuivre avec les \u00c9cologistes mais Gr\u00e9gory Doucet peut compter sur un soutien de plus. Des alliances d\u00e8s le premier tour avec le PS et le Parti communiste sont en bonne voie et doivent \u00eatre annonc\u00e9es prochainement.<\/p>\n<p class=\" wall-content\">Dans ce courrier public, le mouvement de gauche \u00e9crit :\u00a0<\/p>\n<blockquote class=\"ac-article-quote wall-content\">\n<p>Aujourd\u2019hui, avec le culot des d\u00e9magogues, Jean-Michel Aulas se revendique issu de la soci\u00e9t\u00e9 civile. Mais dans l\u2019ombre, on voit bien son conseiller sp\u00e9cial Laurent Wauquiez et toute la droite conservatrice. Quand le candidat Aulas pr\u00e9tend incarner le camp social d\u00e9mocrate, personne n\u2019est dupe. Mais cela ne vous dispense pas de vous adresser aux socio-d\u00e9mocrates sinc\u00e8res.<\/p>\n<p>    <strong>Place Publique aux \u00e9cologistes lyonnais<\/strong>\n            <\/p><\/blockquote>\n<p>Votre r\u00e9gion, votre actu !<\/p>\n<p>Recevez chaque jour les infos qui comptent pour vous.<\/p>\n<p>\t<a href=\"https:\/\/actu.fr\/newsletter\" class=\"ac-btn ac-btn--corner ac-btn--medium ac-btn--blue800\" target=\"_blank\" rel=\"noopener\">S&rsquo;incrire<\/a><br \/>\nLe camp Aulas crie \u00e0 l\u2019incoh\u00e9rence<\/p>\n<p class=\" wall-content\">Les r\u00e9actions dans les \u00e9quipes de Jean-Michel Aulas n\u2019ont pas tard\u00e9. Plusieurs soutiens d\u00e9noncent l\u2019incoh\u00e9rence de Place Publique de s\u2019allier avec Gr\u00e9gory Doucet qui pourrait ensuite travailler avec LFI. Les relations entre Rapha\u00ebl Glucksmann, le parti d\u2019extr\u00eame gauche et Jean-Luc M\u00e9lenchon se sont hautement d\u00e9grad\u00e9es ces derniers mois.\u00a0<\/p>\n<p class=\" wall-content\">\u00ab\u00a0\u00c0 Paris, Glucksmann affirme qu\u2019il n\u2019y aura pas d\u2019alliance avec LFI. \u00c0 Lyon, Place Publique s\u2019allie \u00e0 Gr\u00e9gory Doucet\u2026 qui assume un accord avec LFI au second tour. Les affirmations \u00e0 Paris ne fonctionnent pas \u00e0 Lyon. O\u00f9 est la coh\u00e9rence ?\u00a0\u00bb, d\u00e9nonce Franck L\u00e9vy.<\/p>\n<p class=\" wall-content\">\u00ab\u00a0Matin, midi, soir, Rapha\u00ebl Glucksmann jure : plus jamais LFI. Aux municipales 2026, Place Publique pactise avec les \u00e9colos pour retomber dans les bras de LFI en mars (au 1er ou 2nd tour, on verra !). Grandes le\u00e7ons \u00e0 Paris, petites compromissions \u00e0 Lyon\u00a0\u00bb, ajoute <a href=\"https:\/\/actu.fr\/auvergne-rhone-alpes\/lyon_69123\/lyon-thomas-rudigoz-se-lance-aux-municipales-on-va-defaire-la-zone-a-trafic-limite_62398189.html\" target=\"_blank\" rel=\"noopener\">Thomas Rudigoz<\/a> (Renaissance) sur X.<\/p>\n<p class=\" wall-content\">Du c\u00f4t\u00e9 d\u2019Edouard Hoffman, on se dit : \u00ab\u00a0D\u00e9\u00e7u de ce rapprochement car je pense que nous avons plus de choses \u00e0 partager et construire en commun avec Jean-Michel Aulas qu\u2019avec les \u00e9cologistes et leurs amis LFI (\u2026) La porte reste ouverte.\u00a0\u00bb\u00a0<\/p>\n<p class=\" wall-content\">Le soutien de Place Publique \u00e0 Gr\u00e9gory Doucet plut\u00f4t qu\u2019\u00e0 Jean-Michel Aulas apr\u00e8s la d\u00e9cision de Georges K\u00e9p\u00e9n\u00e9kian de partir seul rend la t\u00e2che plus difficile au nouveau candidat qui cherche des alli\u00e9s de centre gauche\u2026<\/p>\n<p class=\" wall-content\">Personnalisez votre actualit\u00e9 en ajoutant vos villes et m\u00e9dias en favori avec <a href=\"https:\/\/moncompte.actu.fr\" title=\"D\u00e9couvez Mon Actu\" rel=\"nofollow noopener\" data-trk=\"{&quot;cta&quot;:{&quot;action&quot;:&quot;https:\\\/\\\/moncompte.actu.fr&quot;,&quot;category&quot;:&quot;mon compte&quot;,&quot;from&quot;:&quot;article footer&quot;,&quot;name&quot;:&quot;Mon actu&quot;,&quot;type&quot;:&quot;cta&quot;}}\" target=\"_blank\">Mon Actu<\/a>.<\/p>\n","protected":false},"excerpt":{"rendered":"Par Nicolas Zaugra Publi\u00e9 le 30 sept. 2025 \u00e0 18h33 Le jeu des alliances continue \u00e0 Lyon en&hellip;\n","protected":false},"author":2,"featured_media":429939,"comment_status":"","ping_status":"","sticky":false,"template":"","format":"standard","meta":{"footnotes":""},"categories":[1889],"tags":[1111,11,2430,4188,1777,674,7430,1011,27,5226,2428,3434,12,316,25],"class_list":{"0":"post-429938","1":"post","2":"type-post","3":"status-publish","4":"format-standard","5":"has-post-thumbnail","7":"category-lyon","8":"tag-actu","9":"tag-actualites","10":"tag-auvergne-rhone-alpes","11":"tag-elections-municipales","12":"tag-eu","13":"tag-europe","14":"tag-europe-ecologie-les-verts-eelv","15":"tag-fr","16":"tag-france","17":"tag-gregory-doucet","18":"tag-lyon","19":"tag-municipales-2026","20":"tag-news","21":"tag-politique","22":"tag-republique-francaise"},"share_on_mastodon":{"url":"https:\/\/pubeurope.com\/@fr\/115296295026480920","error":""},"_links":{"self":[{"href":"https:\/\/www.europesays.com\/fr\/wp-json\/wp\/v2\/posts\/429938","targetHints":{"allow":["GET"]}}],"collection":[{"href":"https:\/\/www.europesays.com\/fr\/wp-json\/wp\/v2\/posts"}],"about":[{"href":"https:\/\/www.europesays.com\/fr\/wp-json\/wp\/v2\/types\/post"}],"author":[{"embeddable":true,"href":"https:\/\/www.europesays.com\/fr\/wp-json\/wp\/v2\/users\/2"}],"replies":[{"embeddable":true,"href":"https:\/\/www.europesays.com\/fr\/wp-json\/wp\/v2\/comments?post=429938"}],"version-history":[{"count":0,"href":"https:\/\/www.europesays.com\/fr\/wp-json\/wp\/v2\/posts\/429938\/revisions"}],"wp:featuredmedia":[{"embeddable":true,"href":"https:\/\/www.europesays.com\/fr\/wp-json\/wp\/v2\/media\/429939"}],"wp:attachment":[{"href":"https:\/\/www.europesays.com\/fr\/wp-json\/wp\/v2\/media?parent=429938"}],"wp:term":[{"taxonomy":"category","embeddable":true,"href":"https:\/\/www.europesays.com\/fr\/wp-json\/wp\/v2\/categories?post=429938"},{"taxonomy":"post_tag","embeddable":true,"href":"https:\/\/www.europesays.com\/fr\/wp-json\/wp\/v2\/tags?post=429938"}],"curies":[{"name":"wp","href":"https:\/\/api.w.org\/{rel}","templated":true}]}}